{"id":955,"date":"2021-03-14T12:25:00","date_gmt":"2021-03-14T11:25:00","guid":{"rendered":"https:\/\/kineoweb.fr\/kineoblog\/?p=955"},"modified":"2021-03-14T11:44:07","modified_gmt":"2021-03-14T10:44:07","slug":"symptomes-et-causes-de-la-cervicalgie","status":"publish","type":"post","link":"https:\/\/kineoweb.fr\/kineoblog\/symptomes-et-causes-de-la-cervicalgie\/","title":{"rendered":"Sympt\u00f4mes et causes de la cervicalgie"},"content":{"rendered":"<p>[et_pb_section fb_built=\u00a0\u00bb1&Prime; admin_label=\u00a0\u00bbsection\u00a0\u00bb _builder_version=\u00a0\u00bb3.22&Prime;][et_pb_row admin_label=\u00a0\u00bbrow\u00a0\u00bb _builder_version=\u00a0\u00bb3.25&Prime; background_size=\u00a0\u00bbinitial\u00a0\u00bb background_position=\u00a0\u00bbtop_left\u00a0\u00bb background_repeat=\u00a0\u00bbrepeat\u00a0\u00bb][et_pb_column type=\u00a0\u00bb4_4&Prime; _builder_version=\u00a0\u00bb3.25&Prime; custom_padding=\u00a0\u00bb|||\u00a0\u00bb custom_padding__hover=\u00a0\u00bb|||\u00a0\u00bb][et_pb_text admin_label=\u00a0\u00bbTexte\u00a0\u00bb _builder_version=\u00a0\u00bb4.9.1&Prime; background_size=\u00a0\u00bbinitial\u00a0\u00bb background_position=\u00a0\u00bbtop_left\u00a0\u00bb background_repeat=\u00a0\u00bbrepeat\u00a0\u00bb use_border_color=\u00a0\u00bboff\u00a0\u00bb border_color=\u00a0\u00bb#ffffff\u00a0\u00bb border_style=\u00a0\u00bbsolid\u00a0\u00bb]<\/p>\n<p>La cervicalgie se caract\u00e9rise g\u00e9n\u00e9ralement par une douleur au niveau du cou. Chaque ann\u00e9e, entre 30% et 50% de la population fran\u00e7aise souffre de douleur cervicale. C\u2019est le deuxi\u00e8me sympt\u00f4me rachidien le plus fr\u00e9quent apr\u00e8s <a href=\"https:\/\/kineoweb.fr\/kineoblog\/mal-de-dos-comment-prevenir-la-lombalgie\/\" target=\"_blank\" rel=\"noopener noreferrer\">les lombalgies<\/a>. Celle-ci dispara\u00eet g\u00e9n\u00e9ralement en quelques jours ou quelques semaines, on parle alors de cervicalgie aigu\u00eb. Cependant, dans certains cas, elle peut durer plus de 6 mois, on parle alors de cervicalgie chronique.<\/p>\n<p>Les cervicales sont un v\u00e9ritable pont entre la t\u00eate et le thorax. Les 7 vert\u00e8bres qui le composent sont tr\u00e8s mobiles et entour\u00e9es de muscles, nerfs, ligaments, tendons\u2026 Cette r\u00e9gion est sollicit\u00e9e en permanence. Les origines et les sympt\u00f4mes sont donc tr\u00e8s vari\u00e9s.<\/p>\n<h2>Sympt\u00f4mes de la cervicalgie<\/h2>\n<p>Le sympt\u00f4me le plus \u00e9vident et commun de la cervicalgie est une douleur pr\u00e9sente \u00e0 l\u2019arri\u00e8re du cou. Si cette douleur se diffuse vers le bras ou l\u2019\u00e9paule on parlera alors de n\u00e9vralgie cervico-brachiale. Si la douleur diffuse vers le bas du cr\u00e2ne (occiput) on parle alors de n\u00e9vralgie d\u2019Arnold. Les n\u00e9vralgies se ressentent g\u00e9n\u00e9ralement d\u2019un c\u00f4t\u00e9 du cou.<\/p>\n<p>Cependant dans certains cas il n\u2019y a pas de douleur cervicale mais une simple g\u00eane qui passe parfois inaper\u00e7ue. Ce sont d\u2019autres sympt\u00f4mes qui alertent sur un probl\u00e8me au niveau des cervicales:<\/p>\n<ul>\n<li>Maux de t\u00eate<\/li>\n<li>Sensation de vertige<\/li>\n<li>Augmentation de la fatigabilit\u00e9<\/li>\n<li>Troubles visuels<\/li>\n<li>Troubles auditifs<\/li>\n<li>Troubles de la concentration, du sommeil, de la m\u00e9moire\u2026<\/li>\n<\/ul>\n<p>Les 3 derniers troubles sont g\u00e9n\u00e9ralement li\u00e9s \u00e0 un contexte traumatique. Ils peuvent appara\u00eetre plus tard apr\u00e8s l\u2019accident.<\/p>\n<p>[\/et_pb_text][\/et_pb_column][\/et_pb_row][et_pb_row admin_label=\u00a0\u00bbLigne\u00a0\u00bb module_class=\u00a0\u00bb et_pb_row_fullwidth\u00a0\u00bb _builder_version=\u00a0\u00bb3.25&Prime; background_size=\u00a0\u00bbinitial\u00a0\u00bb background_position=\u00a0\u00bbtop_left\u00a0\u00bb background_repeat=\u00a0\u00bbrepeat\u00a0\u00bb width=\u00a0\u00bb89%\u00a0\u00bb width_tablet=\u00a0\u00bb80%\u00a0\u00bb width_phone=\u00a0\u00bb\u00a0\u00bb width_last_edited=\u00a0\u00bbon|desktop\u00a0\u00bb max_width=\u00a0\u00bb89%\u00a0\u00bb max_width_tablet=\u00a0\u00bb80%\u00a0\u00bb max_width_phone=\u00a0\u00bb\u00a0\u00bb max_width_last_edited=\u00a0\u00bbon|desktop\u00a0\u00bb make_fullwidth=\u00a0\u00bbon\u00a0\u00bb][et_pb_column type=\u00a0\u00bb4_4&Prime; _builder_version=\u00a0\u00bb3.25&Prime; custom_padding=\u00a0\u00bb|||\u00a0\u00bb custom_padding__hover=\u00a0\u00bb|||\u00a0\u00bb][et_pb_image src=\u00a0\u00bbhttps:\/\/kineoweb.fr\/kineoblog\/wp-content\/uploads\/sites\/2\/2020\/12\/baniere-paysage.png\u00a0\u00bb alt=\u00a0\u00bbSite web agenda kin\u00e9\u00a0\u00bb title_text=\u00a0\u00bbbaniere paysage\u00a0\u00bb url=\u00a0\u00bbhttps:\/\/kineoweb.fr\/notre-offre\/\u00a0\u00bb url_new_window=\u00a0\u00bbon\u00a0\u00bb force_fullwidth=\u00a0\u00bbon\u00a0\u00bb align_tablet=\u00a0\u00bbcenter\u00a0\u00bb align_phone=\u00a0\u00bb\u00a0\u00bb align_last_edited=\u00a0\u00bbon|desktop\u00a0\u00bb admin_label=\u00a0\u00bbImage\u00a0\u00bb _builder_version=\u00a0\u00bb4.5.8&Prime; use_border_color=\u00a0\u00bboff\u00a0\u00bb border_color=\u00a0\u00bb#ffffff\u00a0\u00bb border_style=\u00a0\u00bbsolid\u00a0\u00bb animation=\u00a0\u00bboff\u00a0\u00bb sticky=\u00a0\u00bboff\u00a0\u00bb][\/et_pb_image][\/et_pb_column][\/et_pb_row][et_pb_row admin_label=\u00a0\u00bbLigne\u00a0\u00bb _builder_version=\u00a0\u00bb3.25&Prime; background_size=\u00a0\u00bbinitial\u00a0\u00bb background_position=\u00a0\u00bbtop_left\u00a0\u00bb background_repeat=\u00a0\u00bbrepeat\u00a0\u00bb][et_pb_column type=\u00a0\u00bb4_4&Prime; _builder_version=\u00a0\u00bb3.25&Prime; custom_padding=\u00a0\u00bb|||\u00a0\u00bb custom_padding__hover=\u00a0\u00bb|||\u00a0\u00bb][et_pb_text admin_label=\u00a0\u00bbTexte\u00a0\u00bb _builder_version=\u00a0\u00bb4.9.2&Prime; background_size=\u00a0\u00bbinitial\u00a0\u00bb background_position=\u00a0\u00bbtop_left\u00a0\u00bb background_repeat=\u00a0\u00bbrepeat\u00a0\u00bb use_border_color=\u00a0\u00bboff\u00a0\u00bb border_color=\u00a0\u00bb#ffffff\u00a0\u00bb border_style=\u00a0\u00bbsolid\u00a0\u00bb]<\/p>\n<h2>Les origines de la cervicalgie<\/h2>\n<p>Sur le <a href=\"https:\/\/www.ameli.fr\/assure\/sante\/themes\/cervicalgie\/definition-symptomes-causes\" target=\"_blank\" rel=\"noopener noreferrer\">site de l\u2019Assurance Maladie<\/a> 3 origines principales sont diff\u00e9renci\u00e9es :<\/p>\n<h3>Les cervicalgies communes ou non-sp\u00e9cifiques<\/h3>\n<p>Elles sont souvent dues \u00e0 une activit\u00e9 gestuelle et posturale ou\/et \u00e0 un contexte psychosocial. C\u2019est un <a href=\"http:\/\/www.centres-antipoison.net\/paris\/mfw\/2017\/MFW_20170926_A_Petit_Cervicalgies_en_milieu_professionnel.pdf\" target=\"_blank\" rel=\"noopener noreferrer\">trouble musculosquelettique (TMS) souvent li\u00e9 \u00e0 l\u2019activit\u00e9 professionnelle<\/a>.<\/p>\n<p>Le risque principal est que le lien entre la cervicalgie et son contexte s\u2019entretiennent mutuellement. Les relations entre sollicitations biom\u00e9caniques, stress, facteurs psychosociaux, organisation du travail, \u00e9quation personnelle et les TMS sont bi-directionnelles. Pour sortir de cette spirale, un soutien pluridisciplinaire peut \u00eatre n\u00e9cessaire.<\/p>\n<h3>Les cervicalgies traumatiques et post-traumatique<\/h3>\n<p>Les cervicalgies traumatiques sont heureusement assez rares. Elles r\u00e9v\u00e8lent une entorse grave, une fracture voire un h\u00e9matome rachidien. La prise en charge est particuli\u00e8rement d\u00e9licate car les risques de cons\u00e9quences graves sont accrus.<\/p>\n<p>Les douleurs cervicales post-traumatiques sont \u00e9galement appel\u00e9es <a href=\"http:\/\/www.eurokine.be\/eurokine\/select\/gppj\/gp07104.htm\" target=\"_blank\" rel=\"noopener noreferrer\">traumatisme cervical par m\u00e9canisme d&rsquo;acc\u00e9l\u00e9ration et d\u00e9c\u00e9l\u00e9ration (TAD)<\/a>. Plus simplement connu sous le nom de \u201ccoup du lapin\u201d. Ces douleurs apparaissent souvent dans les jours ou les semaines suivant le traumatisme initial. Elles peuvent durer plusieurs mois et peuvent \u00eatre associ\u00e9es \u00e0 d\u2019autres troubles. Ce sont par exemple des sensations pseudo-vertigineuses, des \u00e9tourdissements, des troubles proprioceptifs (Schmitt, 2003) , des troubles visuels, des troubles auditifs avec sensibilit\u00e9 exag\u00e9r\u00e9e au bruit, divers troubles de la concentration, de la m\u00e9moire et du sommeil.<\/p>\n<h3>Les cervicalgies symptomatiques.<\/h3>\n<p>Relativement rares, les <a href=\"https:\/\/www.medisite.fr\/douleur-musculaire-cervicalgie-symptomes-complications-traitements.5567614.714192.html\" target=\"_blank\" rel=\"noopener noreferrer\">cervicalgies symptomatiques<\/a> sont li\u00e9es \u00e0 une maladie locale ou g\u00e9n\u00e9rale. Parmis ces maladies on retrouve g\u00e9n\u00e9ralement:<\/p>\n<ul>\n<li><a href=\"https:\/\/kineoweb.fr\/kineoblog\/arthrose\/\" target=\"_blank\" rel=\"noopener noreferrer\">L\u2019arthrose<\/a> (on parle alors de cervicarthrose)<\/li>\n<li>L\u2019ost\u00e9oporose qui favorise les douleurs osseuses<\/li>\n<li>Un cancer (une tumeur vert\u00e9brale, la maladie de Khaler) ou des m\u00e9tastases d\u2019un cancer.<\/li>\n<li>Une spondylodiscite d\u2019origine infectieuse (tuberculose (maladie de Pott) ou li\u00e9e \u00e0 d\u2019autres bact\u00e9ries : staphylocoque, streptocoque pyog\u00e8ne, brucellose\u2026), rhumatismale inflammatoire (polyarthrite rhumato\u00efde, spondylarthrite ankylosante\u2026).<\/li>\n<\/ul>\n<h2>En conclusion<\/h2>\n<p>Les cervicalgies d\u00e9pendent de nombreux facteurs et les traitements seront adapt\u00e9s \u00e0 l\u2019origine des douleurs cervicales. La prise d\u2019anti-inflammatoires sur le long terme est contre-indiqu\u00e9e en autom\u00e9dication.<\/p>\n<p>Il est \u00e9galement possible de pr\u00e9venir l\u2019apparition de douleurs cervicales ou de les att\u00e9nuer de mani\u00e8re naturelle. Il est cependant toujours pr\u00e9f\u00e9rable de consulter un m\u00e9decin qui vous orientera vers les professionnels de sant\u00e9 adapt\u00e9s \u00e0 votre situation particuli\u00e8re.<\/p>\n<p>[\/et_pb_text][\/et_pb_column][\/et_pb_row][\/et_pb_section]<\/p>\n","protected":false},"excerpt":{"rendered":"<p>La cervicalgie se caract\u00e9rise g\u00e9n\u00e9ralement par une douleur au niveau du cou. Chaque ann\u00e9e, entre 30% et 50% de la population fran\u00e7aise souffre de douleur cervicale. C\u2019est le deuxi\u00e8me sympt\u00f4me rachidien le plus fr\u00e9quent apr\u00e8s les lombalgies. Celle-ci dispara\u00eet g\u00e9n\u00e9ralement en quelques jours ou quelques semaines, on parle alors de cervicalgie aigu\u00eb. Cependant, dans certains [&hellip;]<\/p>\n","protected":false},"author":1,"featured_media":956,"comment_status":"open","ping_status":"open","sticky":false,"template":"","format":"standard","meta":{"_et_pb_use_builder":"on","_et_pb_old_content":"","_et_gb_content_width":"","_monsterinsights_skip_tracking":false,"_monsterinsights_sitenote_active":false,"_monsterinsights_sitenote_note":"","_monsterinsights_sitenote_category":0,"_jetpack_memberships_contains_paid_content":false,"footnotes":""},"categories":[3],"tags":[],"class_list":["post-955","post","type-post","status-publish","format-standard","has-post-thumbnail","hentry","category-prevention"],"yoast_head":"<!-- This site is optimized with the Yoast SEO plugin v27.4 - https:\/\/yoast.com\/product\/yoast-seo-wordpress\/ -->\n<title>Sympt\u00f4mes et causes de la cervicalgie - Kin\u00e9Oblog<\/title>\n<meta name=\"description\" content=\"D\u00e9couvrez ici les sympt\u00f4mes et les causes de la cervicalgie. Souvent multi-factorielle, la douleur douleur cervical touche 1\/3 des fran\u00e7ais.\" \/>\n<meta name=\"robots\" content=\"index, follow, max-snippet:-1, max-image-preview:large, max-video-preview:-1\" \/>\n<link rel=\"canonical\" href=\"https:\/\/kineoweb.fr\/kineoblog\/symptomes-et-causes-de-la-cervicalgie\/\" \/>\n<meta property=\"og:locale\" content=\"fr_FR\" \/>\n<meta property=\"og:type\" content=\"article\" \/>\n<meta property=\"og:title\" content=\"Sympt\u00f4mes et causes de la cervicalgie - Kin\u00e9Oblog\" \/>\n<meta property=\"og:description\" content=\"D\u00e9couvrez ici les sympt\u00f4mes et les causes de la cervicalgie. Souvent multi-factorielle, la douleur douleur cervical touche 1\/3 des fran\u00e7ais.\" \/>\n<meta property=\"og:url\" content=\"https:\/\/kineoweb.fr\/kineoblog\/symptomes-et-causes-de-la-cervicalgie\/\" \/>\n<meta property=\"og:site_name\" content=\"Kin\u00e9Oblog\" \/>\n<meta property=\"article:publisher\" content=\"https:\/\/www.facebook.com\/Kin%c3%a9Oweb-1551479311825491\/?ref=aymt_homepage_panel\" \/>\n<meta property=\"article:published_time\" content=\"2021-03-14T11:25:00+00:00\" \/>\n<meta property=\"og:image\" content=\"https:\/\/kineoweb.fr\/kineoblog\/wp-content\/uploads\/sites\/2\/2021\/03\/Cervicalgie-scaled.jpg\" \/>\n\t<meta property=\"og:image:width\" content=\"2560\" \/>\n\t<meta property=\"og:image:height\" content=\"1707\" \/>\n\t<meta property=\"og:image:type\" content=\"image\/jpeg\" \/>\n<meta name=\"author\" content=\"kineoweb\" \/>\n<meta name=\"twitter:card\" content=\"summary_large_image\" \/>\n<meta name=\"twitter:label1\" content=\"\u00c9crit par\" \/>\n\t<meta name=\"twitter:data1\" content=\"kineoweb\" \/>\n<script type=\"application\/ld+json\" class=\"yoast-schema-graph\">{\"@context\":\"https:\\\/\\\/schema.org\",\"@graph\":[{\"@type\":\"Article\",\"@id\":\"https:\\\/\\\/kineoweb.fr\\\/kineoblog\\\/symptomes-et-causes-de-la-cervicalgie\\\/#article\",\"isPartOf\":{\"@id\":\"https:\\\/\\\/kineoweb.fr\\\/kineoblog\\\/symptomes-et-causes-de-la-cervicalgie\\\/\"},\"author\":{\"name\":\"kineoweb\",\"@id\":\"https:\\\/\\\/kineoweb.fr\\\/kineoblog\\\/#\\\/schema\\\/person\\\/276328f3f20d571a6313a40a82bab4ea\"},\"headline\":\"Sympt\u00f4mes et causes de la cervicalgie\",\"datePublished\":\"2021-03-14T11:25:00+00:00\",\"mainEntityOfPage\":{\"@id\":\"https:\\\/\\\/kineoweb.fr\\\/kineoblog\\\/symptomes-et-causes-de-la-cervicalgie\\\/\"},\"wordCount\":984,\"commentCount\":1,\"image\":{\"@id\":\"https:\\\/\\\/kineoweb.fr\\\/kineoblog\\\/symptomes-et-causes-de-la-cervicalgie\\\/#primaryimage\"},\"thumbnailUrl\":\"https:\\\/\\\/i0.wp.com\\\/kineoweb.fr\\\/kineoblog\\\/wp-content\\\/uploads\\\/sites\\\/2\\\/2021\\\/03\\\/Cervicalgie-scaled.jpg?fit=2560%2C1707&ssl=1\",\"articleSection\":[\"Pr\u00e9vention\"],\"inLanguage\":\"fr-FR\",\"potentialAction\":[{\"@type\":\"CommentAction\",\"name\":\"Comment\",\"target\":[\"https:\\\/\\\/kineoweb.fr\\\/kineoblog\\\/symptomes-et-causes-de-la-cervicalgie\\\/#respond\"]}]},{\"@type\":\"WebPage\",\"@id\":\"https:\\\/\\\/kineoweb.fr\\\/kineoblog\\\/symptomes-et-causes-de-la-cervicalgie\\\/\",\"url\":\"https:\\\/\\\/kineoweb.fr\\\/kineoblog\\\/symptomes-et-causes-de-la-cervicalgie\\\/\",\"name\":\"Sympt\u00f4mes et causes de la cervicalgie - Kin\u00e9Oblog\",\"isPartOf\":{\"@id\":\"https:\\\/\\\/kineoweb.fr\\\/kineoblog\\\/#website\"},\"primaryImageOfPage\":{\"@id\":\"https:\\\/\\\/kineoweb.fr\\\/kineoblog\\\/symptomes-et-causes-de-la-cervicalgie\\\/#primaryimage\"},\"image\":{\"@id\":\"https:\\\/\\\/kineoweb.fr\\\/kineoblog\\\/symptomes-et-causes-de-la-cervicalgie\\\/#primaryimage\"},\"thumbnailUrl\":\"https:\\\/\\\/i0.wp.com\\\/kineoweb.fr\\\/kineoblog\\\/wp-content\\\/uploads\\\/sites\\\/2\\\/2021\\\/03\\\/Cervicalgie-scaled.jpg?fit=2560%2C1707&ssl=1\",\"datePublished\":\"2021-03-14T11:25:00+00:00\",\"author\":{\"@id\":\"https:\\\/\\\/kineoweb.fr\\\/kineoblog\\\/#\\\/schema\\\/person\\\/276328f3f20d571a6313a40a82bab4ea\"},\"description\":\"D\u00e9couvrez ici les sympt\u00f4mes et les causes de la cervicalgie. Souvent multi-factorielle, la douleur douleur cervical touche 1\\\/3 des fran\u00e7ais.\",\"breadcrumb\":{\"@id\":\"https:\\\/\\\/kineoweb.fr\\\/kineoblog\\\/symptomes-et-causes-de-la-cervicalgie\\\/#breadcrumb\"},\"inLanguage\":\"fr-FR\",\"potentialAction\":[{\"@type\":\"ReadAction\",\"target\":[\"https:\\\/\\\/kineoweb.fr\\\/kineoblog\\\/symptomes-et-causes-de-la-cervicalgie\\\/\"]}]},{\"@type\":\"ImageObject\",\"inLanguage\":\"fr-FR\",\"@id\":\"https:\\\/\\\/kineoweb.fr\\\/kineoblog\\\/symptomes-et-causes-de-la-cervicalgie\\\/#primaryimage\",\"url\":\"https:\\\/\\\/i0.wp.com\\\/kineoweb.fr\\\/kineoblog\\\/wp-content\\\/uploads\\\/sites\\\/2\\\/2021\\\/03\\\/Cervicalgie-scaled.jpg?fit=2560%2C1707&ssl=1\",\"contentUrl\":\"https:\\\/\\\/i0.wp.com\\\/kineoweb.fr\\\/kineoblog\\\/wp-content\\\/uploads\\\/sites\\\/2\\\/2021\\\/03\\\/Cervicalgie-scaled.jpg?fit=2560%2C1707&ssl=1\",\"width\":2560,\"height\":1707,\"caption\":\"Cervicalgie et douleurs cervicale\"},{\"@type\":\"BreadcrumbList\",\"@id\":\"https:\\\/\\\/kineoweb.fr\\\/kineoblog\\\/symptomes-et-causes-de-la-cervicalgie\\\/#breadcrumb\",\"itemListElement\":[{\"@type\":\"ListItem\",\"position\":1,\"name\":\"Accueil\",\"item\":\"https:\\\/\\\/kineoweb.fr\\\/kineoblog\\\/\"},{\"@type\":\"ListItem\",\"position\":2,\"name\":\"Sympt\u00f4mes et causes de la cervicalgie\"}]},{\"@type\":\"WebSite\",\"@id\":\"https:\\\/\\\/kineoweb.fr\\\/kineoblog\\\/#website\",\"url\":\"https:\\\/\\\/kineoweb.fr\\\/kineoblog\\\/\",\"name\":\"Kin\u00e9Oblog\",\"description\":\"Conseils et informations pour les Kin\u00e9s et Ost\u00e9os\",\"potentialAction\":[{\"@type\":\"SearchAction\",\"target\":{\"@type\":\"EntryPoint\",\"urlTemplate\":\"https:\\\/\\\/kineoweb.fr\\\/kineoblog\\\/?s={search_term_string}\"},\"query-input\":{\"@type\":\"PropertyValueSpecification\",\"valueRequired\":true,\"valueName\":\"search_term_string\"}}],\"inLanguage\":\"fr-FR\"},{\"@type\":\"Person\",\"@id\":\"https:\\\/\\\/kineoweb.fr\\\/kineoblog\\\/#\\\/schema\\\/person\\\/276328f3f20d571a6313a40a82bab4ea\",\"name\":\"kineoweb\",\"image\":{\"@type\":\"ImageObject\",\"inLanguage\":\"fr-FR\",\"@id\":\"https:\\\/\\\/secure.gravatar.com\\\/avatar\\\/63966abb47ac008849350af90453384a20b61d9f1b4cc0fc20b34cdd2c666586?s=96&d=mm&r=g\",\"url\":\"https:\\\/\\\/secure.gravatar.com\\\/avatar\\\/63966abb47ac008849350af90453384a20b61d9f1b4cc0fc20b34cdd2c666586?s=96&d=mm&r=g\",\"contentUrl\":\"https:\\\/\\\/secure.gravatar.com\\\/avatar\\\/63966abb47ac008849350af90453384a20b61d9f1b4cc0fc20b34cdd2c666586?s=96&d=mm&r=g\",\"caption\":\"kineoweb\"},\"url\":\"https:\\\/\\\/kineoweb.fr\\\/kineoblog\\\/author\\\/kineoweb\\\/\"}]}<\/script>\n<!-- \/ Yoast SEO plugin. -->","yoast_head_json":{"title":"Sympt\u00f4mes et causes de la cervicalgie - Kin\u00e9Oblog","description":"D\u00e9couvrez ici les sympt\u00f4mes et les causes de la cervicalgie. Souvent multi-factorielle, la douleur douleur cervical touche 1\/3 des fran\u00e7ais.","robots":{"index":"index","follow":"follow","max-snippet":"max-snippet:-1","max-image-preview":"max-image-preview:large","max-video-preview":"max-video-preview:-1"},"canonical":"https:\/\/kineoweb.fr\/kineoblog\/symptomes-et-causes-de-la-cervicalgie\/","og_locale":"fr_FR","og_type":"article","og_title":"Sympt\u00f4mes et causes de la cervicalgie - Kin\u00e9Oblog","og_description":"D\u00e9couvrez ici les sympt\u00f4mes et les causes de la cervicalgie. Souvent multi-factorielle, la douleur douleur cervical touche 1\/3 des fran\u00e7ais.","og_url":"https:\/\/kineoweb.fr\/kineoblog\/symptomes-et-causes-de-la-cervicalgie\/","og_site_name":"Kin\u00e9Oblog","article_publisher":"https:\/\/www.facebook.com\/Kin%c3%a9Oweb-1551479311825491\/?ref=aymt_homepage_panel","article_published_time":"2021-03-14T11:25:00+00:00","og_image":[{"width":2560,"height":1707,"url":"https:\/\/kineoweb.fr\/kineoblog\/wp-content\/uploads\/sites\/2\/2021\/03\/Cervicalgie-scaled.jpg","type":"image\/jpeg"}],"author":"kineoweb","twitter_card":"summary_large_image","twitter_misc":{"\u00c9crit par":"kineoweb"},"schema":{"@context":"https:\/\/schema.org","@graph":[{"@type":"Article","@id":"https:\/\/kineoweb.fr\/kineoblog\/symptomes-et-causes-de-la-cervicalgie\/#article","isPartOf":{"@id":"https:\/\/kineoweb.fr\/kineoblog\/symptomes-et-causes-de-la-cervicalgie\/"},"author":{"name":"kineoweb","@id":"https:\/\/kineoweb.fr\/kineoblog\/#\/schema\/person\/276328f3f20d571a6313a40a82bab4ea"},"headline":"Sympt\u00f4mes et causes de la cervicalgie","datePublished":"2021-03-14T11:25:00+00:00","mainEntityOfPage":{"@id":"https:\/\/kineoweb.fr\/kineoblog\/symptomes-et-causes-de-la-cervicalgie\/"},"wordCount":984,"commentCount":1,"image":{"@id":"https:\/\/kineoweb.fr\/kineoblog\/symptomes-et-causes-de-la-cervicalgie\/#primaryimage"},"thumbnailUrl":"https:\/\/i0.wp.com\/kineoweb.fr\/kineoblog\/wp-content\/uploads\/sites\/2\/2021\/03\/Cervicalgie-scaled.jpg?fit=2560%2C1707&ssl=1","articleSection":["Pr\u00e9vention"],"inLanguage":"fr-FR","potentialAction":[{"@type":"CommentAction","name":"Comment","target":["https:\/\/kineoweb.fr\/kineoblog\/symptomes-et-causes-de-la-cervicalgie\/#respond"]}]},{"@type":"WebPage","@id":"https:\/\/kineoweb.fr\/kineoblog\/symptomes-et-causes-de-la-cervicalgie\/","url":"https:\/\/kineoweb.fr\/kineoblog\/symptomes-et-causes-de-la-cervicalgie\/","name":"Sympt\u00f4mes et causes de la cervicalgie - Kin\u00e9Oblog","isPartOf":{"@id":"https:\/\/kineoweb.fr\/kineoblog\/#website"},"primaryImageOfPage":{"@id":"https:\/\/kineoweb.fr\/kineoblog\/symptomes-et-causes-de-la-cervicalgie\/#primaryimage"},"image":{"@id":"https:\/\/kineoweb.fr\/kineoblog\/symptomes-et-causes-de-la-cervicalgie\/#primaryimage"},"thumbnailUrl":"https:\/\/i0.wp.com\/kineoweb.fr\/kineoblog\/wp-content\/uploads\/sites\/2\/2021\/03\/Cervicalgie-scaled.jpg?fit=2560%2C1707&ssl=1","datePublished":"2021-03-14T11:25:00+00:00","author":{"@id":"https:\/\/kineoweb.fr\/kineoblog\/#\/schema\/person\/276328f3f20d571a6313a40a82bab4ea"},"description":"D\u00e9couvrez ici les sympt\u00f4mes et les causes de la cervicalgie. Souvent multi-factorielle, la douleur douleur cervical touche 1\/3 des fran\u00e7ais.","breadcrumb":{"@id":"https:\/\/kineoweb.fr\/kineoblog\/symptomes-et-causes-de-la-cervicalgie\/#breadcrumb"},"inLanguage":"fr-FR","potentialAction":[{"@type":"ReadAction","target":["https:\/\/kineoweb.fr\/kineoblog\/symptomes-et-causes-de-la-cervicalgie\/"]}]},{"@type":"ImageObject","inLanguage":"fr-FR","@id":"https:\/\/kineoweb.fr\/kineoblog\/symptomes-et-causes-de-la-cervicalgie\/#primaryimage","url":"https:\/\/i0.wp.com\/kineoweb.fr\/kineoblog\/wp-content\/uploads\/sites\/2\/2021\/03\/Cervicalgie-scaled.jpg?fit=2560%2C1707&ssl=1","contentUrl":"https:\/\/i0.wp.com\/kineoweb.fr\/kineoblog\/wp-content\/uploads\/sites\/2\/2021\/03\/Cervicalgie-scaled.jpg?fit=2560%2C1707&ssl=1","width":2560,"height":1707,"caption":"Cervicalgie et douleurs cervicale"},{"@type":"BreadcrumbList","@id":"https:\/\/kineoweb.fr\/kineoblog\/symptomes-et-causes-de-la-cervicalgie\/#breadcrumb","itemListElement":[{"@type":"ListItem","position":1,"name":"Accueil","item":"https:\/\/kineoweb.fr\/kineoblog\/"},{"@type":"ListItem","position":2,"name":"Sympt\u00f4mes et causes de la cervicalgie"}]},{"@type":"WebSite","@id":"https:\/\/kineoweb.fr\/kineoblog\/#website","url":"https:\/\/kineoweb.fr\/kineoblog\/","name":"Kin\u00e9Oblog","description":"Conseils et informations pour les Kin\u00e9s et Ost\u00e9os","potentialAction":[{"@type":"SearchAction","target":{"@type":"EntryPoint","urlTemplate":"https:\/\/kineoweb.fr\/kineoblog\/?s={search_term_string}"},"query-input":{"@type":"PropertyValueSpecification","valueRequired":true,"valueName":"search_term_string"}}],"inLanguage":"fr-FR"},{"@type":"Person","@id":"https:\/\/kineoweb.fr\/kineoblog\/#\/schema\/person\/276328f3f20d571a6313a40a82bab4ea","name":"kineoweb","image":{"@type":"ImageObject","inLanguage":"fr-FR","@id":"https:\/\/secure.gravatar.com\/avatar\/63966abb47ac008849350af90453384a20b61d9f1b4cc0fc20b34cdd2c666586?s=96&d=mm&r=g","url":"https:\/\/secure.gravatar.com\/avatar\/63966abb47ac008849350af90453384a20b61d9f1b4cc0fc20b34cdd2c666586?s=96&d=mm&r=g","contentUrl":"https:\/\/secure.gravatar.com\/avatar\/63966abb47ac008849350af90453384a20b61d9f1b4cc0fc20b34cdd2c666586?s=96&d=mm&r=g","caption":"kineoweb"},"url":"https:\/\/kineoweb.fr\/kineoblog\/author\/kineoweb\/"}]}},"jetpack_featured_media_url":"https:\/\/i0.wp.com\/kineoweb.fr\/kineoblog\/wp-content\/uploads\/sites\/2\/2021\/03\/Cervicalgie-scaled.jpg?fit=2560%2C1707&ssl=1","jetpack_sharing_enabled":true,"_links":{"self":[{"href":"https:\/\/kineoweb.fr\/kineoblog\/wp-json\/wp\/v2\/posts\/955","targetHints":{"allow":["GET"]}}],"collection":[{"href":"https:\/\/kineoweb.fr\/kineoblog\/wp-json\/wp\/v2\/posts"}],"about":[{"href":"https:\/\/kineoweb.fr\/kineoblog\/wp-json\/wp\/v2\/types\/post"}],"author":[{"embeddable":true,"href":"https:\/\/kineoweb.fr\/kineoblog\/wp-json\/wp\/v2\/users\/1"}],"replies":[{"embeddable":true,"href":"https:\/\/kineoweb.fr\/kineoblog\/wp-json\/wp\/v2\/comments?post=955"}],"version-history":[{"count":3,"href":"https:\/\/kineoweb.fr\/kineoblog\/wp-json\/wp\/v2\/posts\/955\/revisions"}],"predecessor-version":[{"id":960,"href":"https:\/\/kineoweb.fr\/kineoblog\/wp-json\/wp\/v2\/posts\/955\/revisions\/960"}],"wp:featuredmedia":[{"embeddable":true,"href":"https:\/\/kineoweb.fr\/kineoblog\/wp-json\/wp\/v2\/media\/956"}],"wp:attachment":[{"href":"https:\/\/kineoweb.fr\/kineoblog\/wp-json\/wp\/v2\/media?parent=955"}],"wp:term":[{"taxonomy":"category","embeddable":true,"href":"https:\/\/kineoweb.fr\/kineoblog\/wp-json\/wp\/v2\/categories?post=955"},{"taxonomy":"post_tag","embeddable":true,"href":"https:\/\/kineoweb.fr\/kineoblog\/wp-json\/wp\/v2\/tags?post=955"}],"curies":[{"name":"wp","href":"https:\/\/api.w.org\/{rel}","templated":true}]}}