{"id":645,"date":"2018-03-30T09:18:38","date_gmt":"2018-03-30T07:18:38","guid":{"rendered":"https:\/\/kineoweb.fr\/kineoblog\/?p=645"},"modified":"2018-03-30T09:17:41","modified_gmt":"2018-03-30T07:17:41","slug":"association-handidream","status":"publish","type":"post","link":"https:\/\/kineoweb.fr\/kineoblog\/association-handidream\/","title":{"rendered":"Association Handidream: Au del\u00e0 du handicap, le tour de France \u00e0 cheval."},"content":{"rendered":"<p>[et_pb_section bb_built=\u00a0\u00bb1&Prime; next_background_color=\u00a0\u00bb#000000&Prime;][et_pb_row][et_pb_column type=\u00a0\u00bb4_4&Prime;][et_pb_text _builder_version=\u00a0\u00bb3.0.106&Prime; background_layout=\u00a0\u00bblight\u00a0\u00bb text_orientation=\u00a0\u00bbjustified\u00a0\u00bb]<\/p>\n<p>Aur\u00e9lie est une jeune femme d\u00e9bordante d\u2019\u00e9nergie et de joie de vivre. \u201cChaque journ\u00e9e est un cadeau dont il faut savoir se saisir\u201d annonce-t-elle un grand sourire communicatif aux l\u00e8vres. Pourtant il y a quinze ans elle passe 1 mois et demi entre la vie et la mort suite \u00e0 un accident de la route. Une jambe en moins, 15 op\u00e9rations et un nombre incalculable d\u2019heures de r\u00e9\u00e9ducation plus tard, elle danse et donne m\u00eame des cours, fait de la boxe, de la planche \u00e0 voile, du ski, du handbike&#8230;<\/p>\n<p>Mais sa grande passion c\u2019est le cheval. C\u2019est d\u2019ailleurs par ce moyen qu\u2019elle souhaite \u201crebooster\u201d les personnes qui, comme elle, ont une d\u00e9ficience physique. Une aventure avant tout humaine, \u00e0 suivre et \u00e0 soutenir au travers de l\u2019association <a href=\"https:\/\/www.handidream.com\/\" target=\"_blank\" rel=\"noopener\">Handidream<\/a>.<\/p>\n<h2>Suite \u00e0 votre accident quels ont \u00e9t\u00e9 les moments les plus difficiles \u00e0 surmonter ? Comment et avec qui avez-vous pu continuer d\u2019avancer ?<\/h2>\n<p>Sportive depuis toujours, j\u2019ai pris cet accident comme un nouveau d\u00e9fi \u00e0 surmonter, une comp\u00e9tition de plus. Je me suis alors engag\u00e9e dans un combat quotidien afin de r\u00e9ussir un jour \u00e0 refaire tout ce qui m\u2019animait. Le plus difficile n\u2019a pas \u00e9t\u00e9 la douleur, ni le combat physique \u00e0 mener mais plut\u00f4t la m\u00e9connaissance de certaines personnes, les tabous face au handicap et les proches ayant parfois du mal \u00e0 se positionner. Apr\u00e8s ce genre de drame, toutes les premi\u00e8res fois deviennent importantes, comme si on avait le droit de revivre ses 1ers pas, sa premi\u00e8re toilette sans l\u2019aide de personne, son premier escalier sans chuter\u2026 Autant de moments v\u00e9cus ou partag\u00e9s avec mon kin\u00e9, et que je ne suis pas pr\u00eate d\u2019oublier!<\/p>\n<h2>Avec Handidream quels sont les objectifs de votre tour de France \u00e0 cheval ?<\/h2>\n<p>L\u2019association s\u2019adresse aux personnes en situation de handicap mais \u00e9galement aux valides. Les trois objectifs de l\u2019association sont les suivants:<\/p>\n<ol>\n<li>Rebooster les patients dans les centres de r\u00e9\u00e9ducation par un partage d\u2019exp\u00e9riences et r\u00e9pondre \u00e0 leurs interrogations diverses (types d\u2019appareillage, sports, permis de conduire, vie intime, am\u00e9nagements, aides\u2026)<\/li>\n<li>Changer le regard sur le handicap en levant certains tabous par des \u00e9changes avec les valides (vid\u00e9o sur le quotidien d\u2019un amput\u00e9) et notamment l\u2019entourage des personnes en situation de handicap.<\/li>\n<li>Rendre un hommage aux pompiers<\/li>\n<\/ol>\n<p>Ainsi notre tour de France nous permettra de relier un maximum de centres de r\u00e9\u00e9ducation \u00e0 cheval afin de passer diffuser un message d\u2019espoir et prouver que m\u00eame avec un handicap la vie continue et qu\u2019il ne faut pas se contenter de survivre dans un monde qu\u2019on voudrait plus accessible. Il faut rester exigeant, avoir des r\u00eaves et vivre \u00e0 fond chaque seconde de vie. En \u00e9tant \u00e0 plusieurs milliers de kilom\u00e8tres de chez moi avec mon cheval et mon chien je dirai \u00e0 tout le monde qu\u2019il est encore possible de faire des trucs fous, de vibrer et surtout de ne pas renoncer aux choses sans avoir essay\u00e9. La puissance du mental est incommensurable.<\/p>\n<p>[\/et_pb_text][et_pb_image _builder_version=\u00a0\u00bb3.0.106&Prime; src=\u00a0\u00bbhttps:\/\/kineoweb.fr\/kineoblog\/wp-content\/uploads\/sites\/2\/2018\/03\/Capture-d\u2019e\u0301cran-2018-03-13-a\u0300-14.18.18.png\u00a0\u00bb show_in_lightbox=\u00a0\u00bboff\u00a0\u00bb url=\u00a0\u00bbhttps:\/\/www.leetchi.com\/c\/projets-de-association-handidream\u00a0\u00bb url_new_window=\u00a0\u00bbon\u00a0\u00bb use_overlay=\u00a0\u00bboff\u00a0\u00bb always_center_on_mobile=\u00a0\u00bbon\u00a0\u00bb force_fullwidth=\u00a0\u00bbon\u00a0\u00bb show_bottom_space=\u00a0\u00bbon\u00a0\u00bb \/][et_pb_text _builder_version=\u00a0\u00bb3.0.106&Prime; background_layout=\u00a0\u00bblight\u00a0\u00bb text_orientation=\u00a0\u00bbjustified\u00a0\u00bb]<\/p>\n<h2>Comment se pr\u00e9pare un tel d\u00e9fi ?<\/h2>\n<p>A dire vrai, je pense qu\u2019un Tour de France \u00e0 v\u00e9lo aurait peut-\u00eatre \u00e9t\u00e9 plus pratique \u00e0 organiser!!! En effet, je r\u00e9aliserai ce tour avec mon p\u00e8re, nos 2 chevaux et Spy mon chien qui m\u2019aide au quotidien. C\u2019est une sacr\u00e9e logistique!! Surtout que nous souhaitons mettre en place une r\u00e9elle cha\u00eene de solidarit\u00e9 dans toute la France afin de tout le monde puisse participer \u00e0 l\u2019aventure en partageant un bout de leur jardin, un repas, un bol de croquettes, une consultation ost\u00e9o ou kin\u00e9 (quand je serai toute raide apr\u00e8s plusieurs semaines de p\u00e9riple) Il nous faudra tous les cinq avoir une excellente condition physique alors les chevaux sont actuellement entra\u00een\u00e9s et suivis par des kin\u00e9s\/ost\u00e9o, mon papa soigne ses raideurs avant le d\u00e9part, Spy, en bon chien de berger, court apr\u00e8s les chevaux pour aiguiser ses capacit\u00e9s respiratoires et moi je suis suivie quotidiennement par un super kin\u00e9 qui me pr\u00e9pare physiquement notamment en r\u00e9fl\u00e9chissant \u00e0 diff\u00e9rents exercices et \u00e9tirements r\u00e9alisables sur le cheval pendant mon p\u00e9riple (afin de conserver un maximum de souplesse et limiter les douleurs). En parall\u00e8le nous nous questionnons toujours sur le type de selle le plus adapt\u00e9 \u00e0 ce p\u00e9riple (selle standard ou selle sur mesure adapt\u00e9e aux probl\u00e8mes posturaux) et \u00e0 mes probl\u00e8mes de bassin et de dos. J\u2019esp\u00e8re qu\u2019avec le M\u00e9decin r\u00e9\u00e9ducateur et mon kin\u00e9, nous trouverons bient\u00f4t la meilleure des solutions\u2026 Si vous avez des conseils c\u2019est avec plaisir;)<\/p>\n<h2>Ce projet demande \u00e9norm\u00e9ment de logistique, de pr\u00e9paration et de communication\u2026 Comment peut-on vous soutenir ?<\/h2>\n<p>Vous pouvez nous aider de diff\u00e9rentes mani\u00e8res. La premi\u00e8re est tout simplement en nous aidant \u00e0 diffuser le projet, en communiquant. (contacts presse, Tv, radio\u2026) autour de vous. Nous aurons besoin de soutiens alors si vous connaissez des structures ou entreprises qui accepteraient de partager l\u2019aventure avec nous, c\u2019est avec grand plaisir !! Mais il ne faut pas oublier que cette aventure est avant tout humaine et d\u2019ailleurs elle a d\u00e9j\u00e0 commenc\u00e9 depuis que j\u2019ai cr\u00e9\u00e9 cette association. Nous sommes ouverts au partage et acceptons tous les coups de pouce un peu partout en France (H\u00e9bergements, soins humains\/chevaux, ferrage..) Plusieurs b\u00e9n\u00e9voles au grand coeur nous ont d\u00e9j\u00e0 propos\u00e9 leur aide \u00e0 des milliers de kilom\u00e8tres de chez nous alors que nous nous verrons peut-\u00eatre jamais. Ce sont donc des valeurs citoyennes d\u2019entraide et de solidarit\u00e9 que nous voulons v\u00e9hiculer par ce projet dans un monde de plus en plus individualiste; il semblerait que tout ne soit pas perdu \u00e0 condition de prendre un peu le temps d\u2019\u00e9changer avec son prochain autrement que gr\u00e2ce \u00e0 nos smartphones. Car nous vivons \u00e0 une \u00e9poque o\u00f9 on n&rsquo;avait jamais autant communiqu\u00e9, mais on se s&rsquo;\u00e9tait jamais aussi peu \u00e9cout\u00e9&#8230;<\/p>\n<p>[\/et_pb_text][\/et_pb_column][\/et_pb_row][\/et_pb_section][et_pb_section bb_built=\u00a0\u00bb1&Prime; fullwidth=\u00a0\u00bbon\u00a0\u00bb specialty=\u00a0\u00bboff\u00a0\u00bb prev_background_color=\u00a0\u00bb#000000&Prime;][et_pb_fullwidth_image _builder_version=\u00a0\u00bb3.0.106&Prime; src=\u00a0\u00bbhttps:\/\/kineoweb.fr\/kineoblog\/wp-content\/uploads\/sites\/2\/2018\/03\/baniere-paysage.png\u00a0\u00bb show_in_lightbox=\u00a0\u00bboff\u00a0\u00bb url_new_window=\u00a0\u00bboff\u00a0\u00bb use_overlay=\u00a0\u00bboff\u00a0\u00bb \/][\/et_pb_section]<\/p>\n","protected":false},"excerpt":{"rendered":"<p><div class=\"et_pb_row et_pb_row_0 et_pb_row_empty\">\n\t\t\t\t\n\t\t\t\t\n\t\t\t\t\n\t\t\t\t\n\t\t\t\t\n\t\t\t<\/div> Aur\u00e9lie est une jeune femme d\u00e9bordante d\u2019\u00e9nergie et de joie de vivre. \u201cChaque journ\u00e9e est un cadeau dont il faut savoir se saisir\u201d annonce-t-elle un grand sourire communicatif aux l\u00e8vres. Pourtant il y a quinze ans elle passe 1 mois et demi entre la vie et la mort suite \u00e0 un accident de la [&hellip;]<\/p>\n","protected":false},"author":1,"featured_media":646,"comment_status":"open","ping_status":"open","sticky":false,"template":"","format":"standard","meta":{"_et_pb_use_builder":"on","_et_pb_old_content":"","_et_gb_content_width":"","_monsterinsights_skip_tracking":false,"_monsterinsights_sitenote_active":false,"_monsterinsights_sitenote_note":"","_monsterinsights_sitenote_category":0,"_jetpack_memberships_contains_paid_content":false,"footnotes":""},"categories":[2],"tags":[],"class_list":["post-645","post","type-post","status-publish","format-standard","has-post-thumbnail","hentry","category-actualite"],"yoast_head":"<!-- This site is optimized with the Yoast SEO plugin v27.4 - https:\/\/yoast.com\/product\/yoast-seo-wordpress\/ -->\n<title>Association Handidream: tour de France \u00e0 Cheval - Kin\u00e9Oblog<\/title>\n<meta name=\"description\" content=\"Handidream est l&#039;association mont\u00e9e par Aur\u00e9lie qui a perdu une jambe lors d&#039;un accident de la route il y a 15 ans. Son projet fou? Un tour de France \u00e0 cheval. Au-del\u00e0 du handicap tout est possible.\" \/>\n<meta name=\"robots\" content=\"index, follow, max-snippet:-1, max-image-preview:large, max-video-preview:-1\" \/>\n<link rel=\"canonical\" href=\"https:\/\/kineoweb.fr\/kineoblog\/association-handidream\/\" \/>\n<meta property=\"og:locale\" content=\"fr_FR\" \/>\n<meta property=\"og:type\" content=\"article\" \/>\n<meta property=\"og:title\" content=\"Association Handidream: tour de France \u00e0 Cheval - Kin\u00e9Oblog\" \/>\n<meta property=\"og:description\" content=\"Handidream est l&#039;association mont\u00e9e par Aur\u00e9lie qui a perdu une jambe lors d&#039;un accident de la route il y a 15 ans. Son projet fou? Un tour de France \u00e0 cheval. Au-del\u00e0 du handicap tout est possible.\" \/>\n<meta property=\"og:url\" content=\"https:\/\/kineoweb.fr\/kineoblog\/association-handidream\/\" \/>\n<meta property=\"og:site_name\" content=\"Kin\u00e9Oblog\" \/>\n<meta property=\"article:publisher\" content=\"https:\/\/www.facebook.com\/Kin%c3%a9Oweb-1551479311825491\/?ref=aymt_homepage_panel\" \/>\n<meta property=\"article:published_time\" content=\"2018-03-30T07:18:38+00:00\" \/>\n<meta property=\"og:image\" content=\"https:\/\/kineoweb.fr\/kineoblog\/wp-content\/uploads\/sites\/2\/2018\/03\/DSC_6965.jpg\" \/>\n\t<meta property=\"og:image:width\" content=\"640\" \/>\n\t<meta property=\"og:image:height\" content=\"427\" \/>\n\t<meta property=\"og:image:type\" content=\"image\/jpeg\" \/>\n<meta name=\"author\" content=\"kineoweb\" \/>\n<meta name=\"twitter:card\" content=\"summary_large_image\" \/>\n<meta name=\"twitter:label1\" content=\"\u00c9crit par\" \/>\n\t<meta name=\"twitter:data1\" content=\"kineoweb\" \/>\n\t<meta name=\"twitter:label2\" content=\"Dur\u00e9e de lecture estim\u00e9e\" \/>\n\t<meta name=\"twitter:data2\" content=\"6 minutes\" \/>\n<script type=\"application\/ld+json\" class=\"yoast-schema-graph\">{\"@context\":\"https:\\\/\\\/schema.org\",\"@graph\":[{\"@type\":\"Article\",\"@id\":\"https:\\\/\\\/kineoweb.fr\\\/kineoblog\\\/association-handidream\\\/#article\",\"isPartOf\":{\"@id\":\"https:\\\/\\\/kineoweb.fr\\\/kineoblog\\\/association-handidream\\\/\"},\"author\":{\"name\":\"kineoweb\",\"@id\":\"https:\\\/\\\/kineoweb.fr\\\/kineoblog\\\/#\\\/schema\\\/person\\\/276328f3f20d571a6313a40a82bab4ea\"},\"headline\":\"Association Handidream: Au del\u00e0 du handicap, le tour de France \u00e0 cheval.\",\"datePublished\":\"2018-03-30T07:18:38+00:00\",\"mainEntityOfPage\":{\"@id\":\"https:\\\/\\\/kineoweb.fr\\\/kineoblog\\\/association-handidream\\\/\"},\"wordCount\":1186,\"commentCount\":0,\"image\":{\"@id\":\"https:\\\/\\\/kineoweb.fr\\\/kineoblog\\\/association-handidream\\\/#primaryimage\"},\"thumbnailUrl\":\"https:\\\/\\\/i0.wp.com\\\/kineoweb.fr\\\/kineoblog\\\/wp-content\\\/uploads\\\/sites\\\/2\\\/2018\\\/03\\\/DSC_6965.jpg?fit=640%2C427&ssl=1\",\"articleSection\":[\"Actualit\u00e9\"],\"inLanguage\":\"fr-FR\",\"potentialAction\":[{\"@type\":\"CommentAction\",\"name\":\"Comment\",\"target\":[\"https:\\\/\\\/kineoweb.fr\\\/kineoblog\\\/association-handidream\\\/#respond\"]}]},{\"@type\":\"WebPage\",\"@id\":\"https:\\\/\\\/kineoweb.fr\\\/kineoblog\\\/association-handidream\\\/\",\"url\":\"https:\\\/\\\/kineoweb.fr\\\/kineoblog\\\/association-handidream\\\/\",\"name\":\"Association Handidream: tour de France \u00e0 Cheval - Kin\u00e9Oblog\",\"isPartOf\":{\"@id\":\"https:\\\/\\\/kineoweb.fr\\\/kineoblog\\\/#website\"},\"primaryImageOfPage\":{\"@id\":\"https:\\\/\\\/kineoweb.fr\\\/kineoblog\\\/association-handidream\\\/#primaryimage\"},\"image\":{\"@id\":\"https:\\\/\\\/kineoweb.fr\\\/kineoblog\\\/association-handidream\\\/#primaryimage\"},\"thumbnailUrl\":\"https:\\\/\\\/i0.wp.com\\\/kineoweb.fr\\\/kineoblog\\\/wp-content\\\/uploads\\\/sites\\\/2\\\/2018\\\/03\\\/DSC_6965.jpg?fit=640%2C427&ssl=1\",\"datePublished\":\"2018-03-30T07:18:38+00:00\",\"author\":{\"@id\":\"https:\\\/\\\/kineoweb.fr\\\/kineoblog\\\/#\\\/schema\\\/person\\\/276328f3f20d571a6313a40a82bab4ea\"},\"description\":\"Handidream est l'association mont\u00e9e par Aur\u00e9lie qui a perdu une jambe lors d'un accident de la route il y a 15 ans. Son projet fou? Un tour de France \u00e0 cheval. Au-del\u00e0 du handicap tout est possible.\",\"breadcrumb\":{\"@id\":\"https:\\\/\\\/kineoweb.fr\\\/kineoblog\\\/association-handidream\\\/#breadcrumb\"},\"inLanguage\":\"fr-FR\",\"potentialAction\":[{\"@type\":\"ReadAction\",\"target\":[\"https:\\\/\\\/kineoweb.fr\\\/kineoblog\\\/association-handidream\\\/\"]}]},{\"@type\":\"ImageObject\",\"inLanguage\":\"fr-FR\",\"@id\":\"https:\\\/\\\/kineoweb.fr\\\/kineoblog\\\/association-handidream\\\/#primaryimage\",\"url\":\"https:\\\/\\\/i0.wp.com\\\/kineoweb.fr\\\/kineoblog\\\/wp-content\\\/uploads\\\/sites\\\/2\\\/2018\\\/03\\\/DSC_6965.jpg?fit=640%2C427&ssl=1\",\"contentUrl\":\"https:\\\/\\\/i0.wp.com\\\/kineoweb.fr\\\/kineoblog\\\/wp-content\\\/uploads\\\/sites\\\/2\\\/2018\\\/03\\\/DSC_6965.jpg?fit=640%2C427&ssl=1\",\"width\":\"640\",\"height\":\"427\",\"caption\":\"handidream au del\u00e0 du handicap\"},{\"@type\":\"BreadcrumbList\",\"@id\":\"https:\\\/\\\/kineoweb.fr\\\/kineoblog\\\/association-handidream\\\/#breadcrumb\",\"itemListElement\":[{\"@type\":\"ListItem\",\"position\":1,\"name\":\"Accueil\",\"item\":\"https:\\\/\\\/kineoweb.fr\\\/kineoblog\\\/\"},{\"@type\":\"ListItem\",\"position\":2,\"name\":\"Association Handidream: Au del\u00e0 du handicap, le tour de France \u00e0 cheval.\"}]},{\"@type\":\"WebSite\",\"@id\":\"https:\\\/\\\/kineoweb.fr\\\/kineoblog\\\/#website\",\"url\":\"https:\\\/\\\/kineoweb.fr\\\/kineoblog\\\/\",\"name\":\"Kin\u00e9Oblog\",\"description\":\"Conseils et informations pour les Kin\u00e9s et Ost\u00e9os\",\"potentialAction\":[{\"@type\":\"SearchAction\",\"target\":{\"@type\":\"EntryPoint\",\"urlTemplate\":\"https:\\\/\\\/kineoweb.fr\\\/kineoblog\\\/?s={search_term_string}\"},\"query-input\":{\"@type\":\"PropertyValueSpecification\",\"valueRequired\":true,\"valueName\":\"search_term_string\"}}],\"inLanguage\":\"fr-FR\"},{\"@type\":\"Person\",\"@id\":\"https:\\\/\\\/kineoweb.fr\\\/kineoblog\\\/#\\\/schema\\\/person\\\/276328f3f20d571a6313a40a82bab4ea\",\"name\":\"kineoweb\",\"image\":{\"@type\":\"ImageObject\",\"inLanguage\":\"fr-FR\",\"@id\":\"https:\\\/\\\/secure.gravatar.com\\\/avatar\\\/63966abb47ac008849350af90453384a20b61d9f1b4cc0fc20b34cdd2c666586?s=96&d=mm&r=g\",\"url\":\"https:\\\/\\\/secure.gravatar.com\\\/avatar\\\/63966abb47ac008849350af90453384a20b61d9f1b4cc0fc20b34cdd2c666586?s=96&d=mm&r=g\",\"contentUrl\":\"https:\\\/\\\/secure.gravatar.com\\\/avatar\\\/63966abb47ac008849350af90453384a20b61d9f1b4cc0fc20b34cdd2c666586?s=96&d=mm&r=g\",\"caption\":\"kineoweb\"},\"url\":\"https:\\\/\\\/kineoweb.fr\\\/kineoblog\\\/author\\\/kineoweb\\\/\"}]}<\/script>\n<!-- \/ Yoast SEO plugin. -->","yoast_head_json":{"title":"Association Handidream: tour de France \u00e0 Cheval - Kin\u00e9Oblog","description":"Handidream est l'association mont\u00e9e par Aur\u00e9lie qui a perdu une jambe lors d'un accident de la route il y a 15 ans. Son projet fou? Un tour de France \u00e0 cheval. Au-del\u00e0 du handicap tout est possible.","robots":{"index":"index","follow":"follow","max-snippet":"max-snippet:-1","max-image-preview":"max-image-preview:large","max-video-preview":"max-video-preview:-1"},"canonical":"https:\/\/kineoweb.fr\/kineoblog\/association-handidream\/","og_locale":"fr_FR","og_type":"article","og_title":"Association Handidream: tour de France \u00e0 Cheval - Kin\u00e9Oblog","og_description":"Handidream est l'association mont\u00e9e par Aur\u00e9lie qui a perdu une jambe lors d'un accident de la route il y a 15 ans. Son projet fou? Un tour de France \u00e0 cheval. Au-del\u00e0 du handicap tout est possible.","og_url":"https:\/\/kineoweb.fr\/kineoblog\/association-handidream\/","og_site_name":"Kin\u00e9Oblog","article_publisher":"https:\/\/www.facebook.com\/Kin%c3%a9Oweb-1551479311825491\/?ref=aymt_homepage_panel","article_published_time":"2018-03-30T07:18:38+00:00","og_image":[{"width":640,"height":427,"url":"https:\/\/kineoweb.fr\/kineoblog\/wp-content\/uploads\/sites\/2\/2018\/03\/DSC_6965.jpg","type":"image\/jpeg"}],"author":"kineoweb","twitter_card":"summary_large_image","twitter_misc":{"\u00c9crit par":"kineoweb","Dur\u00e9e de lecture estim\u00e9e":"6 minutes"},"schema":{"@context":"https:\/\/schema.org","@graph":[{"@type":"Article","@id":"https:\/\/kineoweb.fr\/kineoblog\/association-handidream\/#article","isPartOf":{"@id":"https:\/\/kineoweb.fr\/kineoblog\/association-handidream\/"},"author":{"name":"kineoweb","@id":"https:\/\/kineoweb.fr\/kineoblog\/#\/schema\/person\/276328f3f20d571a6313a40a82bab4ea"},"headline":"Association Handidream: Au del\u00e0 du handicap, le tour de France \u00e0 cheval.","datePublished":"2018-03-30T07:18:38+00:00","mainEntityOfPage":{"@id":"https:\/\/kineoweb.fr\/kineoblog\/association-handidream\/"},"wordCount":1186,"commentCount":0,"image":{"@id":"https:\/\/kineoweb.fr\/kineoblog\/association-handidream\/#primaryimage"},"thumbnailUrl":"https:\/\/i0.wp.com\/kineoweb.fr\/kineoblog\/wp-content\/uploads\/sites\/2\/2018\/03\/DSC_6965.jpg?fit=640%2C427&ssl=1","articleSection":["Actualit\u00e9"],"inLanguage":"fr-FR","potentialAction":[{"@type":"CommentAction","name":"Comment","target":["https:\/\/kineoweb.fr\/kineoblog\/association-handidream\/#respond"]}]},{"@type":"WebPage","@id":"https:\/\/kineoweb.fr\/kineoblog\/association-handidream\/","url":"https:\/\/kineoweb.fr\/kineoblog\/association-handidream\/","name":"Association Handidream: tour de France \u00e0 Cheval - Kin\u00e9Oblog","isPartOf":{"@id":"https:\/\/kineoweb.fr\/kineoblog\/#website"},"primaryImageOfPage":{"@id":"https:\/\/kineoweb.fr\/kineoblog\/association-handidream\/#primaryimage"},"image":{"@id":"https:\/\/kineoweb.fr\/kineoblog\/association-handidream\/#primaryimage"},"thumbnailUrl":"https:\/\/i0.wp.com\/kineoweb.fr\/kineoblog\/wp-content\/uploads\/sites\/2\/2018\/03\/DSC_6965.jpg?fit=640%2C427&ssl=1","datePublished":"2018-03-30T07:18:38+00:00","author":{"@id":"https:\/\/kineoweb.fr\/kineoblog\/#\/schema\/person\/276328f3f20d571a6313a40a82bab4ea"},"description":"Handidream est l'association mont\u00e9e par Aur\u00e9lie qui a perdu une jambe lors d'un accident de la route il y a 15 ans. Son projet fou? Un tour de France \u00e0 cheval. Au-del\u00e0 du handicap tout est possible.","breadcrumb":{"@id":"https:\/\/kineoweb.fr\/kineoblog\/association-handidream\/#breadcrumb"},"inLanguage":"fr-FR","potentialAction":[{"@type":"ReadAction","target":["https:\/\/kineoweb.fr\/kineoblog\/association-handidream\/"]}]},{"@type":"ImageObject","inLanguage":"fr-FR","@id":"https:\/\/kineoweb.fr\/kineoblog\/association-handidream\/#primaryimage","url":"https:\/\/i0.wp.com\/kineoweb.fr\/kineoblog\/wp-content\/uploads\/sites\/2\/2018\/03\/DSC_6965.jpg?fit=640%2C427&ssl=1","contentUrl":"https:\/\/i0.wp.com\/kineoweb.fr\/kineoblog\/wp-content\/uploads\/sites\/2\/2018\/03\/DSC_6965.jpg?fit=640%2C427&ssl=1","width":"640","height":"427","caption":"handidream au del\u00e0 du handicap"},{"@type":"BreadcrumbList","@id":"https:\/\/kineoweb.fr\/kineoblog\/association-handidream\/#breadcrumb","itemListElement":[{"@type":"ListItem","position":1,"name":"Accueil","item":"https:\/\/kineoweb.fr\/kineoblog\/"},{"@type":"ListItem","position":2,"name":"Association Handidream: Au del\u00e0 du handicap, le tour de France \u00e0 cheval."}]},{"@type":"WebSite","@id":"https:\/\/kineoweb.fr\/kineoblog\/#website","url":"https:\/\/kineoweb.fr\/kineoblog\/","name":"Kin\u00e9Oblog","description":"Conseils et informations pour les Kin\u00e9s et Ost\u00e9os","potentialAction":[{"@type":"SearchAction","target":{"@type":"EntryPoint","urlTemplate":"https:\/\/kineoweb.fr\/kineoblog\/?s={search_term_string}"},"query-input":{"@type":"PropertyValueSpecification","valueRequired":true,"valueName":"search_term_string"}}],"inLanguage":"fr-FR"},{"@type":"Person","@id":"https:\/\/kineoweb.fr\/kineoblog\/#\/schema\/person\/276328f3f20d571a6313a40a82bab4ea","name":"kineoweb","image":{"@type":"ImageObject","inLanguage":"fr-FR","@id":"https:\/\/secure.gravatar.com\/avatar\/63966abb47ac008849350af90453384a20b61d9f1b4cc0fc20b34cdd2c666586?s=96&d=mm&r=g","url":"https:\/\/secure.gravatar.com\/avatar\/63966abb47ac008849350af90453384a20b61d9f1b4cc0fc20b34cdd2c666586?s=96&d=mm&r=g","contentUrl":"https:\/\/secure.gravatar.com\/avatar\/63966abb47ac008849350af90453384a20b61d9f1b4cc0fc20b34cdd2c666586?s=96&d=mm&r=g","caption":"kineoweb"},"url":"https:\/\/kineoweb.fr\/kineoblog\/author\/kineoweb\/"}]}},"jetpack_featured_media_url":"https:\/\/i0.wp.com\/kineoweb.fr\/kineoblog\/wp-content\/uploads\/sites\/2\/2018\/03\/DSC_6965.jpg?fit=640%2C427&ssl=1","jetpack_sharing_enabled":true,"_links":{"self":[{"href":"https:\/\/kineoweb.fr\/kineoblog\/wp-json\/wp\/v2\/posts\/645","targetHints":{"allow":["GET"]}}],"collection":[{"href":"https:\/\/kineoweb.fr\/kineoblog\/wp-json\/wp\/v2\/posts"}],"about":[{"href":"https:\/\/kineoweb.fr\/kineoblog\/wp-json\/wp\/v2\/types\/post"}],"author":[{"embeddable":true,"href":"https:\/\/kineoweb.fr\/kineoblog\/wp-json\/wp\/v2\/users\/1"}],"replies":[{"embeddable":true,"href":"https:\/\/kineoweb.fr\/kineoblog\/wp-json\/wp\/v2\/comments?post=645"}],"version-history":[{"count":5,"href":"https:\/\/kineoweb.fr\/kineoblog\/wp-json\/wp\/v2\/posts\/645\/revisions"}],"predecessor-version":[{"id":655,"href":"https:\/\/kineoweb.fr\/kineoblog\/wp-json\/wp\/v2\/posts\/645\/revisions\/655"}],"wp:featuredmedia":[{"embeddable":true,"href":"https:\/\/kineoweb.fr\/kineoblog\/wp-json\/wp\/v2\/media\/646"}],"wp:attachment":[{"href":"https:\/\/kineoweb.fr\/kineoblog\/wp-json\/wp\/v2\/media?parent=645"}],"wp:term":[{"taxonomy":"category","embeddable":true,"href":"https:\/\/kineoweb.fr\/kineoblog\/wp-json\/wp\/v2\/categories?post=645"},{"taxonomy":"post_tag","embeddable":true,"href":"https:\/\/kineoweb.fr\/kineoblog\/wp-json\/wp\/v2\/tags?post=645"}],"curies":[{"name":"wp","href":"https:\/\/api.w.org\/{rel}","templated":true}]}}