{"id":478,"date":"2017-11-28T15:26:45","date_gmt":"2017-11-28T14:26:45","guid":{"rendered":"https:\/\/kineoweb.fr\/kineoblog\/?p=478"},"modified":"2017-11-28T15:57:20","modified_gmt":"2017-11-28T14:57:20","slug":"acces-partiel-aux-professions-de-sante-avenant-5-de-convention","status":"publish","type":"post","link":"https:\/\/kineoweb.fr\/kineoblog\/acces-partiel-aux-professions-de-sante-avenant-5-de-convention\/","title":{"rendered":"Acc\u00e8s partiel aux professions de sant\u00e9 et avenant 5 de la convention"},"content":{"rendered":"<p>[et_pb_section bb_built=\u00a0\u00bb1&Prime;][et_pb_row][et_pb_column type=\u00a0\u00bb4_4&Prime;][et_pb_text _builder_version=\u00a0\u00bb3.0.89&Prime; background_layout=\u00a0\u00bblight\u00a0\u00bb text_orientation=\u00a0\u00bbjustified\u00a0\u00bb module_alignment=\u00a0\u00bbjustified\u00a0\u00bb]<\/p>\n<p>Avant lecture de cet article, nous vous recommandons un petit exercice de pens\u00e9e positive, m\u00e9ditation ou relaxation\u2026 Respirez profond\u00e9ment, vous \u00eates calme et d\u00e9tendu? Allez c\u2019est partit.<\/p>\n<p>L\u2019actualit\u00e9 du mois de novembre est plut\u00f4t charg\u00e9e pour les kin\u00e9s. Le 3 novembre le d\u00e9cret sur l\u2019acc\u00e8s partiel aux professions de sant\u00e9 est publi\u00e9, suivi quelques jours apr\u00e8s par la signature de l\u2019avenant 5 de la convention collective des Masseurs-Kin\u00e9sith\u00e9rapeutes. Ces deux \u00e9v\u00e8nements ne sont \u00e9videmment pas li\u00e9s mais ils concernent directement les kin\u00e9s lib\u00e9raux.<\/p>\n<h2>Acc\u00e8s partiel aux professions de sant\u00e9<\/h2>\n<p>Le <a href=\"https:\/\/www.legifrance.gouv.fr\/affichTexte.do?cidTexte=JORFTEXT000035943892\" target=\"_blank\" rel=\"noopener\">d\u00e9cret du 3 novembre 2017<\/a> ne fait que transposer une directive europ\u00e9enne de 2013 sur la reconnaissance des qualifications professionnelles de professions r\u00e8glement\u00e9es pour les ressortissants europ\u00e9ens.<\/p>\n<p>Concr\u00e8tement certains soins infirmiers ou de r\u00e9\u00e9ducations pourront \u00eatre pratiqu\u00e9s par des professionnels n\u2019ayant pas le titre d\u2019infirmer ou de masseur-kin\u00e9sith\u00e9rapeute. Par exemple, les baln\u00e9oth\u00e9rapeutes form\u00e9s en europe pourront pratiquer la r\u00e9\u00e9ducation en piscine librement.<\/p>\n<p>Pour alerter sur les risques de segmentation des professions de sant\u00e9 et donc une difficult\u00e9 d\u2019identification du r\u00f4le de chaque professionnel par les patients, le <a href=\"http:\/\/www.ordremk.fr\/actualites\/ordre\/acces-partiel-a-la-profession-de-masseur-kinesitherapeute\/\" target=\"_blank\" rel=\"noopener\">CNOMK tente de se faire entendre<\/a>. Il rappel qu\u2019il n\u2019est pas autoris\u00e9 \u00e0 enqu\u00eater pour s\u2019assurer que ces professionnels s\u2019en tiennent aux actes pr\u00e9vus. De plus il n\u2019a qu\u2019un simple avis consultatif alors que l\u2019Ordre serait le mieux plac\u00e9 pour juger des comp\u00e9tences d\u2019un professionnel.<\/p>\n<p>La solution que propose l\u2019Ordre des Masseurs-Kin\u00e9sith\u00e9rapeutes est la cr\u00e9ation d\u2019un statut de technicien en physioth\u00e9rapie agissant strictement sous le control du kin\u00e9.<\/p>\n<p>[\/et_pb_text][et_pb_image _builder_version=\u00a0\u00bb3.0.89&Prime; src=\u00a0\u00bbhttps:\/\/kineoweb.fr\/kineoblog\/wp-content\/uploads\/sites\/2\/2017\/11\/avenant-5-convention-kine.jpg\u00a0\u00bb show_in_lightbox=\u00a0\u00bboff\u00a0\u00bb url_new_window=\u00a0\u00bboff\u00a0\u00bb use_overlay=\u00a0\u00bboff\u00a0\u00bb always_center_on_mobile=\u00a0\u00bbon\u00a0\u00bb force_fullwidth=\u00a0\u00bbon\u00a0\u00bb show_bottom_space=\u00a0\u00bbon\u00a0\u00bb \/][et_pb_text _builder_version=\u00a0\u00bb3.0.89&Prime; background_layout=\u00a0\u00bblight\u00a0\u00bb text_orientation=\u00a0\u00bbjustified\u00a0\u00bb module_alignment=\u00a0\u00bbleft\u00a0\u00bb]<\/p>\n<h2>Avenant 5 de la convention collective des masseurs-kin\u00e9sith\u00e9rapeutes<\/h2>\n<p>Les n\u00e9gociations entre l\u2019UNCAM et les syndicats repr\u00e9sentatifs auront dur\u00e9 pr\u00e8s d\u2019un an. Nous les avons suivi au travers de deux articles et sur les r\u00e9seaux sociaux. Les abonn\u00e9s \u00e0 la newsletter ont \u00e9galement eu un compte rendu le mois dernier sur ce <a href=\"http:\/\/www.alize-kine.org\/documentsnet\/Projet-avenant-5.pdf\" target=\"_blank\" rel=\"noopener\">nouvel avenant<\/a>. Mais concr\u00e8tement qu\u2019est-ce qui change?<\/p>\n<h3>Valorisations financi\u00e8res<\/h3>\n<ul>\n<li>Augmentation du BDK, facturable d\u00e8s la premi\u00e8re s\u00e9ance prescrite (10\u00e8me auparavant). Le BDK simple passe de amk 8,1 \u00e0 10,7 et le BDK neuro de 10,1 \u00e0 10,8 d\u00e8s publication au journal officiel en Juillet 2018<\/li>\n<li>Cr\u00e9ation de 2 actes pour la prise en charge des patients atteints de BPCO. En groupe de 2 \u00e0 4 personnes: amk 20. En individuel amk 28<\/li>\n<li>Cr\u00e9ation d\u2019un forfait AVC de 100\u20ac applicable 1 fois par patient, 30 jours apr\u00e8s la premi\u00e8re prise en charge (initialement \u00e0 domicile et pluri-hebdomadaire)<\/li>\n<li>Cr\u00e9ation d\u2019un forfait d\u2019accompagnement de retour \u00e0 domicile \u00e0 20\u20ac (prise en charge dans les 48h d\u2019une sortie d\u2019hospitalisation des patients b\u00e9n\u00e9ficiant du programme PRADO orthop\u00e9die)<\/li>\n<li>Cr\u00e9ation d\u2019un indemnit\u00e9 forfaitaire de 4\u20ac pour les actes de d\u00e9ambulation dans le cadre du maintien de l\u2019autonomie des personnes \u00e2g\u00e9es<\/li>\n<li>Revalorisation de l&rsquo;amk 7 \u00e0 8 en juillet 2021 (7,6 en d\u00e9cembre 2019)<\/li>\n<li>Revalorisation de l\u2019amk 8 \u00e0 8,5 en juillet 2021 (8,3 en d\u00e9cembre 2019)<\/li>\n<li>Revalorisation de l\u2019aide \u00e0 l\u2019\u00e9quipement informatique qui passe de 490\u20ac \u00e0 590\u20ac<\/li>\n<li>La prise en charge de 2 s\u00e9ances le m\u00eame jour est officiellement autoris\u00e9e si 2 ordonnances pour 2 pathologies sur 2 membres distincts<\/li>\n<\/ul>\n<p>En conclusion: <a href=\"http:\/\/kineapp.com\/fiches-bilans\/\" target=\"_blank\" rel=\"noopener\">facturez des bilans<\/a>.<\/p>\n<p>On peut comprendre le m\u00e9contentement des kin\u00e9s qui auraient pr\u00e9f\u00e9r\u00e9s une revalorisation de la lettre cl\u00e9 qui n\u2019a augment\u00e9 que de 11 centimes en 12 ans. Cependant tous profiteront de l\u2019augmentation du BDK, donc facturez des bilans.<\/p>\n<p>Les d\u00e9lais de valorisation des amk juste avant la prochaine n\u00e9go et avec le projet de refonte de la NGAP (voir plus bas) est aussi un sujet controvers\u00e9. En attendant, facturez des&#8230;<\/p>\n<h3>R\u00e9gulation d\u00e9mographique<\/h3>\n<ul>\n<li>Cr\u00e9ation de 3 nouveaux contrats incitatifs \u00e0 l\u2019exercice en zones sous-dot\u00e9es et tr\u00e8s sous-dot\u00e9es et d\u2019une aide \u00e0 la prise en charge d\u2019un stagiaire\n<ul>\n<li>Contrat d\u2019aide \u00e0 la cr\u00e9ation de cabinet avec une enveloppe de 49000\u20ac r\u00e9partis sur 5 ans<\/li>\n<li>Contrat d\u2019aide \u00e0 l\u2019installation: 34000\u20ac r\u00e9partis sur 5 ans<\/li>\n<li>Contrat d\u2019aide au maintien en zones d\u00e9ficitaires : 9000\u20ac sur 3 ans<\/li>\n<li>Valorisation de la prise en charge d\u2019un \u00e9tudiant stagiaire de 150\u20ac\/mois<\/li>\n<\/ul>\n<\/li>\n<li>R\u00e9gulation d\u00e9mographique dans les zones sur-dot\u00e9es sur le principe de 1 arriv\u00e9e pour 1 d\u00e9part. Quelques d\u00e9rogations pourront s\u2019appliquer (offre insuffisante d\u2019une sp\u00e9cialit\u00e9, risque \u00e9conomique d\u2019un cabinet, situations particuli\u00e8res dans la vie personnelle d\u2019un kin\u00e9, forte activit\u00e9 saisonni\u00e8re dans certains d\u00e9partements tests)<\/li>\n<\/ul>\n<p>Encore un sujet br\u00fblant, l\u2019inqui\u00e9tude de certains \u00e9tait que la r\u00e9gulation d\u00e9mographique des masseurs-kin\u00e9sith\u00e9rapeutes passe par d\u00e9cret (donc sans consultation ni compensation). Pour le coup, avec la signature de l\u2019avenant, la possibilit\u00e9 de contestation par l\u2019ensemble de la profession est bien plus d\u00e9licat. Mais aurait-elle eu lieu (au-del\u00e0 des r\u00e9seaux sociaux)? Aurait-ce \u00e9t\u00e9 suffisant?<\/p>\n<h3>Pr\u00e9vention et promotion de la masso-kin\u00e9sith\u00e9rapie<\/h3>\n<p>Ouverture de travaux visant \u00e0 d\u00e9finir des actions de pr\u00e9vention dans les domaines suivants:<\/p>\n<ul>\n<li>TMS chez l\u2019adulte en milieu professionnel<\/li>\n<li>Lombalgie<\/li>\n<li>troubles de la croissance et de la posture chez l\u2019enfant<\/li>\n<\/ul>\n<p>Mise en place de deux exp\u00e9rimentations permettant de favoriser l\u2019accomplissement des comp\u00e9tences du masseur-kin\u00e9sith\u00e9rapeute :<\/p>\n<ul>\n<li>Evaluation de l\u2019environnement et la prise en charge d\u2019un patient en situation de handicap<br \/>\ns\u00e9v\u00e8re r\u00e9alis\u00e9e \u00e0 domicile par le masseur kin\u00e9sith\u00e9rapeute<\/li>\n<li>Actions de pr\u00e9vention des troubles du rachis en direction des enfants en milieu scolaire<\/li>\n<\/ul>\n<h3>Refonte de la NGAP<\/h3>\n<p>Les syndicats et l\u2019UNCAM s\u2019engagent sur la r\u00e9forme de la NGAP d\u00e8s 2018. L\u2019objectif est de rendre la nomenclature plus descriptive en se basant sur le site anatomique l\u00e9s\u00e9, la zone r\u00e9\u00e9duqu\u00e9e, la cat\u00e9gorie d\u2019affection causale, le champ d\u2019intervention, le lieu d\u2019intervention et le parcours de soin.<\/p>\n<p>[\/et_pb_text][\/et_pb_column][\/et_pb_row][\/et_pb_section]<\/p>\n","protected":false},"excerpt":{"rendered":"<p><div class=\"et_pb_row et_pb_row_0 et_pb_row_empty\">\n\t\t\t\t\n\t\t\t\t\n\t\t\t\t\n\t\t\t\t\n\t\t\t\t\n\t\t\t<\/div> Avant lecture de cet article, nous vous recommandons un petit exercice de pens\u00e9e positive, m\u00e9ditation ou relaxation\u2026 Respirez profond\u00e9ment, vous \u00eates calme et d\u00e9tendu? Allez c\u2019est partit. L\u2019actualit\u00e9 du mois de novembre est plut\u00f4t charg\u00e9e pour les kin\u00e9s. Le 3 novembre le d\u00e9cret sur l\u2019acc\u00e8s partiel aux professions de sant\u00e9 est publi\u00e9, suivi quelques [&hellip;]<\/p>\n","protected":false},"author":1,"featured_media":480,"comment_status":"open","ping_status":"open","sticky":false,"template":"","format":"standard","meta":{"_et_pb_use_builder":"on","_et_pb_old_content":"","_et_gb_content_width":"","_monsterinsights_skip_tracking":false,"_monsterinsights_sitenote_active":false,"_monsterinsights_sitenote_note":"","_monsterinsights_sitenote_category":0,"_jetpack_memberships_contains_paid_content":false,"footnotes":""},"categories":[2],"tags":[],"class_list":["post-478","post","type-post","status-publish","format-standard","has-post-thumbnail","hentry","category-actualite"],"yoast_head":"<!-- This site is optimized with the Yoast SEO plugin v27.4 - https:\/\/yoast.com\/product\/yoast-seo-wordpress\/ -->\n<title>Acc\u00e8s partiel aux professions de sant\u00e9 et avenant 5 de la convention<\/title>\n<meta name=\"description\" content=\"L&#039;acc\u00e8s partiel aux professions de sant\u00e9 et l&#039;avenant 5 de la convention collective des masseurs-kin\u00e9sith\u00e9rapeutes font l&#039;actualit\u00e9 des kin\u00e9s.\" \/>\n<meta name=\"robots\" content=\"index, follow, max-snippet:-1, max-image-preview:large, max-video-preview:-1\" \/>\n<link rel=\"canonical\" href=\"https:\/\/kineoweb.fr\/kineoblog\/acces-partiel-aux-professions-de-sante-avenant-5-de-convention\/\" \/>\n<meta property=\"og:locale\" content=\"fr_FR\" \/>\n<meta property=\"og:type\" content=\"article\" \/>\n<meta property=\"og:title\" content=\"Acc\u00e8s partiel aux professions de sant\u00e9 et avenant 5 de la convention\" \/>\n<meta property=\"og:description\" content=\"L&#039;acc\u00e8s partiel aux professions de sant\u00e9 et l&#039;avenant 5 de la convention collective des masseurs-kin\u00e9sith\u00e9rapeutes font l&#039;actualit\u00e9 des kin\u00e9s.\" \/>\n<meta property=\"og:url\" content=\"https:\/\/kineoweb.fr\/kineoblog\/acces-partiel-aux-professions-de-sante-avenant-5-de-convention\/\" \/>\n<meta property=\"og:site_name\" content=\"Kin\u00e9Oblog\" \/>\n<meta property=\"article:publisher\" content=\"https:\/\/www.facebook.com\/Kin%c3%a9Oweb-1551479311825491\/?ref=aymt_homepage_panel\" \/>\n<meta property=\"article:published_time\" content=\"2017-11-28T14:26:45+00:00\" \/>\n<meta property=\"article:modified_time\" content=\"2017-11-28T14:57:20+00:00\" \/>\n<meta property=\"og:image\" content=\"https:\/\/kineoweb.fr\/kineoblog\/wp-content\/uploads\/sites\/2\/2017\/11\/acces-partiel-aux-professions-de-sante.jpg\" \/>\n\t<meta property=\"og:image:width\" content=\"640\" \/>\n\t<meta property=\"og:image:height\" content=\"375\" \/>\n\t<meta property=\"og:image:type\" content=\"image\/jpeg\" \/>\n<meta name=\"author\" content=\"kineoweb\" \/>\n<meta name=\"twitter:card\" content=\"summary_large_image\" \/>\n<meta name=\"twitter:label1\" content=\"\u00c9crit par\" \/>\n\t<meta name=\"twitter:data1\" content=\"kineoweb\" \/>\n\t<meta name=\"twitter:label2\" content=\"Dur\u00e9e de lecture estim\u00e9e\" \/>\n\t<meta name=\"twitter:data2\" content=\"5 minutes\" \/>\n<script type=\"application\/ld+json\" class=\"yoast-schema-graph\">{\"@context\":\"https:\\\/\\\/schema.org\",\"@graph\":[{\"@type\":\"Article\",\"@id\":\"https:\\\/\\\/kineoweb.fr\\\/kineoblog\\\/acces-partiel-aux-professions-de-sante-avenant-5-de-convention\\\/#article\",\"isPartOf\":{\"@id\":\"https:\\\/\\\/kineoweb.fr\\\/kineoblog\\\/acces-partiel-aux-professions-de-sante-avenant-5-de-convention\\\/\"},\"author\":{\"name\":\"kineoweb\",\"@id\":\"https:\\\/\\\/kineoweb.fr\\\/kineoblog\\\/#\\\/schema\\\/person\\\/276328f3f20d571a6313a40a82bab4ea\"},\"headline\":\"Acc\u00e8s partiel aux professions de sant\u00e9 et avenant 5 de la convention\",\"datePublished\":\"2017-11-28T14:26:45+00:00\",\"dateModified\":\"2017-11-28T14:57:20+00:00\",\"mainEntityOfPage\":{\"@id\":\"https:\\\/\\\/kineoweb.fr\\\/kineoblog\\\/acces-partiel-aux-professions-de-sante-avenant-5-de-convention\\\/\"},\"wordCount\":1105,\"commentCount\":0,\"image\":{\"@id\":\"https:\\\/\\\/kineoweb.fr\\\/kineoblog\\\/acces-partiel-aux-professions-de-sante-avenant-5-de-convention\\\/#primaryimage\"},\"thumbnailUrl\":\"https:\\\/\\\/i0.wp.com\\\/kineoweb.fr\\\/kineoblog\\\/wp-content\\\/uploads\\\/sites\\\/2\\\/2017\\\/11\\\/acces-partiel-aux-professions-de-sante.jpg?fit=640%2C375&ssl=1\",\"articleSection\":[\"Actualit\u00e9\"],\"inLanguage\":\"fr-FR\",\"potentialAction\":[{\"@type\":\"CommentAction\",\"name\":\"Comment\",\"target\":[\"https:\\\/\\\/kineoweb.fr\\\/kineoblog\\\/acces-partiel-aux-professions-de-sante-avenant-5-de-convention\\\/#respond\"]}]},{\"@type\":\"WebPage\",\"@id\":\"https:\\\/\\\/kineoweb.fr\\\/kineoblog\\\/acces-partiel-aux-professions-de-sante-avenant-5-de-convention\\\/\",\"url\":\"https:\\\/\\\/kineoweb.fr\\\/kineoblog\\\/acces-partiel-aux-professions-de-sante-avenant-5-de-convention\\\/\",\"name\":\"Acc\u00e8s partiel aux professions de sant\u00e9 et avenant 5 de la convention\",\"isPartOf\":{\"@id\":\"https:\\\/\\\/kineoweb.fr\\\/kineoblog\\\/#website\"},\"primaryImageOfPage\":{\"@id\":\"https:\\\/\\\/kineoweb.fr\\\/kineoblog\\\/acces-partiel-aux-professions-de-sante-avenant-5-de-convention\\\/#primaryimage\"},\"image\":{\"@id\":\"https:\\\/\\\/kineoweb.fr\\\/kineoblog\\\/acces-partiel-aux-professions-de-sante-avenant-5-de-convention\\\/#primaryimage\"},\"thumbnailUrl\":\"https:\\\/\\\/i0.wp.com\\\/kineoweb.fr\\\/kineoblog\\\/wp-content\\\/uploads\\\/sites\\\/2\\\/2017\\\/11\\\/acces-partiel-aux-professions-de-sante.jpg?fit=640%2C375&ssl=1\",\"datePublished\":\"2017-11-28T14:26:45+00:00\",\"dateModified\":\"2017-11-28T14:57:20+00:00\",\"author\":{\"@id\":\"https:\\\/\\\/kineoweb.fr\\\/kineoblog\\\/#\\\/schema\\\/person\\\/276328f3f20d571a6313a40a82bab4ea\"},\"description\":\"L'acc\u00e8s partiel aux professions de sant\u00e9 et l'avenant 5 de la convention collective des masseurs-kin\u00e9sith\u00e9rapeutes font l'actualit\u00e9 des kin\u00e9s.\",\"breadcrumb\":{\"@id\":\"https:\\\/\\\/kineoweb.fr\\\/kineoblog\\\/acces-partiel-aux-professions-de-sante-avenant-5-de-convention\\\/#breadcrumb\"},\"inLanguage\":\"fr-FR\",\"potentialAction\":[{\"@type\":\"ReadAction\",\"target\":[\"https:\\\/\\\/kineoweb.fr\\\/kineoblog\\\/acces-partiel-aux-professions-de-sante-avenant-5-de-convention\\\/\"]}]},{\"@type\":\"ImageObject\",\"inLanguage\":\"fr-FR\",\"@id\":\"https:\\\/\\\/kineoweb.fr\\\/kineoblog\\\/acces-partiel-aux-professions-de-sante-avenant-5-de-convention\\\/#primaryimage\",\"url\":\"https:\\\/\\\/i0.wp.com\\\/kineoweb.fr\\\/kineoblog\\\/wp-content\\\/uploads\\\/sites\\\/2\\\/2017\\\/11\\\/acces-partiel-aux-professions-de-sante.jpg?fit=640%2C375&ssl=1\",\"contentUrl\":\"https:\\\/\\\/i0.wp.com\\\/kineoweb.fr\\\/kineoblog\\\/wp-content\\\/uploads\\\/sites\\\/2\\\/2017\\\/11\\\/acces-partiel-aux-professions-de-sante.jpg?fit=640%2C375&ssl=1\",\"width\":640,\"height\":375,\"caption\":\"acc\u00e8s partiel aux professions de sant\u00e9\"},{\"@type\":\"BreadcrumbList\",\"@id\":\"https:\\\/\\\/kineoweb.fr\\\/kineoblog\\\/acces-partiel-aux-professions-de-sante-avenant-5-de-convention\\\/#breadcrumb\",\"itemListElement\":[{\"@type\":\"ListItem\",\"position\":1,\"name\":\"Accueil\",\"item\":\"https:\\\/\\\/kineoweb.fr\\\/kineoblog\\\/\"},{\"@type\":\"ListItem\",\"position\":2,\"name\":\"Acc\u00e8s partiel aux professions de sant\u00e9 et avenant 5 de la convention\"}]},{\"@type\":\"WebSite\",\"@id\":\"https:\\\/\\\/kineoweb.fr\\\/kineoblog\\\/#website\",\"url\":\"https:\\\/\\\/kineoweb.fr\\\/kineoblog\\\/\",\"name\":\"Kin\u00e9Oblog\",\"description\":\"Conseils et informations pour les Kin\u00e9s et Ost\u00e9os\",\"potentialAction\":[{\"@type\":\"SearchAction\",\"target\":{\"@type\":\"EntryPoint\",\"urlTemplate\":\"https:\\\/\\\/kineoweb.fr\\\/kineoblog\\\/?s={search_term_string}\"},\"query-input\":{\"@type\":\"PropertyValueSpecification\",\"valueRequired\":true,\"valueName\":\"search_term_string\"}}],\"inLanguage\":\"fr-FR\"},{\"@type\":\"Person\",\"@id\":\"https:\\\/\\\/kineoweb.fr\\\/kineoblog\\\/#\\\/schema\\\/person\\\/276328f3f20d571a6313a40a82bab4ea\",\"name\":\"kineoweb\",\"image\":{\"@type\":\"ImageObject\",\"inLanguage\":\"fr-FR\",\"@id\":\"https:\\\/\\\/secure.gravatar.com\\\/avatar\\\/63966abb47ac008849350af90453384a20b61d9f1b4cc0fc20b34cdd2c666586?s=96&d=mm&r=g\",\"url\":\"https:\\\/\\\/secure.gravatar.com\\\/avatar\\\/63966abb47ac008849350af90453384a20b61d9f1b4cc0fc20b34cdd2c666586?s=96&d=mm&r=g\",\"contentUrl\":\"https:\\\/\\\/secure.gravatar.com\\\/avatar\\\/63966abb47ac008849350af90453384a20b61d9f1b4cc0fc20b34cdd2c666586?s=96&d=mm&r=g\",\"caption\":\"kineoweb\"},\"url\":\"https:\\\/\\\/kineoweb.fr\\\/kineoblog\\\/author\\\/kineoweb\\\/\"}]}<\/script>\n<!-- \/ Yoast SEO plugin. -->","yoast_head_json":{"title":"Acc\u00e8s partiel aux professions de sant\u00e9 et avenant 5 de la convention","description":"L'acc\u00e8s partiel aux professions de sant\u00e9 et l'avenant 5 de la convention collective des masseurs-kin\u00e9sith\u00e9rapeutes font l'actualit\u00e9 des kin\u00e9s.","robots":{"index":"index","follow":"follow","max-snippet":"max-snippet:-1","max-image-preview":"max-image-preview:large","max-video-preview":"max-video-preview:-1"},"canonical":"https:\/\/kineoweb.fr\/kineoblog\/acces-partiel-aux-professions-de-sante-avenant-5-de-convention\/","og_locale":"fr_FR","og_type":"article","og_title":"Acc\u00e8s partiel aux professions de sant\u00e9 et avenant 5 de la convention","og_description":"L'acc\u00e8s partiel aux professions de sant\u00e9 et l'avenant 5 de la convention collective des masseurs-kin\u00e9sith\u00e9rapeutes font l'actualit\u00e9 des kin\u00e9s.","og_url":"https:\/\/kineoweb.fr\/kineoblog\/acces-partiel-aux-professions-de-sante-avenant-5-de-convention\/","og_site_name":"Kin\u00e9Oblog","article_publisher":"https:\/\/www.facebook.com\/Kin%c3%a9Oweb-1551479311825491\/?ref=aymt_homepage_panel","article_published_time":"2017-11-28T14:26:45+00:00","article_modified_time":"2017-11-28T14:57:20+00:00","og_image":[{"width":640,"height":375,"url":"https:\/\/kineoweb.fr\/kineoblog\/wp-content\/uploads\/sites\/2\/2017\/11\/acces-partiel-aux-professions-de-sante.jpg","type":"image\/jpeg"}],"author":"kineoweb","twitter_card":"summary_large_image","twitter_misc":{"\u00c9crit par":"kineoweb","Dur\u00e9e de lecture estim\u00e9e":"5 minutes"},"schema":{"@context":"https:\/\/schema.org","@graph":[{"@type":"Article","@id":"https:\/\/kineoweb.fr\/kineoblog\/acces-partiel-aux-professions-de-sante-avenant-5-de-convention\/#article","isPartOf":{"@id":"https:\/\/kineoweb.fr\/kineoblog\/acces-partiel-aux-professions-de-sante-avenant-5-de-convention\/"},"author":{"name":"kineoweb","@id":"https:\/\/kineoweb.fr\/kineoblog\/#\/schema\/person\/276328f3f20d571a6313a40a82bab4ea"},"headline":"Acc\u00e8s partiel aux professions de sant\u00e9 et avenant 5 de la convention","datePublished":"2017-11-28T14:26:45+00:00","dateModified":"2017-11-28T14:57:20+00:00","mainEntityOfPage":{"@id":"https:\/\/kineoweb.fr\/kineoblog\/acces-partiel-aux-professions-de-sante-avenant-5-de-convention\/"},"wordCount":1105,"commentCount":0,"image":{"@id":"https:\/\/kineoweb.fr\/kineoblog\/acces-partiel-aux-professions-de-sante-avenant-5-de-convention\/#primaryimage"},"thumbnailUrl":"https:\/\/i0.wp.com\/kineoweb.fr\/kineoblog\/wp-content\/uploads\/sites\/2\/2017\/11\/acces-partiel-aux-professions-de-sante.jpg?fit=640%2C375&ssl=1","articleSection":["Actualit\u00e9"],"inLanguage":"fr-FR","potentialAction":[{"@type":"CommentAction","name":"Comment","target":["https:\/\/kineoweb.fr\/kineoblog\/acces-partiel-aux-professions-de-sante-avenant-5-de-convention\/#respond"]}]},{"@type":"WebPage","@id":"https:\/\/kineoweb.fr\/kineoblog\/acces-partiel-aux-professions-de-sante-avenant-5-de-convention\/","url":"https:\/\/kineoweb.fr\/kineoblog\/acces-partiel-aux-professions-de-sante-avenant-5-de-convention\/","name":"Acc\u00e8s partiel aux professions de sant\u00e9 et avenant 5 de la convention","isPartOf":{"@id":"https:\/\/kineoweb.fr\/kineoblog\/#website"},"primaryImageOfPage":{"@id":"https:\/\/kineoweb.fr\/kineoblog\/acces-partiel-aux-professions-de-sante-avenant-5-de-convention\/#primaryimage"},"image":{"@id":"https:\/\/kineoweb.fr\/kineoblog\/acces-partiel-aux-professions-de-sante-avenant-5-de-convention\/#primaryimage"},"thumbnailUrl":"https:\/\/i0.wp.com\/kineoweb.fr\/kineoblog\/wp-content\/uploads\/sites\/2\/2017\/11\/acces-partiel-aux-professions-de-sante.jpg?fit=640%2C375&ssl=1","datePublished":"2017-11-28T14:26:45+00:00","dateModified":"2017-11-28T14:57:20+00:00","author":{"@id":"https:\/\/kineoweb.fr\/kineoblog\/#\/schema\/person\/276328f3f20d571a6313a40a82bab4ea"},"description":"L'acc\u00e8s partiel aux professions de sant\u00e9 et l'avenant 5 de la convention collective des masseurs-kin\u00e9sith\u00e9rapeutes font l'actualit\u00e9 des kin\u00e9s.","breadcrumb":{"@id":"https:\/\/kineoweb.fr\/kineoblog\/acces-partiel-aux-professions-de-sante-avenant-5-de-convention\/#breadcrumb"},"inLanguage":"fr-FR","potentialAction":[{"@type":"ReadAction","target":["https:\/\/kineoweb.fr\/kineoblog\/acces-partiel-aux-professions-de-sante-avenant-5-de-convention\/"]}]},{"@type":"ImageObject","inLanguage":"fr-FR","@id":"https:\/\/kineoweb.fr\/kineoblog\/acces-partiel-aux-professions-de-sante-avenant-5-de-convention\/#primaryimage","url":"https:\/\/i0.wp.com\/kineoweb.fr\/kineoblog\/wp-content\/uploads\/sites\/2\/2017\/11\/acces-partiel-aux-professions-de-sante.jpg?fit=640%2C375&ssl=1","contentUrl":"https:\/\/i0.wp.com\/kineoweb.fr\/kineoblog\/wp-content\/uploads\/sites\/2\/2017\/11\/acces-partiel-aux-professions-de-sante.jpg?fit=640%2C375&ssl=1","width":640,"height":375,"caption":"acc\u00e8s partiel aux professions de sant\u00e9"},{"@type":"BreadcrumbList","@id":"https:\/\/kineoweb.fr\/kineoblog\/acces-partiel-aux-professions-de-sante-avenant-5-de-convention\/#breadcrumb","itemListElement":[{"@type":"ListItem","position":1,"name":"Accueil","item":"https:\/\/kineoweb.fr\/kineoblog\/"},{"@type":"ListItem","position":2,"name":"Acc\u00e8s partiel aux professions de sant\u00e9 et avenant 5 de la convention"}]},{"@type":"WebSite","@id":"https:\/\/kineoweb.fr\/kineoblog\/#website","url":"https:\/\/kineoweb.fr\/kineoblog\/","name":"Kin\u00e9Oblog","description":"Conseils et informations pour les Kin\u00e9s et Ost\u00e9os","potentialAction":[{"@type":"SearchAction","target":{"@type":"EntryPoint","urlTemplate":"https:\/\/kineoweb.fr\/kineoblog\/?s={search_term_string}"},"query-input":{"@type":"PropertyValueSpecification","valueRequired":true,"valueName":"search_term_string"}}],"inLanguage":"fr-FR"},{"@type":"Person","@id":"https:\/\/kineoweb.fr\/kineoblog\/#\/schema\/person\/276328f3f20d571a6313a40a82bab4ea","name":"kineoweb","image":{"@type":"ImageObject","inLanguage":"fr-FR","@id":"https:\/\/secure.gravatar.com\/avatar\/63966abb47ac008849350af90453384a20b61d9f1b4cc0fc20b34cdd2c666586?s=96&d=mm&r=g","url":"https:\/\/secure.gravatar.com\/avatar\/63966abb47ac008849350af90453384a20b61d9f1b4cc0fc20b34cdd2c666586?s=96&d=mm&r=g","contentUrl":"https:\/\/secure.gravatar.com\/avatar\/63966abb47ac008849350af90453384a20b61d9f1b4cc0fc20b34cdd2c666586?s=96&d=mm&r=g","caption":"kineoweb"},"url":"https:\/\/kineoweb.fr\/kineoblog\/author\/kineoweb\/"}]}},"jetpack_featured_media_url":"https:\/\/i0.wp.com\/kineoweb.fr\/kineoblog\/wp-content\/uploads\/sites\/2\/2017\/11\/acces-partiel-aux-professions-de-sante.jpg?fit=640%2C375&ssl=1","jetpack_sharing_enabled":true,"_links":{"self":[{"href":"https:\/\/kineoweb.fr\/kineoblog\/wp-json\/wp\/v2\/posts\/478","targetHints":{"allow":["GET"]}}],"collection":[{"href":"https:\/\/kineoweb.fr\/kineoblog\/wp-json\/wp\/v2\/posts"}],"about":[{"href":"https:\/\/kineoweb.fr\/kineoblog\/wp-json\/wp\/v2\/types\/post"}],"author":[{"embeddable":true,"href":"https:\/\/kineoweb.fr\/kineoblog\/wp-json\/wp\/v2\/users\/1"}],"replies":[{"embeddable":true,"href":"https:\/\/kineoweb.fr\/kineoblog\/wp-json\/wp\/v2\/comments?post=478"}],"version-history":[{"count":3,"href":"https:\/\/kineoweb.fr\/kineoblog\/wp-json\/wp\/v2\/posts\/478\/revisions"}],"predecessor-version":[{"id":484,"href":"https:\/\/kineoweb.fr\/kineoblog\/wp-json\/wp\/v2\/posts\/478\/revisions\/484"}],"wp:featuredmedia":[{"embeddable":true,"href":"https:\/\/kineoweb.fr\/kineoblog\/wp-json\/wp\/v2\/media\/480"}],"wp:attachment":[{"href":"https:\/\/kineoweb.fr\/kineoblog\/wp-json\/wp\/v2\/media?parent=478"}],"wp:term":[{"taxonomy":"category","embeddable":true,"href":"https:\/\/kineoweb.fr\/kineoblog\/wp-json\/wp\/v2\/categories?post=478"},{"taxonomy":"post_tag","embeddable":true,"href":"https:\/\/kineoweb.fr\/kineoblog\/wp-json\/wp\/v2\/tags?post=478"}],"curies":[{"name":"wp","href":"https:\/\/api.w.org\/{rel}","templated":true}]}}