{"id":387,"date":"2017-09-06T18:01:57","date_gmt":"2017-09-06T16:01:57","guid":{"rendered":"https:\/\/kineoweb.fr\/kineoblog\/?p=387"},"modified":"2017-09-06T18:01:57","modified_gmt":"2017-09-06T16:01:57","slug":"cest-rentree-retour-actus-kine-de-lete","status":"publish","type":"post","link":"https:\/\/kineoweb.fr\/kineoblog\/cest-rentree-retour-actus-kine-de-lete\/","title":{"rendered":"C\u2019est la rentr\u00e9e: retour sur les actus kin\u00e9 de l\u2019\u00e9t\u00e9"},"content":{"rendered":"<p>[et_pb_section bb_built=\u00a0\u00bb1&Prime;][et_pb_row][et_pb_column type=\u00a0\u00bb4_4&Prime;][et_pb_text _builder_version=\u00a0\u00bb3.0.67&Prime; background_layout=\u00a0\u00bblight\u00a0\u00bb text_orientation=\u00a0\u00bbjustified\u00a0\u00bb border_style=\u00a0\u00bbsolid\u00a0\u00bb]<\/p>\n<p>L\u2019\u00e9t\u00e9 des kin\u00e9s a d\u2019abord \u00e9t\u00e9 tr\u00e8s orageux pour les lib\u00e9raux avec le refus de signer la convention qui \u00e9tait sur la table des n\u00e9gociations depuis D\u00e9cembre 2016. Le temps est toujours incertain pour les agents de la fonction publique suite \u00e0 une averse de d\u00e9crets entre le 9 et 11 ao\u00fbt.<\/p>\n<h2>Le rejet de la convention des Masseurs-Kin\u00e9sith\u00e9rapeutes:<\/h2>\n<p>Les n\u00e9gociations conventionnelles entre les 2 principaux syndicats des kin\u00e9sith\u00e9rapeutes (FFMKR et l\u2019Union SNMKR \/ Objectif Kin\u00e9) et l\u2019UNCAM auront dur\u00e9 plus de 7 mois. Nous les avions d\u2019ailleur suivi avec beaucoup d\u2019attention <a href=\"https:\/\/kineoweb.fr\/kineoblog\/negociation-conventionnelle\/\" target=\"_blank\" rel=\"noopener\">ici<\/a> et <a href=\"https:\/\/kineoweb.fr\/kineoblog\/negociations-conventionnelles-kines\/\" target=\"_blank\" rel=\"noopener\">l\u00e0<\/a>. Le couperet est finalement tomb\u00e9 d\u00e9but juillet avec un premier refus de la FFMKR suivi du refus de l\u2019Union apr\u00e8s une consultation ouverte sur leur site nego-kine.fr.<\/p>\n<h3>Revalorisation et planification en cause.<\/h3>\n<p>La principale raison de ce double refus est une revalorisation trop frileuse et surtout tr\u00e8s s\u00e9lective de la part de l\u2019UNCAM. Les syndicats (et tous les kin\u00e9s) attendaient une revalorisation de la lettre cl\u00e9 qui n\u2019a pas augment\u00e9 en 12 ans (oui je sais j\u2019exag\u00e8re, il y a eu une augmentation de 11 centimes). Le SNMKR a \u00e9galement orient\u00e9 le d\u00e9bat vers un tarif unique (au final <a href=\"https:\/\/nego-kine.fr\/blog\/l-union-opte-pour-le-rassemblement-sur-les-orientations-tarifaires\" target=\"_blank\" rel=\"noopener\">3 niveaux de tarifs<\/a>) et une simplification de la nomenclature.<\/p>\n<p>Il y avait bien quelques propositions int\u00e9ressantes comme la revalorisation \u00e0 23\u20ac du BDK (contre 17,42\u20ac) facturable d\u00e8s la 1\u00e8re s\u00e9ance (\u00e0 partir de la 10\u00e8me actuellement) ou le passage de AMK 7 \u00e0 AMK 8 et AMK 8 \u00e0 AMK 8,5. Cependant le <a href=\"https:\/\/www.ffmkr.org\/_upload\/ressources\/actualites\/tableau_mesures_avenant_5_mk_v_15-06-2017.pdf\" target=\"_blank\" rel=\"noopener\">planning<\/a> repoussait leur mise en place effective jusqu\u2019en 2021 (juste 1 an avant les prochaines n\u00e9gos\u2026 malin).<\/p>\n<p>[\/et_pb_text][\/et_pb_column][\/et_pb_row][et_pb_row][et_pb_column type=\u00a0\u00bb4_4&Prime;][et_pb_image _builder_version=\u00a0\u00bb3.0.67&Prime; src=\u00a0\u00bbhttps:\/\/kineoweb.fr\/kineoblog\/wp-content\/uploads\/sites\/2\/2017\/09\/kine-fonction-publique.jpg\u00a0\u00bb show_in_lightbox=\u00a0\u00bboff\u00a0\u00bb url_new_window=\u00a0\u00bboff\u00a0\u00bb use_overlay=\u00a0\u00bboff\u00a0\u00bb sticky=\u00a0\u00bboff\u00a0\u00bb align=\u00a0\u00bbleft\u00a0\u00bb always_center_on_mobile=\u00a0\u00bbon\u00a0\u00bb border_style=\u00a0\u00bbsolid\u00a0\u00bb force_fullwidth=\u00a0\u00bboff\u00a0\u00bb animation=\u00a0\u00bboff\u00a0\u00bb \/][\/et_pb_column][\/et_pb_row][et_pb_row][et_pb_column type=\u00a0\u00bb4_4&Prime;][et_pb_text _builder_version=\u00a0\u00bb3.0.67&Prime; background_layout=\u00a0\u00bblight\u00a0\u00bb text_orientation=\u00a0\u00bbjustified\u00a0\u00bb border_style=\u00a0\u00bbsolid\u00a0\u00bb]<\/p>\n<h2>Passage en cat\u00e9gorie A pour les kin\u00e9s de la fonction publique.<\/h2>\n<p>Le <a href=\"https:\/\/www.legifrance.gouv.fr\/eli\/decret\/2017\/8\/9\/SSAH1704434D\/jo\" target=\"_blank\" rel=\"noopener\">d\u00e9cret n\u00b0 2017-1259<\/a> du 9 ao\u00fbt 2017 qui red\u00e9finit les dispositions statutaires des personnels de r\u00e9\u00e9ducation de cat\u00e9gorie A de la fonction publique hospitali\u00e8re est entr\u00e9 en vigueur le 1er Septembre. Les nouveaux agents recrut\u00e9s \u00e0 compter de cette date sont syst\u00e9matiquement int\u00e9gr\u00e9s \u00e0 la cat\u00e9gorie A avec la nouvelle grille indiciaire (applicable \u00e0 partir du 1 janvier 2018) qui leur correspond et un d\u00e9part \u00e0 la retraite \u00e0 partir de 62 ans. Donc pas de dilemme pour ceux-la.<\/p>\n<h3>Quand l\u2019histoire se r\u00e9p\u00e8te<\/h3>\n<p>Le choix sera plus corn\u00e9lien pour les masseurs-kin\u00e9sith\u00e9rapeutes class\u00e9s actuellement en cat\u00e9gorie B qui ont jusqu\u2019au 28 f\u00e9vrier 2018 pour se d\u00e9cider de changer volontairement en cat\u00e9gorie A\u2026 ou pas. Mais pas de panique! les infirmiers sont d\u00e9j\u00e0 pass\u00e9 par <a href=\"https:\/\/www.legifrance.gouv.fr\/affichTexte.do?cidTexte=JORFTEXT000022866295&amp;categorieLien=id\" target=\"_blank\" rel=\"noopener\">cette case en 2010<\/a>: demandez leur leur avis. Si l\u2019\u00e9chelonnement indiciaire peut donner envie \u00e0 certains de faire le grand saut il faut bien calculer avec le recul du d\u00e9part \u00e0 la retraite (60 ans au lieu de 57 actuellement).<\/p>\n<p>Le mieux, plut\u00f4t que de retourner le scalpel dans la plaie des infirmiers, sera donc de consulter la DRH et de demander des simulations avec changement de cat\u00e9gorie vs sans rien changer du tout. Si vous d\u00e9cidez volontairement de rester dans la cat\u00e9gorie \u201cen voie d\u2019extinction\u201d (c\u2019est le d\u00e9cret qui le dit!) ne comptez pas sur la WWF pour vous prot\u00e9ger, vous aurez fait votre choix en \u00e2me et conscience et vous aurez certainement raison.<\/p>\n<p>[\/et_pb_text][\/et_pb_column][\/et_pb_row][\/et_pb_section]<\/p>\n","protected":false},"excerpt":{"rendered":"<p><div class=\"et_pb_row et_pb_row_0 et_pb_row_empty\">\n\t\t\t\t\n\t\t\t\t\n\t\t\t\t\n\t\t\t\t\n\t\t\t\t\n\t\t\t<\/div> L\u2019\u00e9t\u00e9 des kin\u00e9s a d\u2019abord \u00e9t\u00e9 tr\u00e8s orageux pour les lib\u00e9raux avec le refus de signer la convention qui \u00e9tait sur la table des n\u00e9gociations depuis D\u00e9cembre 2016. Le temps est toujours incertain pour les agents de la fonction publique suite \u00e0 une averse de d\u00e9crets entre le 9 et 11 ao\u00fbt. Le rejet [&hellip;]<\/p>\n","protected":false},"author":1,"featured_media":388,"comment_status":"open","ping_status":"open","sticky":false,"template":"","format":"standard","meta":{"_et_pb_use_builder":"on","_et_pb_old_content":"","_et_gb_content_width":"","_monsterinsights_skip_tracking":false,"_monsterinsights_sitenote_active":false,"_monsterinsights_sitenote_note":"","_monsterinsights_sitenote_category":0,"_jetpack_memberships_contains_paid_content":false,"footnotes":""},"categories":[2],"tags":[],"class_list":["post-387","post","type-post","status-publish","format-standard","has-post-thumbnail","hentry","category-actualite"],"yoast_head":"<!-- This site is optimized with the Yoast SEO plugin v27.4 - https:\/\/yoast.com\/product\/yoast-seo-wordpress\/ -->\n<title>C\u2019est la rentr\u00e9e: retour sur les actus kin\u00e9 de l\u2019\u00e9t\u00e9 - Kin\u00e9Oblog<\/title>\n<meta name=\"robots\" content=\"index, follow, max-snippet:-1, max-image-preview:large, max-video-preview:-1\" \/>\n<link rel=\"canonical\" href=\"https:\/\/kineoweb.fr\/kineoblog\/cest-rentree-retour-actus-kine-de-lete\/\" \/>\n<meta property=\"og:locale\" content=\"fr_FR\" \/>\n<meta property=\"og:type\" content=\"article\" \/>\n<meta property=\"og:title\" content=\"C\u2019est la rentr\u00e9e: retour sur les actus kin\u00e9 de l\u2019\u00e9t\u00e9 - Kin\u00e9Oblog\" \/>\n<meta property=\"og:description\" content=\"L\u2019\u00e9t\u00e9 des kin\u00e9s a d\u2019abord \u00e9t\u00e9 tr\u00e8s orageux pour les lib\u00e9raux avec le refus de signer la convention qui \u00e9tait sur la table des n\u00e9gociations depuis D\u00e9cembre 2016. Le temps est toujours incertain pour les agents de la fonction publique suite \u00e0 une averse de d\u00e9crets entre le 9 et 11 ao\u00fbt. Le rejet [&hellip;]\" \/>\n<meta property=\"og:url\" content=\"https:\/\/kineoweb.fr\/kineoblog\/cest-rentree-retour-actus-kine-de-lete\/\" \/>\n<meta property=\"og:site_name\" content=\"Kin\u00e9Oblog\" \/>\n<meta property=\"article:publisher\" content=\"https:\/\/www.facebook.com\/Kin%c3%a9Oweb-1551479311825491\/?ref=aymt_homepage_panel\" \/>\n<meta property=\"article:published_time\" content=\"2017-09-06T16:01:57+00:00\" \/>\n<meta property=\"og:image\" content=\"https:\/\/kineoweb.fr\/kineoblog\/wp-content\/uploads\/sites\/2\/2017\/09\/rentree-actu-kine.jpg\" \/>\n\t<meta property=\"og:image:width\" content=\"640\" \/>\n\t<meta property=\"og:image:height\" content=\"512\" \/>\n\t<meta property=\"og:image:type\" content=\"image\/jpeg\" \/>\n<meta name=\"author\" content=\"kineoweb\" \/>\n<meta name=\"twitter:card\" content=\"summary_large_image\" \/>\n<meta name=\"twitter:label1\" content=\"\u00c9crit par\" \/>\n\t<meta name=\"twitter:data1\" content=\"kineoweb\" \/>\n\t<meta name=\"twitter:label2\" content=\"Dur\u00e9e de lecture estim\u00e9e\" \/>\n\t<meta name=\"twitter:data2\" content=\"3 minutes\" \/>\n<script type=\"application\/ld+json\" class=\"yoast-schema-graph\">{\"@context\":\"https:\\\/\\\/schema.org\",\"@graph\":[{\"@type\":\"Article\",\"@id\":\"https:\\\/\\\/kineoweb.fr\\\/kineoblog\\\/cest-rentree-retour-actus-kine-de-lete\\\/#article\",\"isPartOf\":{\"@id\":\"https:\\\/\\\/kineoweb.fr\\\/kineoblog\\\/cest-rentree-retour-actus-kine-de-lete\\\/\"},\"author\":{\"name\":\"kineoweb\",\"@id\":\"https:\\\/\\\/kineoweb.fr\\\/kineoblog\\\/#\\\/schema\\\/person\\\/276328f3f20d571a6313a40a82bab4ea\"},\"headline\":\"C\u2019est la rentr\u00e9e: retour sur les actus kin\u00e9 de l\u2019\u00e9t\u00e9\",\"datePublished\":\"2017-09-06T16:01:57+00:00\",\"mainEntityOfPage\":{\"@id\":\"https:\\\/\\\/kineoweb.fr\\\/kineoblog\\\/cest-rentree-retour-actus-kine-de-lete\\\/\"},\"wordCount\":685,\"commentCount\":0,\"image\":{\"@id\":\"https:\\\/\\\/kineoweb.fr\\\/kineoblog\\\/cest-rentree-retour-actus-kine-de-lete\\\/#primaryimage\"},\"thumbnailUrl\":\"https:\\\/\\\/i0.wp.com\\\/kineoweb.fr\\\/kineoblog\\\/wp-content\\\/uploads\\\/sites\\\/2\\\/2017\\\/09\\\/rentree-actu-kine.jpg?fit=640%2C512&ssl=1\",\"articleSection\":[\"Actualit\u00e9\"],\"inLanguage\":\"fr-FR\",\"potentialAction\":[{\"@type\":\"CommentAction\",\"name\":\"Comment\",\"target\":[\"https:\\\/\\\/kineoweb.fr\\\/kineoblog\\\/cest-rentree-retour-actus-kine-de-lete\\\/#respond\"]}]},{\"@type\":\"WebPage\",\"@id\":\"https:\\\/\\\/kineoweb.fr\\\/kineoblog\\\/cest-rentree-retour-actus-kine-de-lete\\\/\",\"url\":\"https:\\\/\\\/kineoweb.fr\\\/kineoblog\\\/cest-rentree-retour-actus-kine-de-lete\\\/\",\"name\":\"C\u2019est la rentr\u00e9e: retour sur les actus kin\u00e9 de l\u2019\u00e9t\u00e9 - Kin\u00e9Oblog\",\"isPartOf\":{\"@id\":\"https:\\\/\\\/kineoweb.fr\\\/kineoblog\\\/#website\"},\"primaryImageOfPage\":{\"@id\":\"https:\\\/\\\/kineoweb.fr\\\/kineoblog\\\/cest-rentree-retour-actus-kine-de-lete\\\/#primaryimage\"},\"image\":{\"@id\":\"https:\\\/\\\/kineoweb.fr\\\/kineoblog\\\/cest-rentree-retour-actus-kine-de-lete\\\/#primaryimage\"},\"thumbnailUrl\":\"https:\\\/\\\/i0.wp.com\\\/kineoweb.fr\\\/kineoblog\\\/wp-content\\\/uploads\\\/sites\\\/2\\\/2017\\\/09\\\/rentree-actu-kine.jpg?fit=640%2C512&ssl=1\",\"datePublished\":\"2017-09-06T16:01:57+00:00\",\"author\":{\"@id\":\"https:\\\/\\\/kineoweb.fr\\\/kineoblog\\\/#\\\/schema\\\/person\\\/276328f3f20d571a6313a40a82bab4ea\"},\"breadcrumb\":{\"@id\":\"https:\\\/\\\/kineoweb.fr\\\/kineoblog\\\/cest-rentree-retour-actus-kine-de-lete\\\/#breadcrumb\"},\"inLanguage\":\"fr-FR\",\"potentialAction\":[{\"@type\":\"ReadAction\",\"target\":[\"https:\\\/\\\/kineoweb.fr\\\/kineoblog\\\/cest-rentree-retour-actus-kine-de-lete\\\/\"]}]},{\"@type\":\"ImageObject\",\"inLanguage\":\"fr-FR\",\"@id\":\"https:\\\/\\\/kineoweb.fr\\\/kineoblog\\\/cest-rentree-retour-actus-kine-de-lete\\\/#primaryimage\",\"url\":\"https:\\\/\\\/i0.wp.com\\\/kineoweb.fr\\\/kineoblog\\\/wp-content\\\/uploads\\\/sites\\\/2\\\/2017\\\/09\\\/rentree-actu-kine.jpg?fit=640%2C512&ssl=1\",\"contentUrl\":\"https:\\\/\\\/i0.wp.com\\\/kineoweb.fr\\\/kineoblog\\\/wp-content\\\/uploads\\\/sites\\\/2\\\/2017\\\/09\\\/rentree-actu-kine.jpg?fit=640%2C512&ssl=1\",\"width\":640,\"height\":512,\"caption\":\"actualit\u00e9 kin\u00e9\"},{\"@type\":\"BreadcrumbList\",\"@id\":\"https:\\\/\\\/kineoweb.fr\\\/kineoblog\\\/cest-rentree-retour-actus-kine-de-lete\\\/#breadcrumb\",\"itemListElement\":[{\"@type\":\"ListItem\",\"position\":1,\"name\":\"Accueil\",\"item\":\"https:\\\/\\\/kineoweb.fr\\\/kineoblog\\\/\"},{\"@type\":\"ListItem\",\"position\":2,\"name\":\"C\u2019est la rentr\u00e9e: retour sur les actus kin\u00e9 de l\u2019\u00e9t\u00e9\"}]},{\"@type\":\"WebSite\",\"@id\":\"https:\\\/\\\/kineoweb.fr\\\/kineoblog\\\/#website\",\"url\":\"https:\\\/\\\/kineoweb.fr\\\/kineoblog\\\/\",\"name\":\"Kin\u00e9Oblog\",\"description\":\"Conseils et informations pour les Kin\u00e9s et Ost\u00e9os\",\"potentialAction\":[{\"@type\":\"SearchAction\",\"target\":{\"@type\":\"EntryPoint\",\"urlTemplate\":\"https:\\\/\\\/kineoweb.fr\\\/kineoblog\\\/?s={search_term_string}\"},\"query-input\":{\"@type\":\"PropertyValueSpecification\",\"valueRequired\":true,\"valueName\":\"search_term_string\"}}],\"inLanguage\":\"fr-FR\"},{\"@type\":\"Person\",\"@id\":\"https:\\\/\\\/kineoweb.fr\\\/kineoblog\\\/#\\\/schema\\\/person\\\/276328f3f20d571a6313a40a82bab4ea\",\"name\":\"kineoweb\",\"image\":{\"@type\":\"ImageObject\",\"inLanguage\":\"fr-FR\",\"@id\":\"https:\\\/\\\/secure.gravatar.com\\\/avatar\\\/63966abb47ac008849350af90453384a20b61d9f1b4cc0fc20b34cdd2c666586?s=96&d=mm&r=g\",\"url\":\"https:\\\/\\\/secure.gravatar.com\\\/avatar\\\/63966abb47ac008849350af90453384a20b61d9f1b4cc0fc20b34cdd2c666586?s=96&d=mm&r=g\",\"contentUrl\":\"https:\\\/\\\/secure.gravatar.com\\\/avatar\\\/63966abb47ac008849350af90453384a20b61d9f1b4cc0fc20b34cdd2c666586?s=96&d=mm&r=g\",\"caption\":\"kineoweb\"},\"url\":\"https:\\\/\\\/kineoweb.fr\\\/kineoblog\\\/author\\\/kineoweb\\\/\"}]}<\/script>\n<!-- \/ Yoast SEO plugin. -->","yoast_head_json":{"title":"C\u2019est la rentr\u00e9e: retour sur les actus kin\u00e9 de l\u2019\u00e9t\u00e9 - Kin\u00e9Oblog","robots":{"index":"index","follow":"follow","max-snippet":"max-snippet:-1","max-image-preview":"max-image-preview:large","max-video-preview":"max-video-preview:-1"},"canonical":"https:\/\/kineoweb.fr\/kineoblog\/cest-rentree-retour-actus-kine-de-lete\/","og_locale":"fr_FR","og_type":"article","og_title":"C\u2019est la rentr\u00e9e: retour sur les actus kin\u00e9 de l\u2019\u00e9t\u00e9 - Kin\u00e9Oblog","og_description":"L\u2019\u00e9t\u00e9 des kin\u00e9s a d\u2019abord \u00e9t\u00e9 tr\u00e8s orageux pour les lib\u00e9raux avec le refus de signer la convention qui \u00e9tait sur la table des n\u00e9gociations depuis D\u00e9cembre 2016. Le temps est toujours incertain pour les agents de la fonction publique suite \u00e0 une averse de d\u00e9crets entre le 9 et 11 ao\u00fbt. Le rejet [&hellip;]","og_url":"https:\/\/kineoweb.fr\/kineoblog\/cest-rentree-retour-actus-kine-de-lete\/","og_site_name":"Kin\u00e9Oblog","article_publisher":"https:\/\/www.facebook.com\/Kin%c3%a9Oweb-1551479311825491\/?ref=aymt_homepage_panel","article_published_time":"2017-09-06T16:01:57+00:00","og_image":[{"width":640,"height":512,"url":"https:\/\/kineoweb.fr\/kineoblog\/wp-content\/uploads\/sites\/2\/2017\/09\/rentree-actu-kine.jpg","type":"image\/jpeg"}],"author":"kineoweb","twitter_card":"summary_large_image","twitter_misc":{"\u00c9crit par":"kineoweb","Dur\u00e9e de lecture estim\u00e9e":"3 minutes"},"schema":{"@context":"https:\/\/schema.org","@graph":[{"@type":"Article","@id":"https:\/\/kineoweb.fr\/kineoblog\/cest-rentree-retour-actus-kine-de-lete\/#article","isPartOf":{"@id":"https:\/\/kineoweb.fr\/kineoblog\/cest-rentree-retour-actus-kine-de-lete\/"},"author":{"name":"kineoweb","@id":"https:\/\/kineoweb.fr\/kineoblog\/#\/schema\/person\/276328f3f20d571a6313a40a82bab4ea"},"headline":"C\u2019est la rentr\u00e9e: retour sur les actus kin\u00e9 de l\u2019\u00e9t\u00e9","datePublished":"2017-09-06T16:01:57+00:00","mainEntityOfPage":{"@id":"https:\/\/kineoweb.fr\/kineoblog\/cest-rentree-retour-actus-kine-de-lete\/"},"wordCount":685,"commentCount":0,"image":{"@id":"https:\/\/kineoweb.fr\/kineoblog\/cest-rentree-retour-actus-kine-de-lete\/#primaryimage"},"thumbnailUrl":"https:\/\/i0.wp.com\/kineoweb.fr\/kineoblog\/wp-content\/uploads\/sites\/2\/2017\/09\/rentree-actu-kine.jpg?fit=640%2C512&ssl=1","articleSection":["Actualit\u00e9"],"inLanguage":"fr-FR","potentialAction":[{"@type":"CommentAction","name":"Comment","target":["https:\/\/kineoweb.fr\/kineoblog\/cest-rentree-retour-actus-kine-de-lete\/#respond"]}]},{"@type":"WebPage","@id":"https:\/\/kineoweb.fr\/kineoblog\/cest-rentree-retour-actus-kine-de-lete\/","url":"https:\/\/kineoweb.fr\/kineoblog\/cest-rentree-retour-actus-kine-de-lete\/","name":"C\u2019est la rentr\u00e9e: retour sur les actus kin\u00e9 de l\u2019\u00e9t\u00e9 - Kin\u00e9Oblog","isPartOf":{"@id":"https:\/\/kineoweb.fr\/kineoblog\/#website"},"primaryImageOfPage":{"@id":"https:\/\/kineoweb.fr\/kineoblog\/cest-rentree-retour-actus-kine-de-lete\/#primaryimage"},"image":{"@id":"https:\/\/kineoweb.fr\/kineoblog\/cest-rentree-retour-actus-kine-de-lete\/#primaryimage"},"thumbnailUrl":"https:\/\/i0.wp.com\/kineoweb.fr\/kineoblog\/wp-content\/uploads\/sites\/2\/2017\/09\/rentree-actu-kine.jpg?fit=640%2C512&ssl=1","datePublished":"2017-09-06T16:01:57+00:00","author":{"@id":"https:\/\/kineoweb.fr\/kineoblog\/#\/schema\/person\/276328f3f20d571a6313a40a82bab4ea"},"breadcrumb":{"@id":"https:\/\/kineoweb.fr\/kineoblog\/cest-rentree-retour-actus-kine-de-lete\/#breadcrumb"},"inLanguage":"fr-FR","potentialAction":[{"@type":"ReadAction","target":["https:\/\/kineoweb.fr\/kineoblog\/cest-rentree-retour-actus-kine-de-lete\/"]}]},{"@type":"ImageObject","inLanguage":"fr-FR","@id":"https:\/\/kineoweb.fr\/kineoblog\/cest-rentree-retour-actus-kine-de-lete\/#primaryimage","url":"https:\/\/i0.wp.com\/kineoweb.fr\/kineoblog\/wp-content\/uploads\/sites\/2\/2017\/09\/rentree-actu-kine.jpg?fit=640%2C512&ssl=1","contentUrl":"https:\/\/i0.wp.com\/kineoweb.fr\/kineoblog\/wp-content\/uploads\/sites\/2\/2017\/09\/rentree-actu-kine.jpg?fit=640%2C512&ssl=1","width":640,"height":512,"caption":"actualit\u00e9 kin\u00e9"},{"@type":"BreadcrumbList","@id":"https:\/\/kineoweb.fr\/kineoblog\/cest-rentree-retour-actus-kine-de-lete\/#breadcrumb","itemListElement":[{"@type":"ListItem","position":1,"name":"Accueil","item":"https:\/\/kineoweb.fr\/kineoblog\/"},{"@type":"ListItem","position":2,"name":"C\u2019est la rentr\u00e9e: retour sur les actus kin\u00e9 de l\u2019\u00e9t\u00e9"}]},{"@type":"WebSite","@id":"https:\/\/kineoweb.fr\/kineoblog\/#website","url":"https:\/\/kineoweb.fr\/kineoblog\/","name":"Kin\u00e9Oblog","description":"Conseils et informations pour les Kin\u00e9s et Ost\u00e9os","potentialAction":[{"@type":"SearchAction","target":{"@type":"EntryPoint","urlTemplate":"https:\/\/kineoweb.fr\/kineoblog\/?s={search_term_string}"},"query-input":{"@type":"PropertyValueSpecification","valueRequired":true,"valueName":"search_term_string"}}],"inLanguage":"fr-FR"},{"@type":"Person","@id":"https:\/\/kineoweb.fr\/kineoblog\/#\/schema\/person\/276328f3f20d571a6313a40a82bab4ea","name":"kineoweb","image":{"@type":"ImageObject","inLanguage":"fr-FR","@id":"https:\/\/secure.gravatar.com\/avatar\/63966abb47ac008849350af90453384a20b61d9f1b4cc0fc20b34cdd2c666586?s=96&d=mm&r=g","url":"https:\/\/secure.gravatar.com\/avatar\/63966abb47ac008849350af90453384a20b61d9f1b4cc0fc20b34cdd2c666586?s=96&d=mm&r=g","contentUrl":"https:\/\/secure.gravatar.com\/avatar\/63966abb47ac008849350af90453384a20b61d9f1b4cc0fc20b34cdd2c666586?s=96&d=mm&r=g","caption":"kineoweb"},"url":"https:\/\/kineoweb.fr\/kineoblog\/author\/kineoweb\/"}]}},"jetpack_featured_media_url":"https:\/\/i0.wp.com\/kineoweb.fr\/kineoblog\/wp-content\/uploads\/sites\/2\/2017\/09\/rentree-actu-kine.jpg?fit=640%2C512&ssl=1","jetpack_sharing_enabled":true,"_links":{"self":[{"href":"https:\/\/kineoweb.fr\/kineoblog\/wp-json\/wp\/v2\/posts\/387","targetHints":{"allow":["GET"]}}],"collection":[{"href":"https:\/\/kineoweb.fr\/kineoblog\/wp-json\/wp\/v2\/posts"}],"about":[{"href":"https:\/\/kineoweb.fr\/kineoblog\/wp-json\/wp\/v2\/types\/post"}],"author":[{"embeddable":true,"href":"https:\/\/kineoweb.fr\/kineoblog\/wp-json\/wp\/v2\/users\/1"}],"replies":[{"embeddable":true,"href":"https:\/\/kineoweb.fr\/kineoblog\/wp-json\/wp\/v2\/comments?post=387"}],"version-history":[{"count":2,"href":"https:\/\/kineoweb.fr\/kineoblog\/wp-json\/wp\/v2\/posts\/387\/revisions"}],"predecessor-version":[{"id":391,"href":"https:\/\/kineoweb.fr\/kineoblog\/wp-json\/wp\/v2\/posts\/387\/revisions\/391"}],"wp:featuredmedia":[{"embeddable":true,"href":"https:\/\/kineoweb.fr\/kineoblog\/wp-json\/wp\/v2\/media\/388"}],"wp:attachment":[{"href":"https:\/\/kineoweb.fr\/kineoblog\/wp-json\/wp\/v2\/media?parent=387"}],"wp:term":[{"taxonomy":"category","embeddable":true,"href":"https:\/\/kineoweb.fr\/kineoblog\/wp-json\/wp\/v2\/categories?post=387"},{"taxonomy":"post_tag","embeddable":true,"href":"https:\/\/kineoweb.fr\/kineoblog\/wp-json\/wp\/v2\/tags?post=387"}],"curies":[{"name":"wp","href":"https:\/\/api.w.org\/{rel}","templated":true}]}}