{"id":189,"date":"2016-11-16T16:04:29","date_gmt":"2016-11-16T15:04:29","guid":{"rendered":"https:\/\/kineoweb.fr\/kineoblog\/?p=189"},"modified":"2016-11-30T12:15:47","modified_gmt":"2016-11-30T11:15:47","slug":"interview-kines-du-monde","status":"publish","type":"post","link":"https:\/\/kineoweb.fr\/kineoblog\/interview-kines-du-monde\/","title":{"rendered":"Interview Kin\u00e9s Du Monde"},"content":{"rendered":"<p>[et_pb_section transparent_background=\u00a0\u00bboff\u00a0\u00bb allow_player_pause=\u00a0\u00bboff\u00a0\u00bb inner_shadow=\u00a0\u00bboff\u00a0\u00bb parallax=\u00a0\u00bboff\u00a0\u00bb parallax_method=\u00a0\u00bbon\u00a0\u00bb padding_mobile=\u00a0\u00bboff\u00a0\u00bb make_fullwidth=\u00a0\u00bboff\u00a0\u00bb use_custom_width=\u00a0\u00bboff\u00a0\u00bb width_unit=\u00a0\u00bboff\u00a0\u00bb custom_width_px=\u00a0\u00bb1080px\u00a0\u00bb custom_width_percent=\u00a0\u00bb80%\u00a0\u00bb make_equal=\u00a0\u00bboff\u00a0\u00bb use_custom_gutter=\u00a0\u00bboff\u00a0\u00bb fullwidth=\u00a0\u00bboff\u00a0\u00bb specialty=\u00a0\u00bboff\u00a0\u00bb admin_label=\u00a0\u00bbsection\u00a0\u00bb disabled=\u00a0\u00bboff\u00a0\u00bb][et_pb_row make_fullwidth=\u00a0\u00bbon\u00a0\u00bb use_custom_width=\u00a0\u00bboff\u00a0\u00bb width_unit=\u00a0\u00bbon\u00a0\u00bb custom_width_px=\u00a0\u00bb1080px\u00a0\u00bb custom_width_percent=\u00a0\u00bb80%\u00a0\u00bb use_custom_gutter=\u00a0\u00bboff\u00a0\u00bb gutter_width=\u00a0\u00bb3&Prime; padding_mobile=\u00a0\u00bboff\u00a0\u00bb allow_player_pause=\u00a0\u00bboff\u00a0\u00bb parallax=\u00a0\u00bboff\u00a0\u00bb parallax_method=\u00a0\u00bboff\u00a0\u00bb make_equal=\u00a0\u00bboff\u00a0\u00bb column_padding_mobile=\u00a0\u00bbon\u00a0\u00bb parallax_1=\u00a0\u00bboff\u00a0\u00bb parallax_method_1=\u00a0\u00bboff\u00a0\u00bb parallax_2=\u00a0\u00bboff\u00a0\u00bb parallax_method_2=\u00a0\u00bbon\u00a0\u00bb parallax_3=\u00a0\u00bboff\u00a0\u00bb parallax_method_3=\u00a0\u00bbon\u00a0\u00bb parallax_4=\u00a0\u00bboff\u00a0\u00bb parallax_method_4=\u00a0\u00bbon\u00a0\u00bb admin_label=\u00a0\u00bbrow\u00a0\u00bb disabled=\u00a0\u00bboff\u00a0\u00bb][et_pb_column type=\u00a0\u00bb4_4&Prime; disabled=\u00a0\u00bboff\u00a0\u00bb parallax=\u00a0\u00bboff\u00a0\u00bb parallax_method=\u00a0\u00bboff\u00a0\u00bb column_padding_mobile=\u00a0\u00bbon\u00a0\u00bb][et_pb_text background_layout=\u00a0\u00bblight\u00a0\u00bb text_orientation=\u00a0\u00bbjustified\u00a0\u00bb admin_label=\u00a0\u00bbTexte\u00a0\u00bb use_border_color=\u00a0\u00bboff\u00a0\u00bb border_style=\u00a0\u00bbsolid\u00a0\u00bb disabled=\u00a0\u00bboff\u00a0\u00bb]<\/p>\n<p>A quelques mois du 30\u00e8me anniversaire de <a href=\"http:\/\/www.kines-du-monde.org\/\">Kin\u00e9sith\u00e9rapeutes du Monde<\/a>, Monsieur Jean-Paul DAVID, pr\u00e9sident de l&rsquo;association, nous offre une v\u00e9ritable introspection de l&rsquo;organisation internationnale dans une interview exclusive pour Kin\u00e9Oblog. D\u00e9couvrez les plus belles r\u00e9ussites, les projets en cours et \u00e0 venir, et comment s&rsquo;impliquer aupr\u00e8s de Kin\u00e9s du Monde \u00e0 l&rsquo;\u00e9tranger, en France et m\u00eame depuis son canap\u00e9. Bonne lecture !<\/p>\n<p>&nbsp;<\/p>\n<h2>Dans quelques mois vous f\u00eaterez les 30 ans de Kin\u00e9s du Monde, pr\u00e9sentez-nous votre Organisation et vos plus belles r\u00e9ussites.<\/h2>\n<p>Kin\u00e9s du Monde est une association de solidarit\u00e9 internationale. Notre principale mission est de faciliter l&rsquo;acc\u00e8s aux soins des personnes fragilis\u00e9es et handicap\u00e9es en apportant une aide concr\u00e8te notamment via la formation \u00e0 la prise en charge du handicap. Nos \u00e9quipes de praticiens de sant\u00e9 (kin\u00e9sith\u00e9rapeutes, ergoth\u00e9rapeutes, orthophonistes, psychomotriciens, m\u00e9decins, infirmiers&#8230;) forment le personnel associ\u00e9 \u00e0 une structure locale : cr\u00e8ches, dispensaires, h\u00f4pitaux, centre de r\u00e9\u00e9ducation&#8230; Depuis 30 ans, Kin\u00e9s du Monde collabore avec des partenaires dynamiques et investis. Ensemble, nous \u0153uvrons pour faire reconna\u00eetre l&rsquo;importance de la r\u00e9\u00e9ducation dans leur pays. Pour nos volontaires expatri\u00e9s, c&rsquo;est une belle aventure humaine et professionnelle.<\/p>\n<p>Dans le cadre de la mission que nous menons actuellement au Haut-Karabagh, nous avons particip\u00e9 \u00e0 installer la r\u00e9\u00e9ducation en milieu hospitalier et nous avons aussi entam\u00e9 une dynamique institutionnelle pour faire reconna\u00eetre la r\u00e9\u00e9ducation et r\u00e9duire les d\u00e9lais \u2013 tr\u00e8s longs \u2013 de reconnaissance du handicap et donc de sa prise en charge\u00a0: \u00e0 ce jour le centre Lady Cox, qui est notre principal partenaire, a obtenu un droit de d\u00e9rogation lui permettant de prendre en charge certains patients avant qu\u2019ils n\u2019obtiennent la reconnaissance officielle de leur handicap. Dans un pays o\u00f9 les bless\u00e9s sont nombreux, il \u00e9tait important de les soigner le plus t\u00f4t possible.<\/p>\n<p>Au Bangladesh, o\u00f9 plusieurs projets ont \u00e9t\u00e9 men\u00e9s aupr\u00e8s de notre partenaire (SARPV) depuis 2001, une \u00e9quipe autonome et performante r\u00e9\u00e9duque maintenant les patients, notamment les enfants atteints de rachitisme et de pied-bot. La prise en charge est de plus en plus pr\u00e9coce. Des fields monitors (assistants des physioth\u00e9rapeutes, relais aupr\u00e8s des populations locales) parcourent la r\u00e9gion pour informer sur le handicap et ses modalit\u00e9s de prise en charge. Nous avons ainsi pu lutter efficacement contre ces pathologies et am\u00e9liorer le suivi de nombreux enfants.<\/p>\n<p>En Inde, nous avons r\u00e9ussi \u00e0 \u00e9tendre notre action \u00e0 la formation de formateurs, une vraie r\u00e9ussite qui p\u00e9rennise r\u00e9ellement l&rsquo;action de Kin\u00e9s du Monde. Cette modalit\u00e9 d\u2019intervention est d\u00e9sormais d\u00e9velopp\u00e9e, lorsque cela est possible, dans chacun des projets mis en place.<\/p>\n<p>&nbsp;<\/p>\n<h2>Vous \u00eates actuellement pr\u00e9sents en Afrique, en Asie et en Europe, quels sont vos besoins imm\u00e9diats\u00a0?<\/h2>\n<p>Comme pour beaucoup d&rsquo;associations, nous sommes en recherche constante de fonds pour nos missions. Nous sommes tr\u00e8s sollicit\u00e9s et malheureusement, nous ne pouvons r\u00e9pondre \u00e0 toutes les demandes&#8230; Nous avons quelques partenaires financiers historiques qui soutiennent durablement les projets de l\u2019association et profitons de cette occasion pour les remercier chaleureusement de leur confiance\u00a0!<\/p>\n<p>Nous souhaitons diversifier notre r\u00e9seau de partenaires pour pouvoir r\u00e9pondre aux sollicitations qui nous parviennent, afin de garantir l\u2019acc\u00e8s aux soins \u00e0 un plus grand nombre. Nous mettons en place des actions afin de nous faire conna\u00eetre et de r\u00e9colter des fonds innovants pour les missions \u00e0 venir.<\/p>\n<p>Nous avons aussi besoin de b\u00e9n\u00e9voles en France. Comp\u00e9tences multiples, actions ponctuelles, il y a de la place pour tout le monde selon les envies et possibilit\u00e9s ! C&rsquo;est gr\u00e2ce \u00e0 eux que Kin\u00e9s du Monde peut se d\u00e9velopper et mettre en place de nouvelles missions, ils sont pr\u00e9cieux et indispensables \u00e0 l&rsquo;association.<\/p>\n<p>&nbsp;<\/p>\n<h2><\/h2>\n<p>[\/et_pb_text][et_pb_image src=\u00a0\u00bbhttps:\/\/kineoweb.fr\/kineoblog\/wp-content\/uploads\/sites\/2\/2016\/11\/Armenie-Lac-Sevan-camp-166.jpg\u00a0\u00bb show_in_lightbox=\u00a0\u00bboff\u00a0\u00bb url_new_window=\u00a0\u00bboff\u00a0\u00bb use_overlay=\u00a0\u00bboff\u00a0\u00bb animation=\u00a0\u00bboff\u00a0\u00bb sticky=\u00a0\u00bboff\u00a0\u00bb align=\u00a0\u00bbleft\u00a0\u00bb force_fullwidth=\u00a0\u00bbon\u00a0\u00bb always_center_on_mobile=\u00a0\u00bbon\u00a0\u00bb admin_label=\u00a0\u00bbImage\u00a0\u00bb use_border_color=\u00a0\u00bboff\u00a0\u00bb border_color=\u00a0\u00bb#ffffff\u00a0\u00bb border_width=\u00a0\u00bb1px\u00a0\u00bb border_style=\u00a0\u00bbsolid\u00a0\u00bb disabled=\u00a0\u00bboff\u00a0\u00bb] [\/et_pb_image][et_pb_text background_layout=\u00a0\u00bblight\u00a0\u00bb text_orientation=\u00a0\u00bbjustified\u00a0\u00bb admin_label=\u00a0\u00bbTexte\u00a0\u00bb use_border_color=\u00a0\u00bboff\u00a0\u00bb border_style=\u00a0\u00bbsolid\u00a0\u00bb disabled=\u00a0\u00bboff\u00a0\u00bb]<\/p>\n<h2>Comment les professionnels de la r\u00e9\u00e9ducation peuvent-ils s&rsquo;impliquer \u00e0 vos c\u00f4t\u00e9s\u00a0?<\/h2>\n<p>Kin\u00e9s du Monde, malgr\u00e9 son nom, n&rsquo;est pas r\u00e9serv\u00e9 uniquement aux kin\u00e9s mais \u00e0 tous les professionnels de la r\u00e9\u00e9ducation, et plus largement \u00e0 toute personne souhaitant s\u2019engager pour un acc\u00e8s aux soins des personnes vuln\u00e9rables. Nous aimons dire que nous sommes les R\u00e9\u00e9ducateurs en Mouvement. Nous cherchons \u00e0 proposer aux structures une aide aussi compl\u00e8te que possible et pour cela, nous avons besoin d&rsquo;\u00e9quipes pluridisciplinaires qui se compl\u00e8tent au fil du projet.<\/p>\n<p>Participer \u00e0 nos missions est l\u2019une des nombreuses fa\u00e7ons de s&rsquo;impliquer aupr\u00e8s de Kin\u00e9s du Monde mais tout le monde n&rsquo;est pas libre de partir 6 mois \u00e0 l&rsquo;\u00e9tranger. Nous d\u00e9veloppons aussi des actions en France. Un projet d\u2019acc\u00e8s aux soins de r\u00e9\u00e9ducation des personnes en situation de grande vuln\u00e9rabilit\u00e9 dans la r\u00e9gion de Grenoble est actuellement \u00e0 l\u2019\u00e9tude. Nous esp\u00e9rons, \u00e0 travers ce futur projet, pouvoir favoriser l\u2019investissement local des b\u00e9n\u00e9voles.<\/p>\n<p>S\u2019engager depuis la France permet aussi de p\u00e9renniser nos actions \u00e0 l&rsquo;\u00e9tranger. Vous pouvez devenir adh\u00e9rents, b\u00e9n\u00e9voles, donateurs, parrains, acheteurs de nos produits de soutien via notre <a href=\"http:\/\/boutique.kines-du-monde.org\/\">boutique en ligne<\/a>\u00a0mais aussi partenaires en cr\u00e9ant des \u00e9v\u00e9nements pour faire conna\u00eetre Kin\u00e9s du Monde et\/ou r\u00e9colter des fonds sur des \u00e9v\u00e8nements ponctuels. Et bien d&rsquo;autres choses encore !<\/p>\n<p>&nbsp;<\/p>\n<h2>Quelles sont les diff\u00e9rentes \u00e9tapes avant d&rsquo;accomplir une mission \u00e0 l&rsquo;\u00e9tranger\u00a0?<\/h2>\n<p>Lorsqu\u2019une structure sollicite Kin\u00e9s du Monde, nous \u00e9changeons d\u2019abord longuement avec elle afin d\u2019\u00e9tudier le contexte de la demande et les possibilit\u00e9s pour Kin\u00e9s du Monde d\u2019y r\u00e9pondre. Nous insistons notamment sur le fait que Kin\u00e9s du Monde ne doit pas venir se substituer \u00e0 un potentiel local, mais bien accompagner des structures et des intervenants dans des r\u00e9gions et\/ou des contextes d\u00e9pourvus d\u2019opportunit\u00e9s en termes de prise en charge r\u00e9\u00e9ducative.<\/p>\n<p>Une mission exploratoire est ensuite programm\u00e9e, au cours de laquelle un bin\u00f4me de r\u00e9\u00e9ducateurs b\u00e9n\u00e9voles rencontre le(s) partenaire(s) potentiel(s) sur le terrain et collecte les donn\u00e9es n\u00e9cessaires pour \u00e9valuer les besoins locaux et les ressources disponibles afin de d\u00e9velopper un r\u00e9seau de prise en charge p\u00e9renne. Des pistes d\u2019action sont alors d\u00e9finies avec les partenaires, qui donneront lieu \u00e0 un projet de d\u00e9veloppement des capacit\u00e9s de prise en charge du handicap.<\/p>\n<p>Si des r\u00e9\u00e9ducateurs souhaitent s\u2019engager en tant que volontaire sur le terrain, la 1\u00e8re \u00e9tape est de nous faire parvenir un dossier de candidature. Plusieurs d\u00e9marches leur sont propos\u00e9es afin de compl\u00e9ter leur recrutement\u00a0: 2 entretiens avec des membres de notre \u00e9quipe, un week-end de formation \u00e0 l\u2019interculturalit\u00e9 ainsi qu\u2019un week-end de \u00ab\u00a0mise en situation\u00a0\u00bb (pr\u00e9paration au d\u00e9part). L\u2019ensemble de ces \u00e9tapes du recrutement est d\u00e9taill\u00e9 dans notre <a href=\"http:\/\/www.kines-du-monde.org\/4351-partir.htm\">dossier de candidature disponible<\/a> en ligne.<\/p>\n<p>&nbsp;<\/p>\n<h2>Comment se d\u00e9roule une mission \u00e0 l&rsquo;\u00e9tranger\u00a0?<\/h2>\n<p>Les projets d\u00e9velopp\u00e9s aupr\u00e8s de nos partenaires durent g\u00e9n\u00e9ralement 2 \u00e0 3 ans. Plusieurs volontaires expatri\u00e9s, intervenant dans diff\u00e9rents champs de comp\u00e9tences, se relaient sur le terrain afin de favoriser le d\u00e9veloppement d\u2019une r\u00e9\u00e9ducation globale et pluridisciplinaire.<\/p>\n<p>Les activit\u00e9s mises en place concernent principalement des missions de formation, de formation de formateurs, de soutien organisationnel, d\u2019am\u00e9nagement de plateaux techniques\u2026 Chacun des volontaires travaille en partenariat \u00e9troit avec les responsables de la structure locale, et \u0153uvre pour le d\u00e9veloppement de partenariats dans le domaine du handicap afin que les acteurs locaux interviennent de fa\u00e7on compl\u00e9mentaire dans le cadre du parcours de soins.<\/p>\n<p>Un responsable mission (r\u00e9\u00e9ducateur b\u00e9n\u00e9vole) est en contact permanent avec le volontaire, depuis la France, en tant que r\u00e9f\u00e9rent technique, et souvent \u00e9galement en tant que soutien humain \u00e0 cette grande aventure d\u2019expatriation\u00a0!<\/p>\n<p>&nbsp;<\/p>\n<h2><\/h2>\n<p>[\/et_pb_text][et_pb_image src=\u00a0\u00bbhttps:\/\/kineoweb.fr\/kineoblog\/wp-content\/uploads\/sites\/2\/2016\/11\/Application-pratique-de-la-pose-dune-attelle-Comores.jpg\u00a0\u00bb alt=\u00a0\u00bbKin\u00e9s du monde comores\u00a0\u00bb show_in_lightbox=\u00a0\u00bboff\u00a0\u00bb url_new_window=\u00a0\u00bboff\u00a0\u00bb use_overlay=\u00a0\u00bboff\u00a0\u00bb animation=\u00a0\u00bboff\u00a0\u00bb sticky=\u00a0\u00bboff\u00a0\u00bb align=\u00a0\u00bbleft\u00a0\u00bb force_fullwidth=\u00a0\u00bbon\u00a0\u00bb always_center_on_mobile=\u00a0\u00bbon\u00a0\u00bb admin_label=\u00a0\u00bbImage\u00a0\u00bb use_border_color=\u00a0\u00bboff\u00a0\u00bb border_color=\u00a0\u00bb#ffffff\u00a0\u00bb border_width=\u00a0\u00bb1px\u00a0\u00bb border_style=\u00a0\u00bbsolid\u00a0\u00bb disabled=\u00a0\u00bboff\u00a0\u00bb] [\/et_pb_image][et_pb_text background_layout=\u00a0\u00bblight\u00a0\u00bb text_orientation=\u00a0\u00bbjustified\u00a0\u00bb admin_label=\u00a0\u00bbTexte\u00a0\u00bb use_border_color=\u00a0\u00bboff\u00a0\u00bb border_style=\u00a0\u00bbsolid\u00a0\u00bb disabled=\u00a0\u00bboff\u00a0\u00bb]<\/p>\n<h2>Quels sont vos projets en cours et leur \u00e9tat d&rsquo;avancement\u00a0?<\/h2>\n<p>En 2016, l\u2019association Kin\u00e9s du Monde est pr\u00e9sente au Bangladesh, au Cameroun, aux Comores, dans le Haut-Karabagh et au Vietnam.<\/p>\n<p>Les missions au Bangladesh, qui avaient \u00e9t\u00e9 interrompues pour raisons s\u00e9curitaires, sont sur le point de reprendre\u00a0: une mission de 4 mois visant \u00e0 favoriser la prise en charge de l\u2019IMC via la R\u00e9habilitation \u00e0 Base Communautaire, ainsi que 2 missions de formation continue sur la prise en charge des pieds-bots auront lieu en 2017.<\/p>\n<p>Le projet camerounais, ax\u00e9 sur la r\u00e9\u00e9ducation du membre sup\u00e9rieur, sera cl\u00f4tur\u00e9 en novembre 2016 par la r\u00e9alisation d\u2019une 5\u00e8me et derni\u00e8re mission de formation courte.<\/p>\n<p>La volontaire expatri\u00e9e pr\u00e9sente aux Comores depuis mars 2015 est de retour depuis le 30 juin 2016. Elle a men\u00e9 des missions de renforcement des comp\u00e9tences aupr\u00e8s des techniciens de r\u00e9\u00e9ducation de deux centres hospitaliers (Hombo et Moroni) et du centre Caritas de Moroni. Les services de ces 3 centres, ainsi que de l\u2019h\u00f4pital de Moh\u00e9li ont \u00e9t\u00e9 renforc\u00e9s gr\u00e2ce \u00e0 l\u2019envoi de mat\u00e9riels de r\u00e9\u00e9ducation. En fonction des attentes et besoins des partenaires locaux, une 2nde phase pourrait \u00eatre d\u00e9velopp\u00e9e, sur la mise en place d\u2019un cursus universitaire en kin\u00e9sith\u00e9rapie.<\/p>\n<p>Deux volontaires se rendront dans le Haut-Karabagh afin de consolider les phases ant\u00e9rieures, notamment en accompagnant la mise en place de la r\u00e9\u00e9ducation au sein des h\u00f4pitaux, en soutenant le d\u00e9veloppement d\u2019un parcours de soins coordonn\u00e9 et en dispensant des formations compl\u00e9mentaires aux physioth\u00e9rapeutes.<\/p>\n<p>Le projet au Vietnam, visant \u00e0 am\u00e9liorer la prise en charge des enfants handicap\u00e9s de la Thanh Tam School (Danang), a \u00e9t\u00e9 initi\u00e9 avec le d\u00e9part d\u2019une volontaire kin\u00e9sith\u00e9rapeute. Il se poursuivra \u00e0 partir de novembre 2016 avec l\u2019envoi successif d\u2019une ergoth\u00e9rapeute, d\u2019une orthophoniste puis d\u2019un(e) second(e) kin\u00e9sith\u00e9rapeute.<\/p>\n<p>Par ailleurs, deux projets d\u00e9marreront en 2017, l\u2019un au Cameroun, dont le principal partenaire est la Fondation Ad Lucem au Cameroun (FALC), 2nd r\u00e9seau de soins dans le pays ; l\u2019autre \u00e0 Bangalore(Inde) aupr\u00e8s de l\u2019 \u00ab\u00a0Association of Persons with Disability\u00a0\u00bb.<\/p>\n<p>Nous r\u00e9aliserons prochainement l\u2019\u00e9valuation finale d\u2019un projet de renforcement des comp\u00e9tences de l\u2019\u00e9quipe (staff et parents b\u00e9n\u00e9voles) du centre Hariksha, qui accueille une quarantaine d\u2019enfants dans la r\u00e9gion de Chennai (Inde).<br \/>\nEnfin, une mission exploratoire sera r\u00e9alis\u00e9e en 2017 \u00e0 Madagascar, ainsi qu\u2019une mission d\u2019\u00e9valuation des actions men\u00e9es par Kin\u00e9s du Monde en Inde.<\/p>\n<p>&nbsp;<\/p>\n<h2>Comment voyez-vous la Kin\u00e9sith\u00e9rapie dans les ann\u00e9es \u00e0 venir dans les lieux o\u00f9 vous intervenez aujourd&rsquo;hui\u00a0?<\/h2>\n<p>La r\u00e9\u00e9ducation est un m\u00e9tier bas\u00e9 sur la relation et la transmission. Le lien qui se cr\u00e9\u00e9 entre le praticien et le patient est primordial pour une r\u00e9\u00e9ducation efficace et adapt\u00e9e. Dans des pays o\u00f9 le handicap est parfois per\u00e7u comme une punition, la reconnaissance du m\u00e9tier de r\u00e9\u00e9ducateur est compliqu\u00e9e mais capitale pour am\u00e9liorer les conditions d&rsquo;acc\u00e8s aux soins des personnes isol\u00e9es et handicap\u00e9es.<\/p>\n<p>C&rsquo;est l&rsquo;un des axes de d\u00e9veloppement de Kin\u00e9s du Monde pour p\u00e9renniser ses actions et renforcer l&rsquo;autonomie de ses partenaires.<br \/>\nCette autonomisation passe par diff\u00e9rents \u00e9l\u00e9ments : la formation de formateurs pour pr\u00e9parer de nouveaux professionnels et pallier \u00e0 l&rsquo;\u00e9ventuel manque de personnels de r\u00e9\u00e9ducation ainsi que la cr\u00e9ation d&rsquo;unit\u00e9s de sensibilisation et de d\u00e9pistage du handicap dans les r\u00e9gions recul\u00e9es.<\/p>\n<p>Mais cette reconnaissance passe aussi par l&rsquo;accompagnement \u00e0 la cr\u00e9ation d&rsquo;un cursus national de formation qui permettra d&rsquo;installer le r\u00f4le du r\u00e9\u00e9ducateur dans le parcours de soins et aupr\u00e8s des \u00e9quipes soignantes. Pour ce faire, Kin\u00e9s du Monde s&rsquo;efforce de mobiliser les instances dirigeantes du pays dans les missions.<\/p>\n<p>C&rsquo;est ainsi que nous pourrons accompagner la diversification de l&rsquo;offre de soins de r\u00e9\u00e9ducation et favoriser la mise en place d&rsquo;\u00e9quipes interdisciplinaires qui r\u00e9pondront de mani\u00e8re encore plus efficace \u00e0 la probl\u00e9matique du handicap et de l\u2019acc\u00e8s aux soins.<\/p>\n<p>[\/et_pb_text][et_pb_image src=\u00a0\u00bbhttps:\/\/kineoweb.fr\/kineoblog\/wp-content\/uploads\/sites\/2\/2016\/11\/Equipe-Kines-du-Monde-au-Salon-Reeduca-2016.jpg\u00a0\u00bb alt=\u00a0\u00bbKin\u00e9s du monde merci\u00a0\u00bb show_in_lightbox=\u00a0\u00bboff\u00a0\u00bb url_new_window=\u00a0\u00bboff\u00a0\u00bb use_overlay=\u00a0\u00bboff\u00a0\u00bb animation=\u00a0\u00bbfade_in\u00a0\u00bb sticky=\u00a0\u00bboff\u00a0\u00bb align=\u00a0\u00bbleft\u00a0\u00bb force_fullwidth=\u00a0\u00bbon\u00a0\u00bb always_center_on_mobile=\u00a0\u00bbon\u00a0\u00bb admin_label=\u00a0\u00bbImage\u00a0\u00bb use_border_color=\u00a0\u00bboff\u00a0\u00bb border_color=\u00a0\u00bb#ffffff\u00a0\u00bb border_width=\u00a0\u00bb1px\u00a0\u00bb border_style=\u00a0\u00bbsolid\u00a0\u00bb disabled=\u00a0\u00bboff\u00a0\u00bb] [\/et_pb_image][\/et_pb_column][\/et_pb_row][\/et_pb_section][et_pb_section transparent_background=\u00a0\u00bboff\u00a0\u00bb allow_player_pause=\u00a0\u00bboff\u00a0\u00bb inner_shadow=\u00a0\u00bboff\u00a0\u00bb parallax=\u00a0\u00bboff\u00a0\u00bb parallax_method=\u00a0\u00bbon\u00a0\u00bb custom_padding=\u00a0\u00bb||70px|\u00a0\u00bb padding_mobile=\u00a0\u00bboff\u00a0\u00bb make_fullwidth=\u00a0\u00bboff\u00a0\u00bb use_custom_width=\u00a0\u00bboff\u00a0\u00bb width_unit=\u00a0\u00bboff\u00a0\u00bb custom_width_px=\u00a0\u00bb1080px\u00a0\u00bb custom_width_percent=\u00a0\u00bb80%\u00a0\u00bb make_equal=\u00a0\u00bboff\u00a0\u00bb use_custom_gutter=\u00a0\u00bboff\u00a0\u00bb fullwidth=\u00a0\u00bbon\u00a0\u00bb specialty=\u00a0\u00bboff\u00a0\u00bb admin_label=\u00a0\u00bbSection\u00a0\u00bb disabled=\u00a0\u00bboff\u00a0\u00bb][et_pb_fullwidth_image src=\u00a0\u00bbhttps:\/\/kineoweb.fr\/kineoblog\/wp-content\/uploads\/sites\/2\/2016\/11\/banniere-468&#215;60.png\u00a0\u00bb alt=\u00a0\u00bbkineoweb\u00a0\u00bb show_in_lightbox=\u00a0\u00bboff\u00a0\u00bb url=\u00a0\u00bbhttps:\/\/kineoweb.fr\/notre-offre\/\u00a0\u00bb url_new_window=\u00a0\u00bbon\u00a0\u00bb use_overlay=\u00a0\u00bboff\u00a0\u00bb animation=\u00a0\u00bbtop\u00a0\u00bb admin_label=\u00a0\u00bbImage en pleine largeur\u00a0\u00bb use_border_color=\u00a0\u00bboff\u00a0\u00bb border_color=\u00a0\u00bb#ffffff\u00a0\u00bb border_width=\u00a0\u00bb1px\u00a0\u00bb border_style=\u00a0\u00bbsolid\u00a0\u00bb disabled=\u00a0\u00bboff\u00a0\u00bb][\/et_pb_fullwidth_image][\/et_pb_section]<\/p>\n","protected":false},"excerpt":{"rendered":"<p>A quelques mois du 30\u00e8me anniversaire de Kin\u00e9sith\u00e9rapeutes du Monde, Monsieur Jean-Paul DAVID, pr\u00e9sident de l&rsquo;association, nous offre une v\u00e9ritable introspection de l&rsquo;organisation internationnale dans une interview exclusive pour Kin\u00e9Oblog. D\u00e9couvrez les plus belles r\u00e9ussites, les projets en cours et \u00e0 venir, et comment s&rsquo;impliquer aupr\u00e8s de Kin\u00e9s du Monde \u00e0 l&rsquo;\u00e9tranger, en France et [&hellip;]<\/p>\n","protected":false},"author":7,"featured_media":195,"comment_status":"open","ping_status":"open","sticky":false,"template":"","format":"standard","meta":{"_et_pb_use_builder":"on","_et_pb_old_content":"","_et_gb_content_width":"","_monsterinsights_skip_tracking":false,"_monsterinsights_sitenote_active":false,"_monsterinsights_sitenote_note":"","_monsterinsights_sitenote_category":0,"_jetpack_memberships_contains_paid_content":false,"footnotes":""},"categories":[2],"tags":[],"class_list":["post-189","post","type-post","status-publish","format-standard","has-post-thumbnail","hentry","category-actualite"],"yoast_head":"<!-- This site is optimized with the Yoast SEO plugin v27.4 - https:\/\/yoast.com\/product\/yoast-seo-wordpress\/ -->\n<title>Kin\u00e9s du Monde: une interview exclusive - Kin\u00e9Oblog<\/title>\n<meta name=\"description\" content=\"Kin\u00e9s Du Monde est une association de solidarit\u00e9 internationale. D\u00e9couvrez-la de l&#039;int\u00e9rieure avec l&#039;interview exclusive de Jean-Paul DAVID, son pr\u00e9sident.\" \/>\n<meta name=\"robots\" content=\"index, follow, max-snippet:-1, max-image-preview:large, max-video-preview:-1\" \/>\n<link rel=\"canonical\" href=\"https:\/\/kineoweb.fr\/kineoblog\/interview-kines-du-monde\/\" \/>\n<meta property=\"og:locale\" content=\"fr_FR\" \/>\n<meta property=\"og:type\" content=\"article\" \/>\n<meta property=\"og:title\" content=\"Kin\u00e9s du Monde: une interview exclusive - Kin\u00e9Oblog\" \/>\n<meta property=\"og:description\" content=\"Kin\u00e9s Du Monde est une association de solidarit\u00e9 internationale. D\u00e9couvrez-la de l&#039;int\u00e9rieure avec l&#039;interview exclusive de Jean-Paul DAVID, son pr\u00e9sident.\" \/>\n<meta property=\"og:url\" content=\"https:\/\/kineoweb.fr\/kineoblog\/interview-kines-du-monde\/\" \/>\n<meta property=\"og:site_name\" content=\"Kin\u00e9Oblog\" \/>\n<meta property=\"article:publisher\" content=\"https:\/\/www.facebook.com\/Kin%c3%a9Oweb-1551479311825491\/?ref=aymt_homepage_panel\" \/>\n<meta property=\"article:published_time\" content=\"2016-11-16T15:04:29+00:00\" \/>\n<meta property=\"article:modified_time\" content=\"2016-11-30T11:15:47+00:00\" \/>\n<meta property=\"og:image\" content=\"https:\/\/kineoweb.fr\/kineoblog\/wp-content\/uploads\/sites\/2\/2016\/11\/formation-pratique.jpg\" \/>\n\t<meta property=\"og:image:width\" content=\"640\" \/>\n\t<meta property=\"og:image:height\" content=\"480\" \/>\n\t<meta property=\"og:image:type\" content=\"image\/jpeg\" \/>\n<meta name=\"author\" content=\"julienchantre\" \/>\n<meta name=\"twitter:card\" content=\"summary_large_image\" \/>\n<meta name=\"twitter:label1\" content=\"\u00c9crit par\" \/>\n\t<meta name=\"twitter:data1\" content=\"julienchantre\" \/>\n\t<meta name=\"twitter:label2\" content=\"Dur\u00e9e de lecture estim\u00e9e\" \/>\n\t<meta name=\"twitter:data2\" content=\"13 minutes\" \/>\n<script type=\"application\/ld+json\" class=\"yoast-schema-graph\">{\"@context\":\"https:\\\/\\\/schema.org\",\"@graph\":[{\"@type\":\"Article\",\"@id\":\"https:\\\/\\\/kineoweb.fr\\\/kineoblog\\\/interview-kines-du-monde\\\/#article\",\"isPartOf\":{\"@id\":\"https:\\\/\\\/kineoweb.fr\\\/kineoblog\\\/interview-kines-du-monde\\\/\"},\"author\":{\"name\":\"julienchantre\",\"@id\":\"https:\\\/\\\/kineoweb.fr\\\/kineoblog\\\/#\\\/schema\\\/person\\\/d9919da0388db5ce1d3bb650ca38b0db\"},\"headline\":\"Interview Kin\u00e9s Du Monde\",\"datePublished\":\"2016-11-16T15:04:29+00:00\",\"dateModified\":\"2016-11-30T11:15:47+00:00\",\"mainEntityOfPage\":{\"@id\":\"https:\\\/\\\/kineoweb.fr\\\/kineoblog\\\/interview-kines-du-monde\\\/\"},\"wordCount\":2599,\"commentCount\":2,\"image\":{\"@id\":\"https:\\\/\\\/kineoweb.fr\\\/kineoblog\\\/interview-kines-du-monde\\\/#primaryimage\"},\"thumbnailUrl\":\"https:\\\/\\\/i0.wp.com\\\/kineoweb.fr\\\/kineoblog\\\/wp-content\\\/uploads\\\/sites\\\/2\\\/2016\\\/11\\\/formation-pratique.jpg?fit=640%2C480&ssl=1\",\"articleSection\":[\"Actualit\u00e9\"],\"inLanguage\":\"fr-FR\",\"potentialAction\":[{\"@type\":\"CommentAction\",\"name\":\"Comment\",\"target\":[\"https:\\\/\\\/kineoweb.fr\\\/kineoblog\\\/interview-kines-du-monde\\\/#respond\"]}]},{\"@type\":\"WebPage\",\"@id\":\"https:\\\/\\\/kineoweb.fr\\\/kineoblog\\\/interview-kines-du-monde\\\/\",\"url\":\"https:\\\/\\\/kineoweb.fr\\\/kineoblog\\\/interview-kines-du-monde\\\/\",\"name\":\"Kin\u00e9s du Monde: une interview exclusive - Kin\u00e9Oblog\",\"isPartOf\":{\"@id\":\"https:\\\/\\\/kineoweb.fr\\\/kineoblog\\\/#website\"},\"primaryImageOfPage\":{\"@id\":\"https:\\\/\\\/kineoweb.fr\\\/kineoblog\\\/interview-kines-du-monde\\\/#primaryimage\"},\"image\":{\"@id\":\"https:\\\/\\\/kineoweb.fr\\\/kineoblog\\\/interview-kines-du-monde\\\/#primaryimage\"},\"thumbnailUrl\":\"https:\\\/\\\/i0.wp.com\\\/kineoweb.fr\\\/kineoblog\\\/wp-content\\\/uploads\\\/sites\\\/2\\\/2016\\\/11\\\/formation-pratique.jpg?fit=640%2C480&ssl=1\",\"datePublished\":\"2016-11-16T15:04:29+00:00\",\"dateModified\":\"2016-11-30T11:15:47+00:00\",\"author\":{\"@id\":\"https:\\\/\\\/kineoweb.fr\\\/kineoblog\\\/#\\\/schema\\\/person\\\/d9919da0388db5ce1d3bb650ca38b0db\"},\"description\":\"Kin\u00e9s Du Monde est une association de solidarit\u00e9 internationale. D\u00e9couvrez-la de l'int\u00e9rieure avec l'interview exclusive de Jean-Paul DAVID, son pr\u00e9sident.\",\"breadcrumb\":{\"@id\":\"https:\\\/\\\/kineoweb.fr\\\/kineoblog\\\/interview-kines-du-monde\\\/#breadcrumb\"},\"inLanguage\":\"fr-FR\",\"potentialAction\":[{\"@type\":\"ReadAction\",\"target\":[\"https:\\\/\\\/kineoweb.fr\\\/kineoblog\\\/interview-kines-du-monde\\\/\"]}]},{\"@type\":\"ImageObject\",\"inLanguage\":\"fr-FR\",\"@id\":\"https:\\\/\\\/kineoweb.fr\\\/kineoblog\\\/interview-kines-du-monde\\\/#primaryimage\",\"url\":\"https:\\\/\\\/i0.wp.com\\\/kineoweb.fr\\\/kineoblog\\\/wp-content\\\/uploads\\\/sites\\\/2\\\/2016\\\/11\\\/formation-pratique.jpg?fit=640%2C480&ssl=1\",\"contentUrl\":\"https:\\\/\\\/i0.wp.com\\\/kineoweb.fr\\\/kineoblog\\\/wp-content\\\/uploads\\\/sites\\\/2\\\/2016\\\/11\\\/formation-pratique.jpg?fit=640%2C480&ssl=1\",\"width\":640,\"height\":480,\"caption\":\"Kin\u00e9s du Monde formation pratique\"},{\"@type\":\"BreadcrumbList\",\"@id\":\"https:\\\/\\\/kineoweb.fr\\\/kineoblog\\\/interview-kines-du-monde\\\/#breadcrumb\",\"itemListElement\":[{\"@type\":\"ListItem\",\"position\":1,\"name\":\"Accueil\",\"item\":\"https:\\\/\\\/kineoweb.fr\\\/kineoblog\\\/\"},{\"@type\":\"ListItem\",\"position\":2,\"name\":\"Interview Kin\u00e9s Du Monde\"}]},{\"@type\":\"WebSite\",\"@id\":\"https:\\\/\\\/kineoweb.fr\\\/kineoblog\\\/#website\",\"url\":\"https:\\\/\\\/kineoweb.fr\\\/kineoblog\\\/\",\"name\":\"Kin\u00e9Oblog\",\"description\":\"Conseils et informations pour les Kin\u00e9s et Ost\u00e9os\",\"potentialAction\":[{\"@type\":\"SearchAction\",\"target\":{\"@type\":\"EntryPoint\",\"urlTemplate\":\"https:\\\/\\\/kineoweb.fr\\\/kineoblog\\\/?s={search_term_string}\"},\"query-input\":{\"@type\":\"PropertyValueSpecification\",\"valueRequired\":true,\"valueName\":\"search_term_string\"}}],\"inLanguage\":\"fr-FR\"},{\"@type\":\"Person\",\"@id\":\"https:\\\/\\\/kineoweb.fr\\\/kineoblog\\\/#\\\/schema\\\/person\\\/d9919da0388db5ce1d3bb650ca38b0db\",\"name\":\"julienchantre\",\"image\":{\"@type\":\"ImageObject\",\"inLanguage\":\"fr-FR\",\"@id\":\"https:\\\/\\\/secure.gravatar.com\\\/avatar\\\/76f4ebdb8e4c3c6961205a4c0493437d6ca13825af118274ff28a3161aab2b09?s=96&d=mm&r=g\",\"url\":\"https:\\\/\\\/secure.gravatar.com\\\/avatar\\\/76f4ebdb8e4c3c6961205a4c0493437d6ca13825af118274ff28a3161aab2b09?s=96&d=mm&r=g\",\"contentUrl\":\"https:\\\/\\\/secure.gravatar.com\\\/avatar\\\/76f4ebdb8e4c3c6961205a4c0493437d6ca13825af118274ff28a3161aab2b09?s=96&d=mm&r=g\",\"caption\":\"julienchantre\"},\"url\":\"https:\\\/\\\/kineoweb.fr\\\/kineoblog\\\/author\\\/julienchantre\\\/\"}]}<\/script>\n<!-- \/ Yoast SEO plugin. -->","yoast_head_json":{"title":"Kin\u00e9s du Monde: une interview exclusive - Kin\u00e9Oblog","description":"Kin\u00e9s Du Monde est une association de solidarit\u00e9 internationale. D\u00e9couvrez-la de l'int\u00e9rieure avec l'interview exclusive de Jean-Paul DAVID, son pr\u00e9sident.","robots":{"index":"index","follow":"follow","max-snippet":"max-snippet:-1","max-image-preview":"max-image-preview:large","max-video-preview":"max-video-preview:-1"},"canonical":"https:\/\/kineoweb.fr\/kineoblog\/interview-kines-du-monde\/","og_locale":"fr_FR","og_type":"article","og_title":"Kin\u00e9s du Monde: une interview exclusive - Kin\u00e9Oblog","og_description":"Kin\u00e9s Du Monde est une association de solidarit\u00e9 internationale. D\u00e9couvrez-la de l'int\u00e9rieure avec l'interview exclusive de Jean-Paul DAVID, son pr\u00e9sident.","og_url":"https:\/\/kineoweb.fr\/kineoblog\/interview-kines-du-monde\/","og_site_name":"Kin\u00e9Oblog","article_publisher":"https:\/\/www.facebook.com\/Kin%c3%a9Oweb-1551479311825491\/?ref=aymt_homepage_panel","article_published_time":"2016-11-16T15:04:29+00:00","article_modified_time":"2016-11-30T11:15:47+00:00","og_image":[{"width":640,"height":480,"url":"https:\/\/kineoweb.fr\/kineoblog\/wp-content\/uploads\/sites\/2\/2016\/11\/formation-pratique.jpg","type":"image\/jpeg"}],"author":"julienchantre","twitter_card":"summary_large_image","twitter_misc":{"\u00c9crit par":"julienchantre","Dur\u00e9e de lecture estim\u00e9e":"13 minutes"},"schema":{"@context":"https:\/\/schema.org","@graph":[{"@type":"Article","@id":"https:\/\/kineoweb.fr\/kineoblog\/interview-kines-du-monde\/#article","isPartOf":{"@id":"https:\/\/kineoweb.fr\/kineoblog\/interview-kines-du-monde\/"},"author":{"name":"julienchantre","@id":"https:\/\/kineoweb.fr\/kineoblog\/#\/schema\/person\/d9919da0388db5ce1d3bb650ca38b0db"},"headline":"Interview Kin\u00e9s Du Monde","datePublished":"2016-11-16T15:04:29+00:00","dateModified":"2016-11-30T11:15:47+00:00","mainEntityOfPage":{"@id":"https:\/\/kineoweb.fr\/kineoblog\/interview-kines-du-monde\/"},"wordCount":2599,"commentCount":2,"image":{"@id":"https:\/\/kineoweb.fr\/kineoblog\/interview-kines-du-monde\/#primaryimage"},"thumbnailUrl":"https:\/\/i0.wp.com\/kineoweb.fr\/kineoblog\/wp-content\/uploads\/sites\/2\/2016\/11\/formation-pratique.jpg?fit=640%2C480&ssl=1","articleSection":["Actualit\u00e9"],"inLanguage":"fr-FR","potentialAction":[{"@type":"CommentAction","name":"Comment","target":["https:\/\/kineoweb.fr\/kineoblog\/interview-kines-du-monde\/#respond"]}]},{"@type":"WebPage","@id":"https:\/\/kineoweb.fr\/kineoblog\/interview-kines-du-monde\/","url":"https:\/\/kineoweb.fr\/kineoblog\/interview-kines-du-monde\/","name":"Kin\u00e9s du Monde: une interview exclusive - Kin\u00e9Oblog","isPartOf":{"@id":"https:\/\/kineoweb.fr\/kineoblog\/#website"},"primaryImageOfPage":{"@id":"https:\/\/kineoweb.fr\/kineoblog\/interview-kines-du-monde\/#primaryimage"},"image":{"@id":"https:\/\/kineoweb.fr\/kineoblog\/interview-kines-du-monde\/#primaryimage"},"thumbnailUrl":"https:\/\/i0.wp.com\/kineoweb.fr\/kineoblog\/wp-content\/uploads\/sites\/2\/2016\/11\/formation-pratique.jpg?fit=640%2C480&ssl=1","datePublished":"2016-11-16T15:04:29+00:00","dateModified":"2016-11-30T11:15:47+00:00","author":{"@id":"https:\/\/kineoweb.fr\/kineoblog\/#\/schema\/person\/d9919da0388db5ce1d3bb650ca38b0db"},"description":"Kin\u00e9s Du Monde est une association de solidarit\u00e9 internationale. D\u00e9couvrez-la de l'int\u00e9rieure avec l'interview exclusive de Jean-Paul DAVID, son pr\u00e9sident.","breadcrumb":{"@id":"https:\/\/kineoweb.fr\/kineoblog\/interview-kines-du-monde\/#breadcrumb"},"inLanguage":"fr-FR","potentialAction":[{"@type":"ReadAction","target":["https:\/\/kineoweb.fr\/kineoblog\/interview-kines-du-monde\/"]}]},{"@type":"ImageObject","inLanguage":"fr-FR","@id":"https:\/\/kineoweb.fr\/kineoblog\/interview-kines-du-monde\/#primaryimage","url":"https:\/\/i0.wp.com\/kineoweb.fr\/kineoblog\/wp-content\/uploads\/sites\/2\/2016\/11\/formation-pratique.jpg?fit=640%2C480&ssl=1","contentUrl":"https:\/\/i0.wp.com\/kineoweb.fr\/kineoblog\/wp-content\/uploads\/sites\/2\/2016\/11\/formation-pratique.jpg?fit=640%2C480&ssl=1","width":640,"height":480,"caption":"Kin\u00e9s du Monde formation pratique"},{"@type":"BreadcrumbList","@id":"https:\/\/kineoweb.fr\/kineoblog\/interview-kines-du-monde\/#breadcrumb","itemListElement":[{"@type":"ListItem","position":1,"name":"Accueil","item":"https:\/\/kineoweb.fr\/kineoblog\/"},{"@type":"ListItem","position":2,"name":"Interview Kin\u00e9s Du Monde"}]},{"@type":"WebSite","@id":"https:\/\/kineoweb.fr\/kineoblog\/#website","url":"https:\/\/kineoweb.fr\/kineoblog\/","name":"Kin\u00e9Oblog","description":"Conseils et informations pour les Kin\u00e9s et Ost\u00e9os","potentialAction":[{"@type":"SearchAction","target":{"@type":"EntryPoint","urlTemplate":"https:\/\/kineoweb.fr\/kineoblog\/?s={search_term_string}"},"query-input":{"@type":"PropertyValueSpecification","valueRequired":true,"valueName":"search_term_string"}}],"inLanguage":"fr-FR"},{"@type":"Person","@id":"https:\/\/kineoweb.fr\/kineoblog\/#\/schema\/person\/d9919da0388db5ce1d3bb650ca38b0db","name":"julienchantre","image":{"@type":"ImageObject","inLanguage":"fr-FR","@id":"https:\/\/secure.gravatar.com\/avatar\/76f4ebdb8e4c3c6961205a4c0493437d6ca13825af118274ff28a3161aab2b09?s=96&d=mm&r=g","url":"https:\/\/secure.gravatar.com\/avatar\/76f4ebdb8e4c3c6961205a4c0493437d6ca13825af118274ff28a3161aab2b09?s=96&d=mm&r=g","contentUrl":"https:\/\/secure.gravatar.com\/avatar\/76f4ebdb8e4c3c6961205a4c0493437d6ca13825af118274ff28a3161aab2b09?s=96&d=mm&r=g","caption":"julienchantre"},"url":"https:\/\/kineoweb.fr\/kineoblog\/author\/julienchantre\/"}]}},"jetpack_featured_media_url":"https:\/\/i0.wp.com\/kineoweb.fr\/kineoblog\/wp-content\/uploads\/sites\/2\/2016\/11\/formation-pratique.jpg?fit=640%2C480&ssl=1","jetpack_sharing_enabled":true,"_links":{"self":[{"href":"https:\/\/kineoweb.fr\/kineoblog\/wp-json\/wp\/v2\/posts\/189","targetHints":{"allow":["GET"]}}],"collection":[{"href":"https:\/\/kineoweb.fr\/kineoblog\/wp-json\/wp\/v2\/posts"}],"about":[{"href":"https:\/\/kineoweb.fr\/kineoblog\/wp-json\/wp\/v2\/types\/post"}],"author":[{"embeddable":true,"href":"https:\/\/kineoweb.fr\/kineoblog\/wp-json\/wp\/v2\/users\/7"}],"replies":[{"embeddable":true,"href":"https:\/\/kineoweb.fr\/kineoblog\/wp-json\/wp\/v2\/comments?post=189"}],"version-history":[{"count":8,"href":"https:\/\/kineoweb.fr\/kineoblog\/wp-json\/wp\/v2\/posts\/189\/revisions"}],"predecessor-version":[{"id":224,"href":"https:\/\/kineoweb.fr\/kineoblog\/wp-json\/wp\/v2\/posts\/189\/revisions\/224"}],"wp:featuredmedia":[{"embeddable":true,"href":"https:\/\/kineoweb.fr\/kineoblog\/wp-json\/wp\/v2\/media\/195"}],"wp:attachment":[{"href":"https:\/\/kineoweb.fr\/kineoblog\/wp-json\/wp\/v2\/media?parent=189"}],"wp:term":[{"taxonomy":"category","embeddable":true,"href":"https:\/\/kineoweb.fr\/kineoblog\/wp-json\/wp\/v2\/categories?post=189"},{"taxonomy":"post_tag","embeddable":true,"href":"https:\/\/kineoweb.fr\/kineoblog\/wp-json\/wp\/v2\/tags?post=189"}],"curies":[{"name":"wp","href":"https:\/\/api.w.org\/{rel}","templated":true}]}}