{"id":1863,"date":"2024-03-12T18:41:00","date_gmt":"2024-03-12T17:41:00","guid":{"rendered":"https:\/\/kineoweb.fr\/kineoblog\/?p=1863"},"modified":"2025-02-07T08:10:12","modified_gmt":"2025-02-07T07:10:12","slug":"tva-kinesitherapeute","status":"publish","type":"post","link":"https:\/\/kineoweb.fr\/kineoblog\/tva-kinesitherapeute\/","title":{"rendered":"Pr\u00e9voir la TVA kin\u00e9sith\u00e9rapeute est incontournable pour une gestion efficace"},"content":{"rendered":"<p>[et_pb_section fb_built=\u00a0\u00bb1&Prime; _builder_version=\u00a0\u00bb4.20.2&Prime; _module_preset=\u00a0\u00bbdefault\u00a0\u00bb custom_padding=\u00a0\u00bb0px|0px|0px|0px|false|false\u00a0\u00bb da_disable_devices=\u00a0\u00bboff|off|off\u00a0\u00bb global_colors_info=\u00a0\u00bb{}\u00a0\u00bb da_is_popup=\u00a0\u00bboff\u00a0\u00bb da_exit_intent=\u00a0\u00bboff\u00a0\u00bb da_has_close=\u00a0\u00bbon\u00a0\u00bb da_alt_close=\u00a0\u00bboff\u00a0\u00bb da_dark_close=\u00a0\u00bboff\u00a0\u00bb da_not_modal=\u00a0\u00bbon\u00a0\u00bb da_is_singular=\u00a0\u00bboff\u00a0\u00bb da_with_loader=\u00a0\u00bboff\u00a0\u00bb da_has_shadow=\u00a0\u00bbon\u00a0\u00bb][et_pb_row _builder_version=\u00a0\u00bb4.20.4&Prime; _module_preset=\u00a0\u00bbdefault\u00a0\u00bb global_colors_info=\u00a0\u00bb{}\u00a0\u00bb][et_pb_column type=\u00a0\u00bb4_4&Prime; _builder_version=\u00a0\u00bb4.20.4&Prime; _module_preset=\u00a0\u00bbdefault\u00a0\u00bb background_color=\u00a0\u00bb#FFFFFF\u00a0\u00bb global_colors_info=\u00a0\u00bb{}\u00a0\u00bb][et_pb_image src=\u00a0\u00bbhttps:\/\/kineoweb.fr\/kineoblog\/wp-content\/uploads\/sites\/2\/2024\/03\/tva-kinesitherapeute.png\u00a0\u00bb alt=\u00a0\u00bbPr\u00e9voir la TVA kin\u00e9sith\u00e9rapeute\u00a0\u00bb title_text=\u00a0\u00bbtva kinesitherapeute\u00a0\u00bb _builder_version=\u00a0\u00bb4.24.2&Prime; _module_preset=\u00a0\u00bbdefault\u00a0\u00bb global_colors_info=\u00a0\u00bb{}\u00a0\u00bb][\/et_pb_image][\/et_pb_column][\/et_pb_row][\/et_pb_section][et_pb_section fb_built=\u00a0\u00bb1&Prime; _builder_version=\u00a0\u00bb4.20.2&Prime; _module_preset=\u00a0\u00bbdefault\u00a0\u00bb custom_padding=\u00a0\u00bb1px||0px|||\u00a0\u00bb da_disable_devices=\u00a0\u00bboff|off|off\u00a0\u00bb global_colors_info=\u00a0\u00bb{}\u00a0\u00bb da_is_popup=\u00a0\u00bboff\u00a0\u00bb da_exit_intent=\u00a0\u00bboff\u00a0\u00bb da_has_close=\u00a0\u00bbon\u00a0\u00bb da_alt_close=\u00a0\u00bboff\u00a0\u00bb da_dark_close=\u00a0\u00bboff\u00a0\u00bb da_not_modal=\u00a0\u00bbon\u00a0\u00bb da_is_singular=\u00a0\u00bboff\u00a0\u00bb da_with_loader=\u00a0\u00bboff\u00a0\u00bb da_has_shadow=\u00a0\u00bbon\u00a0\u00bb][et_pb_row _builder_version=\u00a0\u00bb4.19.0&Prime; _module_preset=\u00a0\u00bbdefault\u00a0\u00bb custom_padding=\u00a0\u00bb||0px|||\u00a0\u00bb global_colors_info=\u00a0\u00bb{}\u00a0\u00bb][et_pb_column type=\u00a0\u00bb4_4&Prime; _builder_version=\u00a0\u00bb4.19.0&Prime; _module_preset=\u00a0\u00bbdefault\u00a0\u00bb global_colors_info=\u00a0\u00bb{}\u00a0\u00bb][et_pb_text _builder_version=\u00a0\u00bb4.23.1&Prime; _module_preset=\u00a0\u00bbdefault\u00a0\u00bb header_font=\u00a0\u00bbAlata|||on|||||\u00a0\u00bb header_text_color=\u00a0\u00bb#ff4e62&Prime; header_line_height=\u00a0\u00bb1.4em\u00a0\u00bb global_colors_info=\u00a0\u00bb{}\u00a0\u00bb]<\/p>\n<h1 style=\"text-align: center;\">TVA kin\u00e9sith\u00e9rapeute: quand est-elle exon\u00e9r\u00e9e et quand est-elle due ?<\/h1>\n<p>[\/et_pb_text][\/et_pb_column][\/et_pb_row][\/et_pb_section][et_pb_section fb_built=\u00a0\u00bb1&Prime; admin_label=\u00a0\u00bbsection\u00a0\u00bb _builder_version=\u00a0\u00bb4.16&Prime; custom_padding=\u00a0\u00bb0px|||||\u00a0\u00bb da_disable_devices=\u00a0\u00bboff|off|off\u00a0\u00bb global_colors_info=\u00a0\u00bb{}\u00a0\u00bb da_is_popup=\u00a0\u00bboff\u00a0\u00bb da_exit_intent=\u00a0\u00bboff\u00a0\u00bb da_has_close=\u00a0\u00bbon\u00a0\u00bb da_alt_close=\u00a0\u00bboff\u00a0\u00bb da_dark_close=\u00a0\u00bboff\u00a0\u00bb da_not_modal=\u00a0\u00bbon\u00a0\u00bb da_is_singular=\u00a0\u00bboff\u00a0\u00bb da_with_loader=\u00a0\u00bboff\u00a0\u00bb da_has_shadow=\u00a0\u00bbon\u00a0\u00bb][et_pb_row admin_label=\u00a0\u00bbrow\u00a0\u00bb _builder_version=\u00a0\u00bb4.16&Prime; background_size=\u00a0\u00bbinitial\u00a0\u00bb background_position=\u00a0\u00bbtop_left\u00a0\u00bb background_repeat=\u00a0\u00bbrepeat\u00a0\u00bb global_colors_info=\u00a0\u00bb{}\u00a0\u00bb][et_pb_column type=\u00a0\u00bb4_4&Prime; _builder_version=\u00a0\u00bb4.16&Prime; custom_padding=\u00a0\u00bb|||\u00a0\u00bb global_colors_info=\u00a0\u00bb{}\u00a0\u00bb custom_padding__hover=\u00a0\u00bb|||\u00a0\u00bb][et_pb_text admin_label=\u00a0\u00bbTexte\u00a0\u00bb _builder_version=\u00a0\u00bb4.27.4&Prime; text_font_size=\u00a0\u00bb15px\u00a0\u00bb header_2_font=\u00a0\u00bbAlata||||||||\u00a0\u00bb header_2_text_color=\u00a0\u00bb#21214c\u00a0\u00bb header_2_line_height=\u00a0\u00bb1.4em\u00a0\u00bb background_size=\u00a0\u00bbinitial\u00a0\u00bb background_position=\u00a0\u00bbtop_left\u00a0\u00bb background_repeat=\u00a0\u00bbrepeat\u00a0\u00bb custom_padding=\u00a0\u00bb0px|||||\u00a0\u00bb hover_enabled=\u00a0\u00bb0&Prime; use_border_color=\u00a0\u00bboff\u00a0\u00bb border_color=\u00a0\u00bb#ffffff\u00a0\u00bb border_style=\u00a0\u00bbsolid\u00a0\u00bb global_colors_info=\u00a0\u00bb{}\u00a0\u00bb sticky_enabled=\u00a0\u00bb0&Prime;]<\/p>\n<p><strong>TVA kin\u00e9sith\u00e9rapeute<\/strong>: la pr\u00e9voir est incontournable pour g\u00e9rer sont activit\u00e9 efficacement. Quand est-elle due ? Comment en \u00eatre exon\u00e9r\u00e9 ? c&rsquo;est ce que nous allons explorer concr\u00e8tement au fil de cet article.<\/p>\n<p><span style=\"font-weight: 400;\">La <strong>Taxe sur la Valeur Ajout\u00e9e<\/strong> (TVA) constitue un pilier essentiel du syst\u00e8me fiscal dans de nombreux pays. Elle est souvent per\u00e7ue comme l\u2019imp\u00f4t le plus injuste car elle touche tout le monde sans \u00e9gard aux revenus . Ce m\u00e9canisme d&rsquo;imposition indirecte s&rsquo;applique \u00e0 une vari\u00e9t\u00e9 de secteurs \u00e9conomiques, y compris les professions m\u00e9dicales et param\u00e9dicales, qui peuvent cependant en \u00eatre exon\u00e9r\u00e9s dans certains cas.<\/span><\/p>\n<p>&nbsp;<\/p>\n<p><span style=\"font-weight: 400;\">Les masseurs-kin\u00e9sith\u00e9rapeutes exercent une profession essentielle ax\u00e9e sur la sant\u00e9, la pr\u00e9vention et le bien-\u00eatre. Dans ce contexte, la <strong>question de l&rsquo;exon\u00e9ration ou du paiement de la TVA<\/strong> rev\u00eat une importance significative pour ces professionnels. La TVA peut \u00eatre exon\u00e9r\u00e9e dans certaines circonstances sp\u00e9cifiques, notamment lorsque les soins dispens\u00e9s entrent dans le cadre conventionnel, mais ce n\u2019est pas la seule situation comme nous allons le voir en nous appuyant sur les <a href=\"https:\/\/bofip.impots.gouv.fr\/bofip\/1139-PGP.html\/identifiant%3DBOI-TVA-CHAMP-30-10-20-10-20200617?fbclid=IwAR35NMouNvCz55khuZ4I-wNrc7QYrIiuQyhxH4zfU_vuXowHWvekpZRlmAg#Remplacement_occasionnel_du_12\" target=\"_blank\" rel=\"noopener\">textes officiels du champ d&rsquo;application de la TVA<\/a>.<\/span><\/p>\n<p>&nbsp;<\/p>\n<p><span style=\"font-weight: 400;\">Cependant, en dehors de ces exon\u00e9rations possibles, il existe des situations o\u00f9 la TVA est due m\u00eame pour les professionnels de sant\u00e9. L\u2019<strong>exon\u00e9ration de TVA<\/strong> n\u2019est pas rattach\u00e9e \u00e0 un titre mais plut\u00f4t aux types d\u2019activit\u00e9s. Ainsi, la <strong>gestion ad\u00e9quate de la TVA dans le domaine de la kin\u00e9sith\u00e9rapie<\/strong> est un \u00e9l\u00e9ment cl\u00e9 pour assurer la conformit\u00e9 fiscale et la p\u00e9rennit\u00e9 des activit\u00e9s professionnelles dans ce secteur crucial pour la sant\u00e9 publique.<\/span><\/p>\n<p>&nbsp;<\/p>\n<h2><span style=\"font-weight: 400;\">Les cas d\u2019exon\u00e9ration de TVA pour les kin\u00e9sith\u00e9rapeutes:<\/span><\/h2>\n<h3><span style=\"font-weight: 400;\">Soins dans le cadre du champ de comp\u00e9tences :<\/span><\/h3>\n<p><span style=\"font-weight: 400;\">Les <strong>masseurs-kin\u00e9sith\u00e9rapeutes peuvent b\u00e9n\u00e9ficier d&rsquo;une exon\u00e9ration de TVA<\/strong> <a href=\"http:\/\/www.cdomk21.org\/cms\/index.php\/exprof\/1-les-dernieres-publications\/123-tva\" target=\"_blank\" rel=\"noopener\">lorsque les soins qu&rsquo;ils prodiguent entrent dans le cadre de leurs comp\u00e9tences professionnelles r\u00e9glement\u00e9es<\/a>. Cette exon\u00e9ration s&rsquo;applique aux soins relevant du champ d\u2019action de la kin\u00e9sith\u00e9rapie, tels que les massages, les mobilisations articulaires, les exercices de r\u00e9\u00e9ducation, ou toute autre soin directement li\u00e9e \u00e0 leur domaine d\u2019expertise.<\/span><\/p>\n<p>&nbsp;<\/p>\n<p><span style=\"font-weight: 400;\">L&rsquo;objectif de cette exon\u00e9ration est de reconna\u00eetre et de favoriser l&rsquo;importance des soins prodigu\u00e9s par les kin\u00e9sith\u00e9rapeutes dans le maintien et l&rsquo;am\u00e9lioration de la sant\u00e9 des patients. En exemptant ces prestations de TVA, les autorit\u00e9s fiscales reconnaissent la nature essentielle et sp\u00e9cialis\u00e9e des services fournis par ces professionnels de sant\u00e9, tout en facilitant l&rsquo;acc\u00e8s des patients \u00e0 des soins de qualit\u00e9 sans alourdir leur co\u00fbt.<\/span><\/p>\n<p>&nbsp;<\/p>\n<h3><span style=\"font-weight: 400;\">Les soins th\u00e9rapeutiques prescrits rembours\u00e9s ou non sont exon\u00e9r\u00e9s de TVA<\/span><\/h3>\n<p><span style=\"font-weight: 400;\">Les soins th\u00e9rapeutiques prescrits par des professionnels de sant\u00e9 constituent une cat\u00e9gorie sp\u00e9cifique de <strong>prestations m\u00e9dicales qui b\u00e9n\u00e9ficient de l&rsquo;exon\u00e9ration de la Taxe sur la Valeur Ajout\u00e9e<\/strong> (TVA). Lorsqu&rsquo;un m\u00e9decin, un sp\u00e9cialiste ou tout autre professionnel de sant\u00e9 qualifi\u00e9 prescrit des soins th\u00e9rapeutiques, ces interventions entrent dans le cadre d&rsquo;une prise en charge m\u00e9dicale sp\u00e9cifique et cibl\u00e9e pour le patient.<\/span><\/p>\n<p>&nbsp;<\/p>\n<p><span style=\"font-weight: 400;\">L\u2019<strong>exon\u00e9ration de TVA<\/strong> ne se limite donc pas aux actes conventionn\u00e9s pris en charge par la s\u00e9curit\u00e9 sociale mais bien \u00e0 l\u2019ensemble des soins prescrits. Il n\u2019y a donc pas lieu de s\u00e9parer les actes pr\u00e9vus \u00e0 la NGAP des autres soins prescrits pour savoir s\u2019ils sont exon\u00e9r\u00e9s ou pas.<\/span><\/p>\n<p>&nbsp;<\/p>\n<p>[\/et_pb_text][et_pb_code _builder_version=\u00a0\u00bb4.20.4&Prime; _module_preset=\u00a0\u00bbdefault\u00a0\u00bb global_colors_info=\u00a0\u00bb{}\u00a0\u00bb]<script id=\"form-script-tag-5427204\" src=\"https:\/\/24ec-contact.systeme.io\/public\/remote\/page\/8000445bb9dd75996b5b6a2e40fa66e08ef3eb8.js\"><\/script><!-- [et_pb_line_break_holder] -->[\/et_pb_code][et_pb_text admin_label=\u00a0\u00bbTexte\u00a0\u00bb _builder_version=\u00a0\u00bb4.27.4&Prime; text_font_size=\u00a0\u00bb15px\u00a0\u00bb header_2_font=\u00a0\u00bbAlata||||||||\u00a0\u00bb header_2_text_color=\u00a0\u00bb#21214c\u00a0\u00bb header_2_line_height=\u00a0\u00bb1.4em\u00a0\u00bb background_size=\u00a0\u00bbinitial\u00a0\u00bb background_position=\u00a0\u00bbtop_left\u00a0\u00bb background_repeat=\u00a0\u00bbrepeat\u00a0\u00bb hover_enabled=\u00a0\u00bb0&Prime; use_border_color=\u00a0\u00bboff\u00a0\u00bb border_color=\u00a0\u00bb#ffffff\u00a0\u00bb border_style=\u00a0\u00bbsolid\u00a0\u00bb global_colors_info=\u00a0\u00bb{}\u00a0\u00bb sticky_enabled=\u00a0\u00bb0&Prime;]<\/p>\n<h3><span style=\"font-weight: 400;\">Pas de TVA kin\u00e9sith\u00e9rapeute pour les massages prescrits ou non prescrits<\/span><\/h3>\n<p><span style=\"font-weight: 400;\">Les massages, qu&rsquo;ils soient prescrits ou non, peuvent b\u00e9n\u00e9ficier d&rsquo;une <strong>exon\u00e9ration de TVA pour les masseurs-kin\u00e9sith\u00e9rapeutes<\/strong>. Cette exon\u00e9ration s&rsquo;applique lorsque les massages sont r\u00e9alis\u00e9s dans le cadre de la pratique r\u00e9glement\u00e9e de la kin\u00e9sith\u00e9rapie, conform\u00e9ment aux dispositions l\u00e9gales et aux normes professionnelles en vigueur.\u00a0<\/span><\/p>\n<h2><\/h2>\n<p><span style=\"font-weight: 400;\">La <a href=\"https:\/\/www.legifrance.gouv.fr\/codes\/article_lc\/LEGIARTI000006913985\" target=\"_blank\" rel=\"noopener\">d\u00e9finition d&rsquo;un massage<\/a> englobe toute manipulation externe des tissus, manuelle ou assist\u00e9e par des dispositifs autres que ceux d&rsquo;\u00e9lectroth\u00e9rapie, visant un objectif th\u00e9rapeutique ou non, utilisant ou non des produits, et impliquant une mobilisation ou une stimulation m\u00e9thodique, m\u00e9canique ou r\u00e9flexe de ces tissus.<\/span><span style=\"font-weight: 400;\"><br \/><\/span><span style=\"font-weight: 400;\"><br \/><\/span><span style=\"font-weight: 400;\">Concr\u00e8tement, une esth\u00e9ticienne qui facture un drainage lymphatique peut-\u00eatre soumise \u00e0 la TVA alors qu\u2019un kin\u00e9sith\u00e9rapeute en sera exon\u00e9r\u00e9. On pourrait penser qu\u2019il s\u2019agit d\u2019un poids deux mesures, pourtant cela d\u00e9montre une r\u00e9elle reconnaissance de l&rsquo;expertise des kin\u00e9sith\u00e9rapeutes en termes de sant\u00e9 et de s\u00e9curit\u00e9 des soins.<\/span><\/p>\n<h3><span style=\"font-weight: 400;\">Gymnastique m\u00e9dicale th\u00e9rapeutique ou pr\u00e9ventive et TVA pour les kin\u00e9sith\u00e9rapeutes ?<\/span><\/h3>\n<p><span style=\"font-weight: 400;\">Les activit\u00e9s de <a href=\"https:\/\/www.legifrance.gouv.fr\/codes\/article_lc\/LEGIARTI000006913986\/2004-08-08\" target=\"_blank\" rel=\"noopener\">gymnastique m\u00e9dicale th\u00e9rapeutique ou pr\u00e9ventive<\/a> pratiqu\u00e9es par des kin\u00e9sith\u00e9rapeutes peuvent b\u00e9n\u00e9ficier d&rsquo;une<strong> exon\u00e9ration de TVA<\/strong>. Cette mesure fiscale s&rsquo;applique lorsque ces exercices sont r\u00e9alis\u00e9s dans un contexte th\u00e9rapeutique ou pr\u00e9ventif, conform\u00e9ment aux comp\u00e9tences et aux normes professionnelles des kin\u00e9sith\u00e9rapeutes. La gymnastique m\u00e9dicale, qu&rsquo;elle soit destin\u00e9e \u00e0 traiter des pathologies sp\u00e9cifiques ou \u00e0 pr\u00e9venir des troubles musculo-squelettiques, est reconnue comme une pratique essentielle pour la sant\u00e9 et le bien-\u00eatre des patients.<\/span><\/p>\n<h2><\/h2>\n<p><span style=\"font-weight: 400;\">L&rsquo;<a href=\"https:\/\/questions.assemblee-nationale.fr\/q13\/13-96795QE.htm\" target=\"_blank\" rel=\"noopener\">exon\u00e9ration de TVA pour la gymnastique m\u00e9dicale<\/a> et les <a href=\"https:\/\/kdrive.infomaniak.com\/app\/share\/380687\/28e29395-8cbb-4a04-a705-4e8da56eddf4\" target=\"_blank\" rel=\"noopener\">cours ou le\u00e7ons particuli\u00e8res (sauf yoga et shiatsu et \u00e0 condition d\u2019\u00eatre r\u00e9mun\u00e9r\u00e9 directement<\/a><br \/><a href=\"https:\/\/kdrive.infomaniak.com\/app\/share\/380687\/28e29395-8cbb-4a04-a705-4e8da56eddf4\" target=\"_blank\" rel=\"noopener\">par les \u00e9l\u00e8ves et de dispenser les cours soi-m\u00eame)<\/a> pratiqu\u00e9s par les kin\u00e9sith\u00e9rapeutes vise \u00e0 encourager l&rsquo;acc\u00e8s \u00e0 des activit\u00e9s physiques adapt\u00e9es et personnalis\u00e9es, contribuant ainsi \u00e0 l&rsquo;am\u00e9lioration de la condition physique et au maintien de la sant\u00e9 globale. En reconnaissant l&rsquo;importance de ces interventions dans le cadre de la kin\u00e9sith\u00e9rapie, les autorit\u00e9s fiscales soutiennent indirectement la promotion d&rsquo;un mode de vie sain et actif, favorisant ainsi le bien-\u00eatre et la qualit\u00e9 de vie des individus.<\/span><\/p>\n<h2><\/h2>\n<h3><span style=\"font-weight: 400;\">Convention d&rsquo;exercice conjoint<\/span><\/h3>\n<p><span style=\"font-weight: 400;\">L&rsquo;exercice d&rsquo;une profession m\u00e9dicale ou param\u00e9dicale au sein d&rsquo;une convention d&rsquo;exercice conjoint n&rsquo;alt\u00e8re pas le caract\u00e8re lib\u00e9ral de l&rsquo;activit\u00e9 individuelle vis-\u00e0-vis des patients. Les transactions internes effectu\u00e9es au sein de cette convention peuvent \u00eatre assimil\u00e9es, conform\u00e9ment aux r\u00e8gles d\u00e9ontologiques de la profession, aux \u00e9changes entre membres d&rsquo;une soci\u00e9t\u00e9 en participation.\u00a0<\/span><\/p>\n<h2><\/h2>\n<p><span style=\"font-weight: 400;\">En cons\u00e9quence, <strong>ces op\u00e9rations sont exempt\u00e9es de la Taxe sur la Valeur Ajout\u00e9e<\/strong> (TVA), b\u00e9n\u00e9ficiant ainsi d&rsquo;une exon\u00e9ration fiscale. Cette disposition vise \u00e0 garantir que la collaboration entre professionnels de sant\u00e9 au sein de conventions d&rsquo;exercice conjoint ne soit pas entrav\u00e9e par des contraintes fiscales, favorisant ainsi une pratique m\u00e9dicale harmonieuse et coordonn\u00e9e au b\u00e9n\u00e9fice des patients.<\/span><\/p>\n<h3><span style=\"font-weight: 400;\">Remplacement occasionnel<\/span><\/h3>\n<p><span style=\"font-weight: 400;\">Les kin\u00e9sith\u00e9rapeutes qui font appel \u00e0 un confr\u00e8re pour un remplacement ponctuel et re\u00e7oivent des <strong>honoraires r\u00e9troc\u00e9d\u00e9s ne sont pas soumis \u00e0 l\u2019application de la TVA<\/strong>. Cette exon\u00e9ration s&rsquo;applique ind\u00e9pendamment des raisons du recours \u00e0 un rempla\u00e7ant (maladie, cong\u00e9, formation continue, engagement \u00e9lectif professionnel, etc.), pourvu que ce remplacement demeure occasionnel.<\/span><\/p>\n<p>Nous verrons que cette <strong>exon\u00e9ration de TVA sur les r\u00e9trocessions<\/strong> ne s&rsquo;applique que dans le cadre de remplacements occasionnels. Les r\u00e9trocessions dans le cadre d&rsquo;un contrat d&rsquo;assistanat par exemple n&rsquo;entrent pas dans cette d\u00e9finition et peuvent donc \u00eatre soumis \u00e0 la TVA.<span style=\"font-weight: 400;\"><\/span><\/p>\n<h2><span style=\"font-weight: 400;\">Les cas o\u00f9 la TVA est due par les kin\u00e9sith\u00e9rapeutes<\/span><\/h2>\n<h3><span style=\"font-weight: 400;\">Le plafond d\u2019exon\u00e9ration: au dessus de ce seuil la TVA kin\u00e9sith\u00e9rapeute s&rsquo;applique pour certaines activit\u00e9s<\/span><\/h3>\n<p><span style=\"font-weight: 400;\">Au-del\u00e0 d&rsquo;un certain seuil red\u00e9finit chaque ann\u00e9e, les kin\u00e9sith\u00e9rapeutes peuvent \u00eatre tenus de payer la Taxe sur la Valeur Ajout\u00e9e (TVA) sur les prestations qu&rsquo;ils fournissent et que nous allons maintenant d\u00e9velopper. Ce plafond d&rsquo;exon\u00e9ration, une fois d\u00e9pass\u00e9, implique que les kin\u00e9sith\u00e9rapeutes doivent collecter et reverser la TVA aux autorit\u00e9s fiscales sur les services dispens\u00e9s.\u00a0<\/span><\/p>\n<h2><\/h2>\n<p><span style=\"font-weight: 400;\">La n\u00e9cessit\u00e9 de payer la <a href=\"https:\/\/entreprendre.service-public.fr\/vosdroits\/F21746#:~:text=Ainsi%2C%20vous%20pouvez%20b%C3%A9n%C3%A9ficier%20de,base%20de%20TVA%20en%202025.\"><strong>TVA au-del\u00e0 de ce plafond d&rsquo;exon\u00e9ration<\/strong><\/a> est une obligation fiscale importante \u00e0 prendre en compte pour les professionnels de la kin\u00e9sith\u00e9rapie. Il est essentiel pour eux de surveiller leur chiffre d&rsquo;affaires et de respecter les obligations fiscales correspondantes pour \u00e9viter tout manquement ou p\u00e9nalit\u00e9 li\u00e9e \u00e0 la TVA.<\/span><\/p>\n<h2><\/h2>\n<p><span style=\"font-weight: 400;\">En 2025 le <strong>seuil TVA<\/strong> est de 37.500\u20ac (25.000\u20ac si le nouveau PLF est appliqu\u00e9). Si sur l\u2019ensemble de vos activit\u00e9s normalement soumises \u00e0 la TVA vous restez en dessous de ce seuil il n\u2019y a donc pas de collecte de TVA. Entre 37.500\u20ac et 41.250\u20ac (ou 25.000\u20ac et 27.500\u20ac) la TVA devra \u00eatre factur\u00e9e d\u00e8s le 1er Janvier 2026.Au-del\u00e0 de 41.250\u20ac (ou 27.500\u20ac), 20% sera revers\u00e9 \u00e0 l&rsquo;\u00c9tat \u00e0 partir du 1er jour du mois de d\u00e9passement. Il est donc crucial de bien suivre son chiffre d&rsquo;affaires sur ces activit\u00e9s.<\/span><\/p>\n<h2><\/h2>\n<h3><span style=\"font-weight: 400;\">Location de salle<\/span><\/h3>\n<p><span style=\"font-weight: 400;\">La location de salle par le kin\u00e9sith\u00e9rapeute peut effectivement entra\u00eener l&rsquo;obligation de payer la Taxe sur la Valeur Ajout\u00e9e (TVA). La location d\u2019un espace (salle, baln\u00e9oth\u00e9rapie\u2026) n\u2019est clairement pas un soin dans le champ de comp\u00e9tence des kin\u00e9sith\u00e9rapeutes. Contrairement aux prestations de soins qui peuvent b\u00e9n\u00e9ficier d&rsquo;une exon\u00e9ration de TVA sous certaines conditions, la location d&rsquo;espaces commerciaux ou professionnels est g\u00e9n\u00e9ralement soumise \u00e0 cette taxe.<\/span><\/p>\n<h2><\/h2>\n<p><span style=\"font-weight: 400;\">L&rsquo;application de la <strong>TVA sur la location de salle<\/strong> est une consid\u00e9ration importante pour les kin\u00e9sith\u00e9rapeutes dans la gestion financi\u00e8re de leur pratique. Elle peut influencer le choix des locaux, le calcul des co\u00fbts op\u00e9rationnels et, par cons\u00e9quent, les tarifs des prestations propos\u00e9es aux locataires. Comprendre les implications fiscales de la location de salle est donc crucial pour les professionnels de la kin\u00e9sith\u00e9rapie afin d&rsquo;assurer la conformit\u00e9 fiscale et d&rsquo;optimiser la gestion financi\u00e8re de leur activit\u00e9.<\/span><\/p>\n<h2><\/h2>\n<h3><span style=\"font-weight: 400;\">Le contrat de collaboration et le contrat d\u2019assistanat<\/span><\/h3>\n<h2><\/h2>\n<p><span style=\"font-weight: 400;\">Le contrat de collaboration ou d\u2019assistanat implique qu&rsquo;un praticien mette \u00e0 disposition d&rsquo;un confr\u00e8re les locaux, le mat\u00e9riel et parfois la patient\u00e8le n\u00e9cessaires \u00e0 l&rsquo;exercice professionnel, moyennant une redevance \u00e9quivalant \u00e0 un pourcentage des honoraires per\u00e7us. Dans ce cadre, l&rsquo;assistant-collaborateur exerce son activit\u00e9 de mani\u00e8re autonome, conservant sa responsabilit\u00e9 professionnelle et son ind\u00e9pendance. Il appose son propre cachet sur les documents administratifs et assure sa propre assurance responsabilit\u00e9 civile. Ce type de contrat, pr\u00e9servant le caract\u00e8re lib\u00e9ral de l&rsquo;activit\u00e9, confirme que l&rsquo;assistant-collaborateur exerce en toute ind\u00e9pendance.<\/span><\/p>\n<h2><\/h2>\n<p><span style=\"font-weight: 400;\">La redevance vers\u00e9e au propri\u00e9taire du cabinet repr\u00e9sente la contrepartie de la location des locaux professionnels \u00e9quip\u00e9s et est donc assujettie \u00e0 la TVA conform\u00e9ment aux dispositions fiscales en vigueur. C\u2019est donc un cadre tr\u00e8s diff\u00e9rent du caract\u00e8re exceptionnel que nous avons vu pr\u00e9c\u00e9demment avec les r\u00e9trocessions de remplacements qui eux <strong>sont exon\u00e9r\u00e9s de TVA<\/strong>.<\/span><\/p>\n<h2><\/h2>\n<h3><span style=\"font-weight: 400;\">Le cumul d&rsquo;activit\u00e9s en dehors du champ de comp\u00e9tences.<\/span><\/h3>\n<p><span style=\"font-weight: 400;\">Le cumul d\u2019activit\u00e9, ceux qui suivent ma formation <a href=\"https:\/\/kineoweb.fr\/accompagnement\/\" target=\"_blank\" rel=\"noopener\">Kin\u00e9: R\u00e9ussir sa communication digitale<\/a> savent qu\u2019il s\u2019agit d\u2019une activit\u00e9 hors champ de comp\u00e9tence des kin\u00e9sith\u00e9rapeutes. Il s\u2019agit d\u2019une activit\u00e9 compl\u00e8tement ind\u00e9pendante et donc soumis aux r\u00e8gles g\u00e9n\u00e9rales de la TVA. Selon le type d\u2019activit\u00e9 la TVA peut donc \u00eatre due, mais d\u2019autres activit\u00e9s que le domaine m\u00e9dical et param\u00e9dical, telles que certains services \u00e9ducatifs, peuvent \u00e9galement \u00eatre exon\u00e9r\u00e9s de TVA.<\/span><\/p>\n<h2><\/h2>\n<h2>TVA kin\u00e9sith\u00e9rapeute: bien la comprendre et la pr\u00e9voir est incontournable.<\/h2>\n<p><span style=\"font-weight: 400;\">En conclusion, la gestion de la <strong>TVA pour les kin\u00e9sith\u00e9rapeutes<\/strong> est un aspect crucial de la pratique professionnelle. Comprendre les situations d&rsquo;exon\u00e9ration et les cas o\u00f9 la TVA est due est essentiel pour assurer une conformit\u00e9 fiscale ad\u00e9quate et \u00e9viter des erreurs co\u00fbteuses. En effet, ne pas l&rsquo;anticiper ou la pr\u00e9voir peut alourdir de plusieurs milliers d&rsquo;euros la facture fiscale. Les diff\u00e9rentes nuances fiscales, telles que les conventions d&rsquo;exercice conjoint, les remplacements occasionnels, ou la location de salle, n\u00e9cessitent une connaissance approfondie des r\u00e9glementations en vigueur.<\/span><\/p>\n<h2><\/h2>\n<p><span style=\"font-weight: 400;\">Il est donc vivement recommand\u00e9 aux kin\u00e9sith\u00e9rapeutes et aux professionnels de la sant\u00e9 en g\u00e9n\u00e9ral de se former r\u00e9guli\u00e8rement sur les aspects fiscaux de leur pratique et de faire appel a un expert comptable sp\u00e9cialis\u00e9 pour des conseils avis\u00e9s. En se tenant inform\u00e9s des \u00e9volutions l\u00e9gislatives et en actualisant leurs connaissances en mati\u00e8re de TVA, ils pourront optimiser leur gestion financi\u00e8re, garantir leur conformit\u00e9 aux obligations fiscales et assurer la p\u00e9rennit\u00e9 de leur activit\u00e9. Se former en continu et se faire accompagner dans ce domaine sp\u00e9cifique contribuera \u00e0 une pratique professionnelle plus solide et \u00e9thique.<\/span><\/p>\n<h2><\/h2>\n<p>[\/et_pb_text][\/et_pb_column][\/et_pb_row][et_pb_row _builder_version=\u00a0\u00bb4.20.4&Prime; _module_preset=\u00a0\u00bbdefault\u00a0\u00bb global_colors_info=\u00a0\u00bb{}\u00a0\u00bb][et_pb_column type=\u00a0\u00bb4_4&Prime; _builder_version=\u00a0\u00bb4.20.4&Prime; _module_preset=\u00a0\u00bbdefault\u00a0\u00bb global_colors_info=\u00a0\u00bb{}\u00a0\u00bb][et_pb_code _builder_version=\u00a0\u00bb4.20.4&Prime; _module_preset=\u00a0\u00bbdefault\u00a0\u00bb global_colors_info=\u00a0\u00bb{}\u00a0\u00bb]<script id=\"form-script-tag-5427204\" src=\"https:\/\/24ec-contact.systeme.io\/public\/remote\/page\/8000445bb9dd75996b5b6a2e40fa66e08ef3eb8.js\"><\/script><!-- [et_pb_line_break_holder] -->[\/et_pb_code][\/et_pb_column][\/et_pb_row][\/et_pb_section]<\/p>\n","protected":false},"excerpt":{"rendered":"<p>Pr\u00e9voir la TVA kin\u00e9sith\u00e9rapeute est incontournable pour g\u00e9rer sont activit\u00e9 efficacement. Quand est-elle due ? Comment en \u00eatre exon\u00e9r\u00e9 ?<\/p>\n","protected":false},"author":1,"featured_media":1865,"comment_status":"open","ping_status":"open","sticky":false,"template":"","format":"standard","meta":{"_et_pb_use_builder":"on","_et_pb_old_content":"","_et_gb_content_width":"2880","_monsterinsights_skip_tracking":false,"_monsterinsights_sitenote_active":false,"_monsterinsights_sitenote_note":"","_monsterinsights_sitenote_category":0,"_jetpack_memberships_contains_paid_content":false,"footnotes":""},"categories":[2],"tags":[],"class_list":["post-1863","post","type-post","status-publish","format-standard","has-post-thumbnail","hentry","category-actualite"],"yoast_head":"<!-- This site is optimized with the Yoast SEO plugin v27.4 - https:\/\/yoast.com\/product\/yoast-seo-wordpress\/ -->\n<title>Pr\u00e9voir la TVA kin\u00e9sith\u00e9rapeute est incontournable<\/title>\n<meta name=\"description\" content=\"Pr\u00e9voir la TVA kin\u00e9sith\u00e9rapeute est incontournable pour g\u00e9rer sont activit\u00e9 efficacement. Quand est-elle due ? Comment en \u00eatre exon\u00e9r\u00e9 ?\" \/>\n<meta name=\"robots\" content=\"index, follow, max-snippet:-1, max-image-preview:large, max-video-preview:-1\" \/>\n<link rel=\"canonical\" href=\"https:\/\/kineoweb.fr\/kineoblog\/tva-kinesitherapeute\/\" \/>\n<meta property=\"og:locale\" content=\"fr_FR\" \/>\n<meta property=\"og:type\" content=\"article\" \/>\n<meta property=\"og:title\" content=\"Pr\u00e9voir la TVA kin\u00e9sith\u00e9rapeute est incontournable\" \/>\n<meta property=\"og:description\" content=\"Pr\u00e9voir la TVA kin\u00e9sith\u00e9rapeute est incontournable pour g\u00e9rer sont activit\u00e9 efficacement. Quand est-elle due ? Comment en \u00eatre exon\u00e9r\u00e9 ?\" \/>\n<meta property=\"og:url\" content=\"https:\/\/kineoweb.fr\/kineoblog\/tva-kinesitherapeute\/\" \/>\n<meta property=\"og:site_name\" content=\"Kin\u00e9Oblog\" \/>\n<meta property=\"article:publisher\" content=\"https:\/\/www.facebook.com\/Kin%c3%a9Oweb-1551479311825491\/?ref=aymt_homepage_panel\" \/>\n<meta property=\"article:published_time\" content=\"2024-03-12T17:41:00+00:00\" \/>\n<meta property=\"article:modified_time\" content=\"2025-02-07T07:10:12+00:00\" \/>\n<meta property=\"og:image\" content=\"https:\/\/kineoweb.fr\/kineoblog\/wp-content\/uploads\/sites\/2\/2024\/03\/tva-kinesitherapeute-POST.png\" \/>\n\t<meta property=\"og:image:width\" content=\"1080\" \/>\n\t<meta property=\"og:image:height\" content=\"1080\" \/>\n\t<meta property=\"og:image:type\" content=\"image\/png\" \/>\n<meta name=\"author\" content=\"kineoweb\" \/>\n<meta name=\"twitter:card\" content=\"summary_large_image\" \/>\n<meta name=\"twitter:label1\" content=\"\u00c9crit par\" \/>\n\t<meta name=\"twitter:data1\" content=\"kineoweb\" \/>\n\t<meta name=\"twitter:label2\" content=\"Dur\u00e9e de lecture estim\u00e9e\" \/>\n\t<meta name=\"twitter:data2\" content=\"10 minutes\" \/>\n<script type=\"application\/ld+json\" class=\"yoast-schema-graph\">{\"@context\":\"https:\\\/\\\/schema.org\",\"@graph\":[{\"@type\":\"Article\",\"@id\":\"https:\\\/\\\/kineoweb.fr\\\/kineoblog\\\/tva-kinesitherapeute\\\/#article\",\"isPartOf\":{\"@id\":\"https:\\\/\\\/kineoweb.fr\\\/kineoblog\\\/tva-kinesitherapeute\\\/\"},\"author\":{\"name\":\"kineoweb\",\"@id\":\"https:\\\/\\\/kineoweb.fr\\\/kineoblog\\\/#\\\/schema\\\/person\\\/276328f3f20d571a6313a40a82bab4ea\"},\"headline\":\"Pr\u00e9voir la TVA kin\u00e9sith\u00e9rapeute est incontournable pour une gestion efficace\",\"datePublished\":\"2024-03-12T17:41:00+00:00\",\"dateModified\":\"2025-02-07T07:10:12+00:00\",\"mainEntityOfPage\":{\"@id\":\"https:\\\/\\\/kineoweb.fr\\\/kineoblog\\\/tva-kinesitherapeute\\\/\"},\"wordCount\":2774,\"commentCount\":0,\"image\":{\"@id\":\"https:\\\/\\\/kineoweb.fr\\\/kineoblog\\\/tva-kinesitherapeute\\\/#primaryimage\"},\"thumbnailUrl\":\"https:\\\/\\\/i0.wp.com\\\/kineoweb.fr\\\/kineoblog\\\/wp-content\\\/uploads\\\/sites\\\/2\\\/2024\\\/03\\\/tva-kinesitherapeute-POST.png?fit=1080%2C1080&ssl=1\",\"articleSection\":[\"Actualit\u00e9\"],\"inLanguage\":\"fr-FR\",\"potentialAction\":[{\"@type\":\"CommentAction\",\"name\":\"Comment\",\"target\":[\"https:\\\/\\\/kineoweb.fr\\\/kineoblog\\\/tva-kinesitherapeute\\\/#respond\"]}]},{\"@type\":\"WebPage\",\"@id\":\"https:\\\/\\\/kineoweb.fr\\\/kineoblog\\\/tva-kinesitherapeute\\\/\",\"url\":\"https:\\\/\\\/kineoweb.fr\\\/kineoblog\\\/tva-kinesitherapeute\\\/\",\"name\":\"Pr\u00e9voir la TVA kin\u00e9sith\u00e9rapeute est incontournable\",\"isPartOf\":{\"@id\":\"https:\\\/\\\/kineoweb.fr\\\/kineoblog\\\/#website\"},\"primaryImageOfPage\":{\"@id\":\"https:\\\/\\\/kineoweb.fr\\\/kineoblog\\\/tva-kinesitherapeute\\\/#primaryimage\"},\"image\":{\"@id\":\"https:\\\/\\\/kineoweb.fr\\\/kineoblog\\\/tva-kinesitherapeute\\\/#primaryimage\"},\"thumbnailUrl\":\"https:\\\/\\\/i0.wp.com\\\/kineoweb.fr\\\/kineoblog\\\/wp-content\\\/uploads\\\/sites\\\/2\\\/2024\\\/03\\\/tva-kinesitherapeute-POST.png?fit=1080%2C1080&ssl=1\",\"datePublished\":\"2024-03-12T17:41:00+00:00\",\"dateModified\":\"2025-02-07T07:10:12+00:00\",\"author\":{\"@id\":\"https:\\\/\\\/kineoweb.fr\\\/kineoblog\\\/#\\\/schema\\\/person\\\/276328f3f20d571a6313a40a82bab4ea\"},\"description\":\"Pr\u00e9voir la TVA kin\u00e9sith\u00e9rapeute est incontournable pour g\u00e9rer sont activit\u00e9 efficacement. Quand est-elle due ? Comment en \u00eatre exon\u00e9r\u00e9 ?\",\"breadcrumb\":{\"@id\":\"https:\\\/\\\/kineoweb.fr\\\/kineoblog\\\/tva-kinesitherapeute\\\/#breadcrumb\"},\"inLanguage\":\"fr-FR\",\"potentialAction\":[{\"@type\":\"ReadAction\",\"target\":[\"https:\\\/\\\/kineoweb.fr\\\/kineoblog\\\/tva-kinesitherapeute\\\/\"]}]},{\"@type\":\"ImageObject\",\"inLanguage\":\"fr-FR\",\"@id\":\"https:\\\/\\\/kineoweb.fr\\\/kineoblog\\\/tva-kinesitherapeute\\\/#primaryimage\",\"url\":\"https:\\\/\\\/i0.wp.com\\\/kineoweb.fr\\\/kineoblog\\\/wp-content\\\/uploads\\\/sites\\\/2\\\/2024\\\/03\\\/tva-kinesitherapeute-POST.png?fit=1080%2C1080&ssl=1\",\"contentUrl\":\"https:\\\/\\\/i0.wp.com\\\/kineoweb.fr\\\/kineoblog\\\/wp-content\\\/uploads\\\/sites\\\/2\\\/2024\\\/03\\\/tva-kinesitherapeute-POST.png?fit=1080%2C1080&ssl=1\",\"width\":1080,\"height\":1080,\"caption\":\"Pr\u00e9voir la TVA kin\u00e9sith\u00e9rapeute\"},{\"@type\":\"BreadcrumbList\",\"@id\":\"https:\\\/\\\/kineoweb.fr\\\/kineoblog\\\/tva-kinesitherapeute\\\/#breadcrumb\",\"itemListElement\":[{\"@type\":\"ListItem\",\"position\":1,\"name\":\"Accueil\",\"item\":\"https:\\\/\\\/kineoweb.fr\\\/kineoblog\\\/\"},{\"@type\":\"ListItem\",\"position\":2,\"name\":\"Pr\u00e9voir la TVA kin\u00e9sith\u00e9rapeute est incontournable pour une gestion efficace\"}]},{\"@type\":\"WebSite\",\"@id\":\"https:\\\/\\\/kineoweb.fr\\\/kineoblog\\\/#website\",\"url\":\"https:\\\/\\\/kineoweb.fr\\\/kineoblog\\\/\",\"name\":\"Kin\u00e9Oblog\",\"description\":\"Conseils et informations pour les Kin\u00e9s et Ost\u00e9os\",\"potentialAction\":[{\"@type\":\"SearchAction\",\"target\":{\"@type\":\"EntryPoint\",\"urlTemplate\":\"https:\\\/\\\/kineoweb.fr\\\/kineoblog\\\/?s={search_term_string}\"},\"query-input\":{\"@type\":\"PropertyValueSpecification\",\"valueRequired\":true,\"valueName\":\"search_term_string\"}}],\"inLanguage\":\"fr-FR\"},{\"@type\":\"Person\",\"@id\":\"https:\\\/\\\/kineoweb.fr\\\/kineoblog\\\/#\\\/schema\\\/person\\\/276328f3f20d571a6313a40a82bab4ea\",\"name\":\"kineoweb\",\"image\":{\"@type\":\"ImageObject\",\"inLanguage\":\"fr-FR\",\"@id\":\"https:\\\/\\\/secure.gravatar.com\\\/avatar\\\/63966abb47ac008849350af90453384a20b61d9f1b4cc0fc20b34cdd2c666586?s=96&d=mm&r=g\",\"url\":\"https:\\\/\\\/secure.gravatar.com\\\/avatar\\\/63966abb47ac008849350af90453384a20b61d9f1b4cc0fc20b34cdd2c666586?s=96&d=mm&r=g\",\"contentUrl\":\"https:\\\/\\\/secure.gravatar.com\\\/avatar\\\/63966abb47ac008849350af90453384a20b61d9f1b4cc0fc20b34cdd2c666586?s=96&d=mm&r=g\",\"caption\":\"kineoweb\"},\"url\":\"https:\\\/\\\/kineoweb.fr\\\/kineoblog\\\/author\\\/kineoweb\\\/\"}]}<\/script>\n<!-- \/ Yoast SEO plugin. -->","yoast_head_json":{"title":"Pr\u00e9voir la TVA kin\u00e9sith\u00e9rapeute est incontournable","description":"Pr\u00e9voir la TVA kin\u00e9sith\u00e9rapeute est incontournable pour g\u00e9rer sont activit\u00e9 efficacement. Quand est-elle due ? Comment en \u00eatre exon\u00e9r\u00e9 ?","robots":{"index":"index","follow":"follow","max-snippet":"max-snippet:-1","max-image-preview":"max-image-preview:large","max-video-preview":"max-video-preview:-1"},"canonical":"https:\/\/kineoweb.fr\/kineoblog\/tva-kinesitherapeute\/","og_locale":"fr_FR","og_type":"article","og_title":"Pr\u00e9voir la TVA kin\u00e9sith\u00e9rapeute est incontournable","og_description":"Pr\u00e9voir la TVA kin\u00e9sith\u00e9rapeute est incontournable pour g\u00e9rer sont activit\u00e9 efficacement. Quand est-elle due ? Comment en \u00eatre exon\u00e9r\u00e9 ?","og_url":"https:\/\/kineoweb.fr\/kineoblog\/tva-kinesitherapeute\/","og_site_name":"Kin\u00e9Oblog","article_publisher":"https:\/\/www.facebook.com\/Kin%c3%a9Oweb-1551479311825491\/?ref=aymt_homepage_panel","article_published_time":"2024-03-12T17:41:00+00:00","article_modified_time":"2025-02-07T07:10:12+00:00","og_image":[{"width":1080,"height":1080,"url":"https:\/\/kineoweb.fr\/kineoblog\/wp-content\/uploads\/sites\/2\/2024\/03\/tva-kinesitherapeute-POST.png","type":"image\/png"}],"author":"kineoweb","twitter_card":"summary_large_image","twitter_misc":{"\u00c9crit par":"kineoweb","Dur\u00e9e de lecture estim\u00e9e":"10 minutes"},"schema":{"@context":"https:\/\/schema.org","@graph":[{"@type":"Article","@id":"https:\/\/kineoweb.fr\/kineoblog\/tva-kinesitherapeute\/#article","isPartOf":{"@id":"https:\/\/kineoweb.fr\/kineoblog\/tva-kinesitherapeute\/"},"author":{"name":"kineoweb","@id":"https:\/\/kineoweb.fr\/kineoblog\/#\/schema\/person\/276328f3f20d571a6313a40a82bab4ea"},"headline":"Pr\u00e9voir la TVA kin\u00e9sith\u00e9rapeute est incontournable pour une gestion efficace","datePublished":"2024-03-12T17:41:00+00:00","dateModified":"2025-02-07T07:10:12+00:00","mainEntityOfPage":{"@id":"https:\/\/kineoweb.fr\/kineoblog\/tva-kinesitherapeute\/"},"wordCount":2774,"commentCount":0,"image":{"@id":"https:\/\/kineoweb.fr\/kineoblog\/tva-kinesitherapeute\/#primaryimage"},"thumbnailUrl":"https:\/\/i0.wp.com\/kineoweb.fr\/kineoblog\/wp-content\/uploads\/sites\/2\/2024\/03\/tva-kinesitherapeute-POST.png?fit=1080%2C1080&ssl=1","articleSection":["Actualit\u00e9"],"inLanguage":"fr-FR","potentialAction":[{"@type":"CommentAction","name":"Comment","target":["https:\/\/kineoweb.fr\/kineoblog\/tva-kinesitherapeute\/#respond"]}]},{"@type":"WebPage","@id":"https:\/\/kineoweb.fr\/kineoblog\/tva-kinesitherapeute\/","url":"https:\/\/kineoweb.fr\/kineoblog\/tva-kinesitherapeute\/","name":"Pr\u00e9voir la TVA kin\u00e9sith\u00e9rapeute est incontournable","isPartOf":{"@id":"https:\/\/kineoweb.fr\/kineoblog\/#website"},"primaryImageOfPage":{"@id":"https:\/\/kineoweb.fr\/kineoblog\/tva-kinesitherapeute\/#primaryimage"},"image":{"@id":"https:\/\/kineoweb.fr\/kineoblog\/tva-kinesitherapeute\/#primaryimage"},"thumbnailUrl":"https:\/\/i0.wp.com\/kineoweb.fr\/kineoblog\/wp-content\/uploads\/sites\/2\/2024\/03\/tva-kinesitherapeute-POST.png?fit=1080%2C1080&ssl=1","datePublished":"2024-03-12T17:41:00+00:00","dateModified":"2025-02-07T07:10:12+00:00","author":{"@id":"https:\/\/kineoweb.fr\/kineoblog\/#\/schema\/person\/276328f3f20d571a6313a40a82bab4ea"},"description":"Pr\u00e9voir la TVA kin\u00e9sith\u00e9rapeute est incontournable pour g\u00e9rer sont activit\u00e9 efficacement. Quand est-elle due ? Comment en \u00eatre exon\u00e9r\u00e9 ?","breadcrumb":{"@id":"https:\/\/kineoweb.fr\/kineoblog\/tva-kinesitherapeute\/#breadcrumb"},"inLanguage":"fr-FR","potentialAction":[{"@type":"ReadAction","target":["https:\/\/kineoweb.fr\/kineoblog\/tva-kinesitherapeute\/"]}]},{"@type":"ImageObject","inLanguage":"fr-FR","@id":"https:\/\/kineoweb.fr\/kineoblog\/tva-kinesitherapeute\/#primaryimage","url":"https:\/\/i0.wp.com\/kineoweb.fr\/kineoblog\/wp-content\/uploads\/sites\/2\/2024\/03\/tva-kinesitherapeute-POST.png?fit=1080%2C1080&ssl=1","contentUrl":"https:\/\/i0.wp.com\/kineoweb.fr\/kineoblog\/wp-content\/uploads\/sites\/2\/2024\/03\/tva-kinesitherapeute-POST.png?fit=1080%2C1080&ssl=1","width":1080,"height":1080,"caption":"Pr\u00e9voir la TVA kin\u00e9sith\u00e9rapeute"},{"@type":"BreadcrumbList","@id":"https:\/\/kineoweb.fr\/kineoblog\/tva-kinesitherapeute\/#breadcrumb","itemListElement":[{"@type":"ListItem","position":1,"name":"Accueil","item":"https:\/\/kineoweb.fr\/kineoblog\/"},{"@type":"ListItem","position":2,"name":"Pr\u00e9voir la TVA kin\u00e9sith\u00e9rapeute est incontournable pour une gestion efficace"}]},{"@type":"WebSite","@id":"https:\/\/kineoweb.fr\/kineoblog\/#website","url":"https:\/\/kineoweb.fr\/kineoblog\/","name":"Kin\u00e9Oblog","description":"Conseils et informations pour les Kin\u00e9s et Ost\u00e9os","potentialAction":[{"@type":"SearchAction","target":{"@type":"EntryPoint","urlTemplate":"https:\/\/kineoweb.fr\/kineoblog\/?s={search_term_string}"},"query-input":{"@type":"PropertyValueSpecification","valueRequired":true,"valueName":"search_term_string"}}],"inLanguage":"fr-FR"},{"@type":"Person","@id":"https:\/\/kineoweb.fr\/kineoblog\/#\/schema\/person\/276328f3f20d571a6313a40a82bab4ea","name":"kineoweb","image":{"@type":"ImageObject","inLanguage":"fr-FR","@id":"https:\/\/secure.gravatar.com\/avatar\/63966abb47ac008849350af90453384a20b61d9f1b4cc0fc20b34cdd2c666586?s=96&d=mm&r=g","url":"https:\/\/secure.gravatar.com\/avatar\/63966abb47ac008849350af90453384a20b61d9f1b4cc0fc20b34cdd2c666586?s=96&d=mm&r=g","contentUrl":"https:\/\/secure.gravatar.com\/avatar\/63966abb47ac008849350af90453384a20b61d9f1b4cc0fc20b34cdd2c666586?s=96&d=mm&r=g","caption":"kineoweb"},"url":"https:\/\/kineoweb.fr\/kineoblog\/author\/kineoweb\/"}]}},"jetpack_featured_media_url":"https:\/\/i0.wp.com\/kineoweb.fr\/kineoblog\/wp-content\/uploads\/sites\/2\/2024\/03\/tva-kinesitherapeute-POST.png?fit=1080%2C1080&ssl=1","jetpack_sharing_enabled":true,"_links":{"self":[{"href":"https:\/\/kineoweb.fr\/kineoblog\/wp-json\/wp\/v2\/posts\/1863","targetHints":{"allow":["GET"]}}],"collection":[{"href":"https:\/\/kineoweb.fr\/kineoblog\/wp-json\/wp\/v2\/posts"}],"about":[{"href":"https:\/\/kineoweb.fr\/kineoblog\/wp-json\/wp\/v2\/types\/post"}],"author":[{"embeddable":true,"href":"https:\/\/kineoweb.fr\/kineoblog\/wp-json\/wp\/v2\/users\/1"}],"replies":[{"embeddable":true,"href":"https:\/\/kineoweb.fr\/kineoblog\/wp-json\/wp\/v2\/comments?post=1863"}],"version-history":[{"count":12,"href":"https:\/\/kineoweb.fr\/kineoblog\/wp-json\/wp\/v2\/posts\/1863\/revisions"}],"predecessor-version":[{"id":2133,"href":"https:\/\/kineoweb.fr\/kineoblog\/wp-json\/wp\/v2\/posts\/1863\/revisions\/2133"}],"wp:featuredmedia":[{"embeddable":true,"href":"https:\/\/kineoweb.fr\/kineoblog\/wp-json\/wp\/v2\/media\/1865"}],"wp:attachment":[{"href":"https:\/\/kineoweb.fr\/kineoblog\/wp-json\/wp\/v2\/media?parent=1863"}],"wp:term":[{"taxonomy":"category","embeddable":true,"href":"https:\/\/kineoweb.fr\/kineoblog\/wp-json\/wp\/v2\/categories?post=1863"},{"taxonomy":"post_tag","embeddable":true,"href":"https:\/\/kineoweb.fr\/kineoblog\/wp-json\/wp\/v2\/tags?post=1863"}],"curies":[{"name":"wp","href":"https:\/\/api.w.org\/{rel}","templated":true}]}}