{"id":1825,"date":"2024-02-14T11:45:58","date_gmt":"2024-02-14T10:45:58","guid":{"rendered":"https:\/\/kineoweb.fr\/kineoblog\/?p=1825"},"modified":"2024-02-14T11:46:00","modified_gmt":"2024-02-14T10:46:00","slug":"formation-douleur-chronique","status":"publish","type":"post","link":"https:\/\/kineoweb.fr\/kineoblog\/formation-douleur-chronique\/","title":{"rendered":"Formation Douleur Chronique une approche int\u00e9grative"},"content":{"rendered":"\n[et_pb_section fb_built=\u00a0\u00bb1&Prime; _builder_version=\u00a0\u00bb4.20.2&Prime; _module_preset=\u00a0\u00bbdefault\u00a0\u00bb custom_padding=\u00a0\u00bb0px|0px|0px|0px|false|false\u00a0\u00bb da_disable_devices=\u00a0\u00bboff|off|off\u00a0\u00bb global_colors_info=\u00a0\u00bb{}\u00a0\u00bb da_is_popup=\u00a0\u00bboff\u00a0\u00bb da_exit_intent=\u00a0\u00bboff\u00a0\u00bb da_has_close=\u00a0\u00bbon\u00a0\u00bb da_alt_close=\u00a0\u00bboff\u00a0\u00bb da_dark_close=\u00a0\u00bboff\u00a0\u00bb da_not_modal=\u00a0\u00bbon\u00a0\u00bb da_is_singular=\u00a0\u00bboff\u00a0\u00bb da_with_loader=\u00a0\u00bboff\u00a0\u00bb da_has_shadow=\u00a0\u00bbon\u00a0\u00bb][et_pb_row _builder_version=\u00a0\u00bb4.20.4&Prime; _module_preset=\u00a0\u00bbdefault\u00a0\u00bb global_colors_info=\u00a0\u00bb{}\u00a0\u00bb][et_pb_column type=\u00a0\u00bb4_4&Prime; _builder_version=\u00a0\u00bb4.20.4&Prime; _module_preset=\u00a0\u00bbdefault\u00a0\u00bb background_color=\u00a0\u00bb#FFFFFF\u00a0\u00bb global_colors_info=\u00a0\u00bb{}\u00a0\u00bb][et_pb_image src=\u00a0\u00bbhttps:\/\/kineoweb.fr\/kineoblog\/wp-content\/uploads\/sites\/2\/2024\/02\/formation-douleur-chronique.png\u00a0\u00bb alt=\u00a0\u00bbFormation douleur chronique une approche int\u00e9grative\u00a0\u00bb title_text=\u00a0\u00bbformation douleur chronique\u00a0\u00bb _builder_version=\u00a0\u00bb4.24.0&Prime; _module_preset=\u00a0\u00bbdefault\u00a0\u00bb global_colors_info=\u00a0\u00bb{}\u00a0\u00bb][\/et_pb_image][\/et_pb_column][\/et_pb_row][\/et_pb_section][et_pb_section fb_built=\u00a0\u00bb1&Prime; _builder_version=\u00a0\u00bb4.20.2&Prime; _module_preset=\u00a0\u00bbdefault\u00a0\u00bb custom_padding=\u00a0\u00bb1px||0px|||\u00a0\u00bb da_disable_devices=\u00a0\u00bboff|off|off\u00a0\u00bb global_colors_info=\u00a0\u00bb{}\u00a0\u00bb da_is_popup=\u00a0\u00bboff\u00a0\u00bb da_exit_intent=\u00a0\u00bboff\u00a0\u00bb da_has_close=\u00a0\u00bbon\u00a0\u00bb da_alt_close=\u00a0\u00bboff\u00a0\u00bb da_dark_close=\u00a0\u00bboff\u00a0\u00bb da_not_modal=\u00a0\u00bbon\u00a0\u00bb da_is_singular=\u00a0\u00bboff\u00a0\u00bb da_with_loader=\u00a0\u00bboff\u00a0\u00bb da_has_shadow=\u00a0\u00bbon\u00a0\u00bb][et_pb_row _builder_version=\u00a0\u00bb4.19.0&Prime; _module_preset=\u00a0\u00bbdefault\u00a0\u00bb custom_padding=\u00a0\u00bb||0px|||\u00a0\u00bb global_colors_info=\u00a0\u00bb{}\u00a0\u00bb][et_pb_column type=\u00a0\u00bb4_4&Prime; _builder_version=\u00a0\u00bb4.19.0&Prime; _module_preset=\u00a0\u00bbdefault\u00a0\u00bb global_colors_info=\u00a0\u00bb{}\u00a0\u00bb][et_pb_text _builder_version=\u00a0\u00bb4.23.1&Prime; _module_preset=\u00a0\u00bbdefault\u00a0\u00bb header_font=\u00a0\u00bbAlata|||on|||||\u00a0\u00bb header_text_color=\u00a0\u00bb#ff4e62&Prime; header_line_height=\u00a0\u00bb1.4em\u00a0\u00bb global_colors_info=\u00a0\u00bb{}\u00a0\u00bb]<h1 style=\"text-align: center;\">Formation douleur chronique: une approche int\u00e9grative avec rebecca bardet<\/h1>\n<p>&nbsp;<\/p>[\/et_pb_text][\/et_pb_column][\/et_pb_row][\/et_pb_section][et_pb_section fb_built=\u00a0\u00bb1&Prime; admin_label=\u00a0\u00bbsection\u00a0\u00bb _builder_version=\u00a0\u00bb4.16&Prime; custom_padding=\u00a0\u00bb0px|||||\u00a0\u00bb da_disable_devices=\u00a0\u00bboff|off|off\u00a0\u00bb global_colors_info=\u00a0\u00bb{}\u00a0\u00bb da_is_popup=\u00a0\u00bboff\u00a0\u00bb da_exit_intent=\u00a0\u00bboff\u00a0\u00bb da_has_close=\u00a0\u00bbon\u00a0\u00bb da_alt_close=\u00a0\u00bboff\u00a0\u00bb da_dark_close=\u00a0\u00bboff\u00a0\u00bb da_not_modal=\u00a0\u00bbon\u00a0\u00bb da_is_singular=\u00a0\u00bboff\u00a0\u00bb da_with_loader=\u00a0\u00bboff\u00a0\u00bb da_has_shadow=\u00a0\u00bbon\u00a0\u00bb][et_pb_row admin_label=\u00a0\u00bbrow\u00a0\u00bb _builder_version=\u00a0\u00bb4.16&Prime; background_size=\u00a0\u00bbinitial\u00a0\u00bb background_position=\u00a0\u00bbtop_left\u00a0\u00bb background_repeat=\u00a0\u00bbrepeat\u00a0\u00bb global_colors_info=\u00a0\u00bb{}\u00a0\u00bb][et_pb_column type=\u00a0\u00bb4_4&Prime; _builder_version=\u00a0\u00bb4.16&Prime; custom_padding=\u00a0\u00bb|||\u00a0\u00bb global_colors_info=\u00a0\u00bb{}\u00a0\u00bb custom_padding__hover=\u00a0\u00bb|||\u00a0\u00bb][et_pb_text admin_label=\u00a0\u00bbTexte\u00a0\u00bb _builder_version=\u00a0\u00bb4.24.0&Prime; text_font_size=\u00a0\u00bb15px\u00a0\u00bb header_2_font=\u00a0\u00bbAlata||||||||\u00a0\u00bb header_2_text_color=\u00a0\u00bb#21214c\u00a0\u00bb header_2_line_height=\u00a0\u00bb1.4em\u00a0\u00bb background_size=\u00a0\u00bbinitial\u00a0\u00bb background_position=\u00a0\u00bbtop_left\u00a0\u00bb background_repeat=\u00a0\u00bbrepeat\u00a0\u00bb custom_padding=\u00a0\u00bb0px|||||\u00a0\u00bb use_border_color=\u00a0\u00bboff\u00a0\u00bb border_color=\u00a0\u00bb#ffffff\u00a0\u00bb border_style=\u00a0\u00bbsolid\u00a0\u00bb global_colors_info=\u00a0\u00bb{}\u00a0\u00bb]<p>D\u00e9couvre ici la <strong>formation douleur chronique : une approche int\u00e9grative<\/strong> qui te permet, en tant que kin\u00e9sith\u00e9rapeute, de d\u00e9velopper une approche compl\u00e9mentaire hors convention ou conventionn\u00e9e.<\/p>\n<p>La <strong>douleur chronique<\/strong> est un d\u00e9fi complexe pour les kin\u00e9sith\u00e9rapeutes en cabinet lib\u00e9ral. Dans une interview r\u00e9cente, <a href=\"https:\/\/www.rebecca-bardet.fr\/\" target=\"_blank\" rel=\"noopener\">Rebecca Bardet<\/a>, kin\u00e9sith\u00e9rapeute et formatrice, a partag\u00e9 son exp\u00e9rience et son expertise dans la<strong> prise en charge de la douleur chronique<\/strong>. Elle a mis en avant l\u2019importance de l\u2019approche int\u00e9grative qui prend en compte les diff\u00e9rents aspects sensoriels, \u00e9motionnels et intellectuels des patients.<\/p>\n<p style=\"text-align: center;\"><a href=\"#interview\"><span style=\"color: #0c71c3;\"><strong>Tu peux retrouver l&rsquo;interview compl\u00e8te apr\u00e8s le r\u00e9sum\u00e9<\/strong><\/span><\/a><\/p>\n<p>&nbsp;<\/p>\n<h2><span style=\"font-weight: 400;\">Une formation douleur chronique mais plusieurs techniques.<\/span><\/h2>\n<h2><\/h2>\n<p><span style=\"font-weight: 400;\">La formation qu\u2019elle propose est centr\u00e9e sur l\u2019humain et vise \u00e0 aider les <strong>kin\u00e9sith\u00e9rapeutes \u00e0 adopter une posture diff\u00e9rente face \u00e0 la douleur chronique<\/strong> de leurs patients. Elle met en avant diff\u00e9rentes techniques telles que l\u2019autohypnose, des pratiques d\u2019\u00e9coute corporelle active et la m\u00e9thode Feldenkrais dans l\u2019approche th\u00e9rapeutique. Rebeca insiste sur le fait que la prise en charge de la douleur chronique doit \u00eatre globale et personnalis\u00e9e, en tenant compte des besoins sp\u00e9cifiques de chaque patient.<\/span><\/p>\n<h2><\/h2>\n<h2><span style=\"font-weight: 400;\">D\u00e9roul\u00e9 de la formation Approche Int\u00e9grative de la Douleur Chronique en Masso-Kin\u00e9sith\u00e9rapie.<\/span><\/h2>\n<h2><\/h2>\n<p><span style=\"font-weight: 400;\">La formation se d\u00e9roule en ligne et offre environ 30 heures de contenu accessible en permanence pendant un an. En plus des cours enregistr\u00e9s, il y a \u00e9galement un suivi r\u00e9gulier en live pour r\u00e9pondre aux questions des participants. La formation aborde la m\u00e9thode Feldenkrais, l\u2019\u00e9coute corporelle active, les r\u00e9flexes archa\u00efques et leur r\u00f4le dans la gestion de la douleur chronique.<\/span><\/p>\n<h2><\/h2>[\/et_pb_text][et_pb_code _builder_version=\u00a0\u00bb4.20.4&Prime; _module_preset=\u00a0\u00bbdefault\u00a0\u00bb global_colors_info=\u00a0\u00bb{}\u00a0\u00bb]<script id=\"form-script-tag-5427204\" src=\"https:\/\/24ec-contact.systeme.io\/public\/remote\/page\/8000445bb9dd75996b5b6a2e40fa66e08ef3eb8.js\"><\/script><!-- [et_pb_line_break_holder] -->[\/et_pb_code][et_pb_text admin_label=\u00a0\u00bbTexte\u00a0\u00bb _builder_version=\u00a0\u00bb4.24.0&Prime; text_font_size=\u00a0\u00bb15px\u00a0\u00bb header_2_font=\u00a0\u00bbAlata||||||||\u00a0\u00bb header_2_text_color=\u00a0\u00bb#21214c\u00a0\u00bb header_2_line_height=\u00a0\u00bb1.4em\u00a0\u00bb background_size=\u00a0\u00bbinitial\u00a0\u00bb background_position=\u00a0\u00bbtop_left\u00a0\u00bb background_repeat=\u00a0\u00bbrepeat\u00a0\u00bb use_border_color=\u00a0\u00bboff\u00a0\u00bb border_color=\u00a0\u00bb#ffffff\u00a0\u00bb border_style=\u00a0\u00bbsolid\u00a0\u00bb global_colors_info=\u00a0\u00bb{}\u00a0\u00bb]<h2><span style=\"font-weight: 400;\">2 cl\u00e9s essentiels pour int\u00e9grer sa formation douleur chronique en cabinet<\/span><\/h2>\n<h2><\/h2>\n<p><span style=\"font-weight: 400;\">Rebeca met \u00e9galement en avant l\u2019importance de la communication et de la d\u00e9finition d\u2019un cadre professionnel clair avec les patients. Elle encourage les kin\u00e9sith\u00e9rapeutes \u00e0 commencer par des petites touches et \u00e0 progressivement int\u00e9grer de nouvelles pratiques dans leur routine professionnelle. De plus, elle insiste sur l\u2019importance de pratiquer ces techniques pour soi-m\u00eame, afin de mieux les int\u00e9grer dans sa pratique professionnelle.<\/span><\/p>\n<h2><\/h2>\n<p><span style=\"font-weight: 400;\">En somme, la formation de Rebecca Bardet offre aux kin\u00e9sith\u00e9rapeutes une approche compl\u00e8te et personnalis\u00e9e pour la<strong> prise en charge de la douleur chronique<\/strong>. Elle met l\u2019accent sur l\u2019importance de rendre le patient actif dans la compr\u00e9hension de ce qu\u2019il ressent et pourquoi il le ressent, tout en encourageant les professionnels \u00e0 d\u00e9velopper une communication claire avec leurs patients.<\/span><\/p>\n<h2><\/h2>\n<h2><span style=\"font-weight: 400;\">En savoir plus sur la formation Approche int\u00e9grative de la Douleur Chronique en Masso-Kin\u00e9sith\u00e9rapie<\/span><\/h2>\n<p><span style=\"font-weight: 400;\">Retrouvez toutes les informations sur sa formation <a href=\"https:\/\/www.rebecca-bardet.fr\/formation-approche-integrative-de-la-douleur-chronique-en-masso-kinesitherapie\/\" target=\"_blank\" rel=\"noopener\">approche int\u00e9grative de la douleur chronique en masso-kin\u00e9sith\u00e9rapie<\/a> directement sur son site internet pour les formalit\u00e9s d\u2019inscription.<\/span><\/p>\n<p><span style=\"font-weight: 400;\">Et pour aller plus loin dans la compr\u00e9hension de la communication digitale, Rebecca vous invite \u00e0 explorer l\u2019E-book \u201c3 \u00e9tapes pour r\u00e9ussir dans la communication digitale\u201d.<\/span><\/p>\n<p><span style=\"font-weight: 400;\">En conclusion, la formation de Rebeca Bardet offre une approche compl\u00e8te et personnalis\u00e9e pour la <strong>prise en charge de la douleur chronique en cabinet lib\u00e9ral<\/strong>. C\u2019est une opportunit\u00e9 pour le patient de reprendre la main sur la gestion de sa douleur mais \u00e9galement pour le kin\u00e9sith\u00e9rapeute de <a href=\"https:\/\/kineoweb.fr\/kineoblog\/diversifier-activite-kine\/\" target=\"_blank\" rel=\"noopener\">diversifier son activit\u00e9 et d\u2019accompagner ses patients<\/a> vers la sant\u00e9 telle que la d\u00e9finie l\u2019OMS: \u00abLa sant\u00e9 est un \u00e9tat de complet bien-\u00eatre physique, mental et social, et ne consiste pas seulement en une absence de maladie ou d&rsquo;infirmit\u00e9\u00bb<\/span><\/p>\n<p>&nbsp;<\/p>\n<p><span style=\"font-weight: 400;\">Si vous voulez valoriser votre expertise avec une <\/span><a href=\"https:\/\/kineoweb.fr\/ebook\" target=\"_blank\" rel=\"noopener\"><span style=\"font-weight: 400;\">communication digitale efficace et p\u00e9renne recevez gratuitement votre e-book offert<\/span><\/a><span style=\"font-weight: 400;\">.<\/span><\/p>[\/et_pb_text][\/et_pb_column][\/et_pb_row][et_pb_row module_id=\u00a0\u00bbinterview\u00a0\u00bb _builder_version=\u00a0\u00bb4.23.1&Prime; _module_preset=\u00a0\u00bbdefault\u00a0\u00bb global_colors_info=\u00a0\u00bb{}\u00a0\u00bb][et_pb_column type=\u00a0\u00bb4_4&Prime; _builder_version=\u00a0\u00bb4.21.0&Prime; _module_preset=\u00a0\u00bbdefault\u00a0\u00bb global_colors_info=\u00a0\u00bb{}\u00a0\u00bb][et_pb_video src=\u00a0\u00bbhttps:\/\/www.youtube.com\/watch?v=6qmQcRHVBi0&Prime; module_id=\u00a0\u00bbinterview\u00a0\u00bb _builder_version=\u00a0\u00bb4.24.0&Prime; _module_preset=\u00a0\u00bbdefault\u00a0\u00bb hover_enabled=\u00a0\u00bb0&Prime; global_colors_info=\u00a0\u00bb{}\u00a0\u00bb sticky_enabled=\u00a0\u00bb0&Prime;][\/et_pb_video][\/et_pb_column][\/et_pb_row][et_pb_row _builder_version=\u00a0\u00bb4.20.4&Prime; _module_preset=\u00a0\u00bbdefault\u00a0\u00bb global_colors_info=\u00a0\u00bb{}\u00a0\u00bb][et_pb_column type=\u00a0\u00bb4_4&Prime; _builder_version=\u00a0\u00bb4.20.4&Prime; _module_preset=\u00a0\u00bbdefault\u00a0\u00bb global_colors_info=\u00a0\u00bb{}\u00a0\u00bb][et_pb_code _builder_version=\u00a0\u00bb4.20.4&Prime; _module_preset=\u00a0\u00bbdefault\u00a0\u00bb global_colors_info=\u00a0\u00bb{}\u00a0\u00bb]<script id=\"form-script-tag-5427204\" src=\"https:\/\/24ec-contact.systeme.io\/public\/remote\/page\/8000445bb9dd75996b5b6a2e40fa66e08ef3eb8.js\"><\/script><!-- [et_pb_line_break_holder] -->[\/et_pb_code][\/et_pb_column][\/et_pb_row][\/et_pb_section]\n","protected":false},"excerpt":{"rendered":"<p>D\u00e9couvre ici une formation Douleur Chronique qui te permet en tant que th\u00e9rapeute de d\u00e9velopper une approche compl\u00e9mentaire hors convention<\/p>\n","protected":false},"author":1,"featured_media":1826,"comment_status":"open","ping_status":"open","sticky":false,"template":"","format":"standard","meta":{"_et_pb_use_builder":"on","_et_pb_old_content":"","_et_gb_content_width":"2880","_monsterinsights_skip_tracking":false,"_monsterinsights_sitenote_active":false,"_monsterinsights_sitenote_note":"","_monsterinsights_sitenote_category":0,"_jetpack_memberships_contains_paid_content":false,"footnotes":""},"categories":[4],"tags":[36,12,11,13,14,25],"class_list":["post-1825","post","type-post","status-publish","format-standard","has-post-thumbnail","hentry","category-formations","tag-formation-kine","tag-kinesitherapie","tag-postures","tag-reeducation-globaliste","tag-reeducation-holistique","tag-site-internet-kines"],"yoast_head":"<!-- This site is optimized with the Yoast SEO plugin v27.4 - https:\/\/yoast.com\/product\/yoast-seo-wordpress\/ -->\n<title>Formation Douleur Chronique une approche int\u00e9grative - Kin\u00e9Oblog<\/title>\n<meta name=\"description\" content=\"D\u00e9couvre ici une formation Douleur Chronique qui te permet en tant que th\u00e9rapeute de d\u00e9velopper une approche compl\u00e9mentaire hors convention\" \/>\n<meta name=\"robots\" content=\"index, follow, max-snippet:-1, max-image-preview:large, max-video-preview:-1\" \/>\n<link rel=\"canonical\" href=\"https:\/\/kineoweb.fr\/kineoblog\/formation-douleur-chronique\/\" \/>\n<meta property=\"og:locale\" content=\"fr_FR\" \/>\n<meta property=\"og:type\" content=\"article\" \/>\n<meta property=\"og:title\" content=\"Formation Douleur Chronique une approche int\u00e9grative - Kin\u00e9Oblog\" \/>\n<meta property=\"og:description\" content=\"D\u00e9couvre ici une formation Douleur Chronique qui te permet en tant que th\u00e9rapeute de d\u00e9velopper une approche compl\u00e9mentaire hors convention\" \/>\n<meta property=\"og:url\" content=\"https:\/\/kineoweb.fr\/kineoblog\/formation-douleur-chronique\/\" \/>\n<meta property=\"og:site_name\" content=\"Kin\u00e9Oblog\" \/>\n<meta property=\"article:publisher\" content=\"https:\/\/www.facebook.com\/Kin%c3%a9Oweb-1551479311825491\/?ref=aymt_homepage_panel\" \/>\n<meta property=\"article:published_time\" content=\"2024-02-14T10:45:58+00:00\" \/>\n<meta property=\"article:modified_time\" content=\"2024-02-14T10:46:00+00:00\" \/>\n<meta property=\"og:image\" content=\"https:\/\/kineoweb.fr\/kineoblog\/wp-content\/uploads\/sites\/2\/2024\/02\/Formation-douleur-chronique-post.png\" \/>\n\t<meta property=\"og:image:width\" content=\"1080\" \/>\n\t<meta property=\"og:image:height\" content=\"1080\" \/>\n\t<meta property=\"og:image:type\" content=\"image\/png\" \/>\n<meta name=\"author\" content=\"kineoweb\" \/>\n<meta name=\"twitter:card\" content=\"summary_large_image\" \/>\n<meta name=\"twitter:label1\" content=\"\u00c9crit par\" \/>\n\t<meta name=\"twitter:data1\" content=\"kineoweb\" \/>\n\t<meta name=\"twitter:label2\" content=\"Dur\u00e9e de lecture estim\u00e9e\" \/>\n\t<meta name=\"twitter:data2\" content=\"4 minutes\" \/>\n<script type=\"application\/ld+json\" class=\"yoast-schema-graph\">{\"@context\":\"https:\\\/\\\/schema.org\",\"@graph\":[{\"@type\":\"Article\",\"@id\":\"https:\\\/\\\/kineoweb.fr\\\/kineoblog\\\/formation-douleur-chronique\\\/#article\",\"isPartOf\":{\"@id\":\"https:\\\/\\\/kineoweb.fr\\\/kineoblog\\\/formation-douleur-chronique\\\/\"},\"author\":{\"name\":\"kineoweb\",\"@id\":\"https:\\\/\\\/kineoweb.fr\\\/kineoblog\\\/#\\\/schema\\\/person\\\/276328f3f20d571a6313a40a82bab4ea\"},\"headline\":\"Formation Douleur Chronique une approche int\u00e9grative\",\"datePublished\":\"2024-02-14T10:45:58+00:00\",\"dateModified\":\"2024-02-14T10:46:00+00:00\",\"mainEntityOfPage\":{\"@id\":\"https:\\\/\\\/kineoweb.fr\\\/kineoblog\\\/formation-douleur-chronique\\\/\"},\"wordCount\":1229,\"commentCount\":0,\"image\":{\"@id\":\"https:\\\/\\\/kineoweb.fr\\\/kineoblog\\\/formation-douleur-chronique\\\/#primaryimage\"},\"thumbnailUrl\":\"https:\\\/\\\/i0.wp.com\\\/kineoweb.fr\\\/kineoblog\\\/wp-content\\\/uploads\\\/sites\\\/2\\\/2024\\\/02\\\/Formation-douleur-chronique-post.png?fit=1080%2C1080&ssl=1\",\"keywords\":[\"Formation kin\u00e9\",\"kin\u00e9sith\u00e9rapie\",\"Postures\",\"r\u00e9\u00e9ducation globaliste\",\"r\u00e9\u00e9ducation holistique\",\"site internet kin\u00e9s\"],\"articleSection\":[\"Formations\"],\"inLanguage\":\"fr-FR\",\"potentialAction\":[{\"@type\":\"CommentAction\",\"name\":\"Comment\",\"target\":[\"https:\\\/\\\/kineoweb.fr\\\/kineoblog\\\/formation-douleur-chronique\\\/#respond\"]}]},{\"@type\":\"WebPage\",\"@id\":\"https:\\\/\\\/kineoweb.fr\\\/kineoblog\\\/formation-douleur-chronique\\\/\",\"url\":\"https:\\\/\\\/kineoweb.fr\\\/kineoblog\\\/formation-douleur-chronique\\\/\",\"name\":\"Formation Douleur Chronique une approche int\u00e9grative - Kin\u00e9Oblog\",\"isPartOf\":{\"@id\":\"https:\\\/\\\/kineoweb.fr\\\/kineoblog\\\/#website\"},\"primaryImageOfPage\":{\"@id\":\"https:\\\/\\\/kineoweb.fr\\\/kineoblog\\\/formation-douleur-chronique\\\/#primaryimage\"},\"image\":{\"@id\":\"https:\\\/\\\/kineoweb.fr\\\/kineoblog\\\/formation-douleur-chronique\\\/#primaryimage\"},\"thumbnailUrl\":\"https:\\\/\\\/i0.wp.com\\\/kineoweb.fr\\\/kineoblog\\\/wp-content\\\/uploads\\\/sites\\\/2\\\/2024\\\/02\\\/Formation-douleur-chronique-post.png?fit=1080%2C1080&ssl=1\",\"datePublished\":\"2024-02-14T10:45:58+00:00\",\"dateModified\":\"2024-02-14T10:46:00+00:00\",\"author\":{\"@id\":\"https:\\\/\\\/kineoweb.fr\\\/kineoblog\\\/#\\\/schema\\\/person\\\/276328f3f20d571a6313a40a82bab4ea\"},\"description\":\"D\u00e9couvre ici une formation Douleur Chronique qui te permet en tant que th\u00e9rapeute de d\u00e9velopper une approche compl\u00e9mentaire hors convention\",\"breadcrumb\":{\"@id\":\"https:\\\/\\\/kineoweb.fr\\\/kineoblog\\\/formation-douleur-chronique\\\/#breadcrumb\"},\"inLanguage\":\"fr-FR\",\"potentialAction\":[{\"@type\":\"ReadAction\",\"target\":[\"https:\\\/\\\/kineoweb.fr\\\/kineoblog\\\/formation-douleur-chronique\\\/\"]}]},{\"@type\":\"ImageObject\",\"inLanguage\":\"fr-FR\",\"@id\":\"https:\\\/\\\/kineoweb.fr\\\/kineoblog\\\/formation-douleur-chronique\\\/#primaryimage\",\"url\":\"https:\\\/\\\/i0.wp.com\\\/kineoweb.fr\\\/kineoblog\\\/wp-content\\\/uploads\\\/sites\\\/2\\\/2024\\\/02\\\/Formation-douleur-chronique-post.png?fit=1080%2C1080&ssl=1\",\"contentUrl\":\"https:\\\/\\\/i0.wp.com\\\/kineoweb.fr\\\/kineoblog\\\/wp-content\\\/uploads\\\/sites\\\/2\\\/2024\\\/02\\\/Formation-douleur-chronique-post.png?fit=1080%2C1080&ssl=1\",\"width\":1080,\"height\":1080,\"caption\":\"Formation douleur chronique une approche int\u00e9grative\"},{\"@type\":\"BreadcrumbList\",\"@id\":\"https:\\\/\\\/kineoweb.fr\\\/kineoblog\\\/formation-douleur-chronique\\\/#breadcrumb\",\"itemListElement\":[{\"@type\":\"ListItem\",\"position\":1,\"name\":\"Accueil\",\"item\":\"https:\\\/\\\/kineoweb.fr\\\/kineoblog\\\/\"},{\"@type\":\"ListItem\",\"position\":2,\"name\":\"Formation Douleur Chronique une approche int\u00e9grative\"}]},{\"@type\":\"WebSite\",\"@id\":\"https:\\\/\\\/kineoweb.fr\\\/kineoblog\\\/#website\",\"url\":\"https:\\\/\\\/kineoweb.fr\\\/kineoblog\\\/\",\"name\":\"Kin\u00e9Oblog\",\"description\":\"Conseils et informations pour les Kin\u00e9s et Ost\u00e9os\",\"potentialAction\":[{\"@type\":\"SearchAction\",\"target\":{\"@type\":\"EntryPoint\",\"urlTemplate\":\"https:\\\/\\\/kineoweb.fr\\\/kineoblog\\\/?s={search_term_string}\"},\"query-input\":{\"@type\":\"PropertyValueSpecification\",\"valueRequired\":true,\"valueName\":\"search_term_string\"}}],\"inLanguage\":\"fr-FR\"},{\"@type\":\"Person\",\"@id\":\"https:\\\/\\\/kineoweb.fr\\\/kineoblog\\\/#\\\/schema\\\/person\\\/276328f3f20d571a6313a40a82bab4ea\",\"name\":\"kineoweb\",\"image\":{\"@type\":\"ImageObject\",\"inLanguage\":\"fr-FR\",\"@id\":\"https:\\\/\\\/secure.gravatar.com\\\/avatar\\\/63966abb47ac008849350af90453384a20b61d9f1b4cc0fc20b34cdd2c666586?s=96&d=mm&r=g\",\"url\":\"https:\\\/\\\/secure.gravatar.com\\\/avatar\\\/63966abb47ac008849350af90453384a20b61d9f1b4cc0fc20b34cdd2c666586?s=96&d=mm&r=g\",\"contentUrl\":\"https:\\\/\\\/secure.gravatar.com\\\/avatar\\\/63966abb47ac008849350af90453384a20b61d9f1b4cc0fc20b34cdd2c666586?s=96&d=mm&r=g\",\"caption\":\"kineoweb\"},\"url\":\"https:\\\/\\\/kineoweb.fr\\\/kineoblog\\\/author\\\/kineoweb\\\/\"}]}<\/script>\n<!-- \/ Yoast SEO plugin. -->","yoast_head_json":{"title":"Formation Douleur Chronique une approche int\u00e9grative - Kin\u00e9Oblog","description":"D\u00e9couvre ici une formation Douleur Chronique qui te permet en tant que th\u00e9rapeute de d\u00e9velopper une approche compl\u00e9mentaire hors convention","robots":{"index":"index","follow":"follow","max-snippet":"max-snippet:-1","max-image-preview":"max-image-preview:large","max-video-preview":"max-video-preview:-1"},"canonical":"https:\/\/kineoweb.fr\/kineoblog\/formation-douleur-chronique\/","og_locale":"fr_FR","og_type":"article","og_title":"Formation Douleur Chronique une approche int\u00e9grative - Kin\u00e9Oblog","og_description":"D\u00e9couvre ici une formation Douleur Chronique qui te permet en tant que th\u00e9rapeute de d\u00e9velopper une approche compl\u00e9mentaire hors convention","og_url":"https:\/\/kineoweb.fr\/kineoblog\/formation-douleur-chronique\/","og_site_name":"Kin\u00e9Oblog","article_publisher":"https:\/\/www.facebook.com\/Kin%c3%a9Oweb-1551479311825491\/?ref=aymt_homepage_panel","article_published_time":"2024-02-14T10:45:58+00:00","article_modified_time":"2024-02-14T10:46:00+00:00","og_image":[{"width":1080,"height":1080,"url":"https:\/\/kineoweb.fr\/kineoblog\/wp-content\/uploads\/sites\/2\/2024\/02\/Formation-douleur-chronique-post.png","type":"image\/png"}],"author":"kineoweb","twitter_card":"summary_large_image","twitter_misc":{"\u00c9crit par":"kineoweb","Dur\u00e9e de lecture estim\u00e9e":"4 minutes"},"schema":{"@context":"https:\/\/schema.org","@graph":[{"@type":"Article","@id":"https:\/\/kineoweb.fr\/kineoblog\/formation-douleur-chronique\/#article","isPartOf":{"@id":"https:\/\/kineoweb.fr\/kineoblog\/formation-douleur-chronique\/"},"author":{"name":"kineoweb","@id":"https:\/\/kineoweb.fr\/kineoblog\/#\/schema\/person\/276328f3f20d571a6313a40a82bab4ea"},"headline":"Formation Douleur Chronique une approche int\u00e9grative","datePublished":"2024-02-14T10:45:58+00:00","dateModified":"2024-02-14T10:46:00+00:00","mainEntityOfPage":{"@id":"https:\/\/kineoweb.fr\/kineoblog\/formation-douleur-chronique\/"},"wordCount":1229,"commentCount":0,"image":{"@id":"https:\/\/kineoweb.fr\/kineoblog\/formation-douleur-chronique\/#primaryimage"},"thumbnailUrl":"https:\/\/i0.wp.com\/kineoweb.fr\/kineoblog\/wp-content\/uploads\/sites\/2\/2024\/02\/Formation-douleur-chronique-post.png?fit=1080%2C1080&ssl=1","keywords":["Formation kin\u00e9","kin\u00e9sith\u00e9rapie","Postures","r\u00e9\u00e9ducation globaliste","r\u00e9\u00e9ducation holistique","site internet kin\u00e9s"],"articleSection":["Formations"],"inLanguage":"fr-FR","potentialAction":[{"@type":"CommentAction","name":"Comment","target":["https:\/\/kineoweb.fr\/kineoblog\/formation-douleur-chronique\/#respond"]}]},{"@type":"WebPage","@id":"https:\/\/kineoweb.fr\/kineoblog\/formation-douleur-chronique\/","url":"https:\/\/kineoweb.fr\/kineoblog\/formation-douleur-chronique\/","name":"Formation Douleur Chronique une approche int\u00e9grative - Kin\u00e9Oblog","isPartOf":{"@id":"https:\/\/kineoweb.fr\/kineoblog\/#website"},"primaryImageOfPage":{"@id":"https:\/\/kineoweb.fr\/kineoblog\/formation-douleur-chronique\/#primaryimage"},"image":{"@id":"https:\/\/kineoweb.fr\/kineoblog\/formation-douleur-chronique\/#primaryimage"},"thumbnailUrl":"https:\/\/i0.wp.com\/kineoweb.fr\/kineoblog\/wp-content\/uploads\/sites\/2\/2024\/02\/Formation-douleur-chronique-post.png?fit=1080%2C1080&ssl=1","datePublished":"2024-02-14T10:45:58+00:00","dateModified":"2024-02-14T10:46:00+00:00","author":{"@id":"https:\/\/kineoweb.fr\/kineoblog\/#\/schema\/person\/276328f3f20d571a6313a40a82bab4ea"},"description":"D\u00e9couvre ici une formation Douleur Chronique qui te permet en tant que th\u00e9rapeute de d\u00e9velopper une approche compl\u00e9mentaire hors convention","breadcrumb":{"@id":"https:\/\/kineoweb.fr\/kineoblog\/formation-douleur-chronique\/#breadcrumb"},"inLanguage":"fr-FR","potentialAction":[{"@type":"ReadAction","target":["https:\/\/kineoweb.fr\/kineoblog\/formation-douleur-chronique\/"]}]},{"@type":"ImageObject","inLanguage":"fr-FR","@id":"https:\/\/kineoweb.fr\/kineoblog\/formation-douleur-chronique\/#primaryimage","url":"https:\/\/i0.wp.com\/kineoweb.fr\/kineoblog\/wp-content\/uploads\/sites\/2\/2024\/02\/Formation-douleur-chronique-post.png?fit=1080%2C1080&ssl=1","contentUrl":"https:\/\/i0.wp.com\/kineoweb.fr\/kineoblog\/wp-content\/uploads\/sites\/2\/2024\/02\/Formation-douleur-chronique-post.png?fit=1080%2C1080&ssl=1","width":1080,"height":1080,"caption":"Formation douleur chronique une approche int\u00e9grative"},{"@type":"BreadcrumbList","@id":"https:\/\/kineoweb.fr\/kineoblog\/formation-douleur-chronique\/#breadcrumb","itemListElement":[{"@type":"ListItem","position":1,"name":"Accueil","item":"https:\/\/kineoweb.fr\/kineoblog\/"},{"@type":"ListItem","position":2,"name":"Formation Douleur Chronique une approche int\u00e9grative"}]},{"@type":"WebSite","@id":"https:\/\/kineoweb.fr\/kineoblog\/#website","url":"https:\/\/kineoweb.fr\/kineoblog\/","name":"Kin\u00e9Oblog","description":"Conseils et informations pour les Kin\u00e9s et Ost\u00e9os","potentialAction":[{"@type":"SearchAction","target":{"@type":"EntryPoint","urlTemplate":"https:\/\/kineoweb.fr\/kineoblog\/?s={search_term_string}"},"query-input":{"@type":"PropertyValueSpecification","valueRequired":true,"valueName":"search_term_string"}}],"inLanguage":"fr-FR"},{"@type":"Person","@id":"https:\/\/kineoweb.fr\/kineoblog\/#\/schema\/person\/276328f3f20d571a6313a40a82bab4ea","name":"kineoweb","image":{"@type":"ImageObject","inLanguage":"fr-FR","@id":"https:\/\/secure.gravatar.com\/avatar\/63966abb47ac008849350af90453384a20b61d9f1b4cc0fc20b34cdd2c666586?s=96&d=mm&r=g","url":"https:\/\/secure.gravatar.com\/avatar\/63966abb47ac008849350af90453384a20b61d9f1b4cc0fc20b34cdd2c666586?s=96&d=mm&r=g","contentUrl":"https:\/\/secure.gravatar.com\/avatar\/63966abb47ac008849350af90453384a20b61d9f1b4cc0fc20b34cdd2c666586?s=96&d=mm&r=g","caption":"kineoweb"},"url":"https:\/\/kineoweb.fr\/kineoblog\/author\/kineoweb\/"}]}},"jetpack_featured_media_url":"https:\/\/i0.wp.com\/kineoweb.fr\/kineoblog\/wp-content\/uploads\/sites\/2\/2024\/02\/Formation-douleur-chronique-post.png?fit=1080%2C1080&ssl=1","jetpack_sharing_enabled":true,"_links":{"self":[{"href":"https:\/\/kineoweb.fr\/kineoblog\/wp-json\/wp\/v2\/posts\/1825","targetHints":{"allow":["GET"]}}],"collection":[{"href":"https:\/\/kineoweb.fr\/kineoblog\/wp-json\/wp\/v2\/posts"}],"about":[{"href":"https:\/\/kineoweb.fr\/kineoblog\/wp-json\/wp\/v2\/types\/post"}],"author":[{"embeddable":true,"href":"https:\/\/kineoweb.fr\/kineoblog\/wp-json\/wp\/v2\/users\/1"}],"replies":[{"embeddable":true,"href":"https:\/\/kineoweb.fr\/kineoblog\/wp-json\/wp\/v2\/comments?post=1825"}],"version-history":[{"count":5,"href":"https:\/\/kineoweb.fr\/kineoblog\/wp-json\/wp\/v2\/posts\/1825\/revisions"}],"predecessor-version":[{"id":1833,"href":"https:\/\/kineoweb.fr\/kineoblog\/wp-json\/wp\/v2\/posts\/1825\/revisions\/1833"}],"wp:featuredmedia":[{"embeddable":true,"href":"https:\/\/kineoweb.fr\/kineoblog\/wp-json\/wp\/v2\/media\/1826"}],"wp:attachment":[{"href":"https:\/\/kineoweb.fr\/kineoblog\/wp-json\/wp\/v2\/media?parent=1825"}],"wp:term":[{"taxonomy":"category","embeddable":true,"href":"https:\/\/kineoweb.fr\/kineoblog\/wp-json\/wp\/v2\/categories?post=1825"},{"taxonomy":"post_tag","embeddable":true,"href":"https:\/\/kineoweb.fr\/kineoblog\/wp-json\/wp\/v2\/tags?post=1825"}],"curies":[{"name":"wp","href":"https:\/\/api.w.org\/{rel}","templated":true}]}}