{"id":1753,"date":"2023-12-26T13:02:18","date_gmt":"2023-12-26T12:02:18","guid":{"rendered":"https:\/\/kineoweb.fr\/kineoblog\/?p=1753"},"modified":"2023-12-26T13:02:21","modified_gmt":"2023-12-26T12:02:21","slug":"prevention-travail","status":"publish","type":"post","link":"https:\/\/kineoweb.fr\/kineoblog\/prevention-travail\/","title":{"rendered":"Pr\u00e9vention au travail avec La WORKin\u00e9 de LinkedIn"},"content":{"rendered":"\n[et_pb_section fb_built=\u00a0\u00bb1&Prime; _builder_version=\u00a0\u00bb4.20.2&Prime; _module_preset=\u00a0\u00bbdefault\u00a0\u00bb custom_padding=\u00a0\u00bb0px|0px|0px|0px|false|false\u00a0\u00bb da_disable_devices=\u00a0\u00bboff|off|off\u00a0\u00bb global_colors_info=\u00a0\u00bb{}\u00a0\u00bb theme_builder_area=\u00a0\u00bbpost_content\u00a0\u00bb da_is_popup=\u00a0\u00bboff\u00a0\u00bb da_exit_intent=\u00a0\u00bboff\u00a0\u00bb da_has_close=\u00a0\u00bbon\u00a0\u00bb da_alt_close=\u00a0\u00bboff\u00a0\u00bb da_dark_close=\u00a0\u00bboff\u00a0\u00bb da_not_modal=\u00a0\u00bbon\u00a0\u00bb da_is_singular=\u00a0\u00bboff\u00a0\u00bb da_with_loader=\u00a0\u00bboff\u00a0\u00bb da_has_shadow=\u00a0\u00bbon\u00a0\u00bb][et_pb_row _builder_version=\u00a0\u00bb4.20.4&Prime; _module_preset=\u00a0\u00bbdefault\u00a0\u00bb global_colors_info=\u00a0\u00bb{}\u00a0\u00bb theme_builder_area=\u00a0\u00bbpost_content\u00a0\u00bb][et_pb_column type=\u00a0\u00bb4_4&Prime; _builder_version=\u00a0\u00bb4.20.4&Prime; _module_preset=\u00a0\u00bbdefault\u00a0\u00bb background_color=\u00a0\u00bb#FFFFFF\u00a0\u00bb global_colors_info=\u00a0\u00bb{}\u00a0\u00bb theme_builder_area=\u00a0\u00bbpost_content\u00a0\u00bb][et_pb_image src=\u00a0\u00bbhttps:\/\/kineoweb.fr\/kineoblog\/wp-content\/uploads\/sites\/2\/2023\/12\/prevention-au-travail-workine-blog.png\u00a0\u00bb alt=\u00a0\u00bbLa pr\u00e9vention au travail avec la WORKin\u00e9 de LinkedIn\u00a0\u00bb title_text=\u00a0\u00bbpr\u00e9vention au travail workin\u00e9\u00a0\u00bb _builder_version=\u00a0\u00bb4.23.2&Prime; _module_preset=\u00a0\u00bbdefault\u00a0\u00bb hover_enabled=\u00a0\u00bb0&Prime; global_colors_info=\u00a0\u00bb{}\u00a0\u00bb theme_builder_area=\u00a0\u00bbpost_content\u00a0\u00bb sticky_enabled=\u00a0\u00bb0&Prime;][\/et_pb_image][\/et_pb_column][\/et_pb_row][\/et_pb_section][et_pb_section fb_built=\u00a0\u00bb1&Prime; _builder_version=\u00a0\u00bb4.20.2&Prime; _module_preset=\u00a0\u00bbdefault\u00a0\u00bb custom_padding=\u00a0\u00bb1px||0px|||\u00a0\u00bb da_disable_devices=\u00a0\u00bboff|off|off\u00a0\u00bb global_colors_info=\u00a0\u00bb{}\u00a0\u00bb theme_builder_area=\u00a0\u00bbpost_content\u00a0\u00bb da_is_popup=\u00a0\u00bboff\u00a0\u00bb da_exit_intent=\u00a0\u00bboff\u00a0\u00bb da_has_close=\u00a0\u00bbon\u00a0\u00bb da_alt_close=\u00a0\u00bboff\u00a0\u00bb da_dark_close=\u00a0\u00bboff\u00a0\u00bb da_not_modal=\u00a0\u00bbon\u00a0\u00bb da_is_singular=\u00a0\u00bboff\u00a0\u00bb da_with_loader=\u00a0\u00bboff\u00a0\u00bb da_has_shadow=\u00a0\u00bbon\u00a0\u00bb][et_pb_row _builder_version=\u00a0\u00bb4.19.0&Prime; _module_preset=\u00a0\u00bbdefault\u00a0\u00bb custom_padding=\u00a0\u00bb||0px|||\u00a0\u00bb global_colors_info=\u00a0\u00bb{}\u00a0\u00bb theme_builder_area=\u00a0\u00bbpost_content\u00a0\u00bb][et_pb_column type=\u00a0\u00bb4_4&Prime; _builder_version=\u00a0\u00bb4.19.0&Prime; _module_preset=\u00a0\u00bbdefault\u00a0\u00bb global_colors_info=\u00a0\u00bb{}\u00a0\u00bb theme_builder_area=\u00a0\u00bbpost_content\u00a0\u00bb][et_pb_text _builder_version=\u00a0\u00bb4.23.1&Prime; _module_preset=\u00a0\u00bbdefault\u00a0\u00bb header_font=\u00a0\u00bbAlata|||on|||||\u00a0\u00bb header_text_color=\u00a0\u00bb#ff4e62&Prime; header_line_height=\u00a0\u00bb1.4em\u00a0\u00bb global_colors_info=\u00a0\u00bb{}\u00a0\u00bb theme_builder_area=\u00a0\u00bbpost_content\u00a0\u00bb]<h1 style=\"text-align: center;\">Pr\u00e9vention au travail avec la workin\u00e9 de linkedin<\/h1>\n<p>&nbsp;<\/p>[\/et_pb_text][\/et_pb_column][\/et_pb_row][\/et_pb_section][et_pb_section fb_built=\u00a0\u00bb1&Prime; admin_label=\u00a0\u00bbsection\u00a0\u00bb _builder_version=\u00a0\u00bb4.16&Prime; custom_padding=\u00a0\u00bb0px|||||\u00a0\u00bb da_disable_devices=\u00a0\u00bboff|off|off\u00a0\u00bb global_colors_info=\u00a0\u00bb{}\u00a0\u00bb theme_builder_area=\u00a0\u00bbpost_content\u00a0\u00bb da_is_popup=\u00a0\u00bboff\u00a0\u00bb da_exit_intent=\u00a0\u00bboff\u00a0\u00bb da_has_close=\u00a0\u00bbon\u00a0\u00bb da_alt_close=\u00a0\u00bboff\u00a0\u00bb da_dark_close=\u00a0\u00bboff\u00a0\u00bb da_not_modal=\u00a0\u00bbon\u00a0\u00bb da_is_singular=\u00a0\u00bboff\u00a0\u00bb da_with_loader=\u00a0\u00bboff\u00a0\u00bb da_has_shadow=\u00a0\u00bbon\u00a0\u00bb][et_pb_row admin_label=\u00a0\u00bbrow\u00a0\u00bb _builder_version=\u00a0\u00bb4.16&Prime; background_size=\u00a0\u00bbinitial\u00a0\u00bb background_position=\u00a0\u00bbtop_left\u00a0\u00bb background_repeat=\u00a0\u00bbrepeat\u00a0\u00bb global_colors_info=\u00a0\u00bb{}\u00a0\u00bb theme_builder_area=\u00a0\u00bbpost_content\u00a0\u00bb][et_pb_column type=\u00a0\u00bb4_4&Prime; _builder_version=\u00a0\u00bb4.16&Prime; custom_padding=\u00a0\u00bb|||\u00a0\u00bb global_colors_info=\u00a0\u00bb{}\u00a0\u00bb custom_padding__hover=\u00a0\u00bb|||\u00a0\u00bb theme_builder_area=\u00a0\u00bbpost_content\u00a0\u00bb][et_pb_text admin_label=\u00a0\u00bbTexte\u00a0\u00bb _builder_version=\u00a0\u00bb4.23.2&Prime; text_font_size=\u00a0\u00bb15px\u00a0\u00bb header_2_font=\u00a0\u00bbAlata||||||||\u00a0\u00bb header_2_text_color=\u00a0\u00bb#21214c\u00a0\u00bb header_2_line_height=\u00a0\u00bb1.4em\u00a0\u00bb background_size=\u00a0\u00bbinitial\u00a0\u00bb background_position=\u00a0\u00bbtop_left\u00a0\u00bb background_repeat=\u00a0\u00bbrepeat\u00a0\u00bb custom_padding=\u00a0\u00bb0px|||||\u00a0\u00bb hover_enabled=\u00a0\u00bb0&Prime; use_border_color=\u00a0\u00bboff\u00a0\u00bb border_color=\u00a0\u00bb#ffffff\u00a0\u00bb border_style=\u00a0\u00bbsolid\u00a0\u00bb global_colors_info=\u00a0\u00bb{}\u00a0\u00bb theme_builder_area=\u00a0\u00bbpost_content\u00a0\u00bb sticky_enabled=\u00a0\u00bb0&Prime;]<p>Bonjour \u00e0 toutez\u00e9tous !<\/p>\n<p>La pr\u00e9vention au travail concerne aussi tous ceux qui travaillent de chez eux. Avec le d\u00e9veloppement du t\u00e9l\u00e9travail de nouvelles habitudes se mettent en place, alors autant prendre les bonnes habitudes d\u00e8s le d\u00e9but. Si travailler de chez soi semble confortable, il y a pourtant des gestes et une organisation de son espace de travail qui permet de pr\u00e9venir les douleurs et autres troubles musculos-squelettiques. Et pour \u00e7a, les ergos et les kin\u00e9s sont certainement les mieux plac\u00e9s pour accompagner cette tendance.<\/p>\n<p>C\u2019est un immense plaisir d\u2019accueillir aujourd\u2019hui Mathilde Mathieu, <a href=\"https:\/\/www.linkedin.com\/in\/mathieumathilde\/\" target=\"_blank\" rel=\"noopener\">la WORKin\u00e9 de Linkedin,<\/a> pour nous partager son parcours et son engagement au-del\u00e0 de son cabinet aupr\u00e8s de solopreneur, des t\u00e9l\u00e9travailleurs mais aussi des TPE\/PME.<\/p>\n<p style=\"text-align: center;\"><a href=\"#interview\"><span style=\"color: #0c71c3;\"><strong>Tu peux retrouver l&rsquo;interview compl\u00e8te apr\u00e8s le r\u00e9sum\u00e9<\/strong><\/span><\/a><\/p>\n<p>&nbsp;<\/p>\n<h2><span style=\"font-weight: 400;\">De kin\u00e9sith\u00e9rapeute en cabinet \u00e0 la pr\u00e9vention au travail.<\/span><\/h2>\n<p><span style=\"font-weight: 400;\">Mathilde est kin\u00e9 lib\u00e9rale depuis 12 ans, elle travaille dans une maison m\u00e9dicale avec un associ\u00e9. Son engagement dans la pr\u00e9vention au travail est motiv\u00e9 par le constat de voir les gens uniquement en curatif, souvent trop tard, et de ne pas pouvoir agir sur leur sant\u00e9 de fa\u00e7on pr\u00e9ventive.\u00a0<\/span><\/p>\n<h2><\/h2>\n<p><span style=\"font-weight: 400;\">Cette situation a \u00e9t\u00e9 particuli\u00e8rement frustrante \u00e0 plusieurs reprises, avec des patients qui auraient pu \u00e9viter des troubles par une r\u00e9organisation de leurs habitudes, m\u00eame de fa\u00e7on progressive. C\u2019est ce constat qui l\u2019a pouss\u00e9e \u00e0 se former en pr\u00e9vention et \u00e0 partager ses conseils sur LinkedIn.<\/span><\/p>\n<h2><\/h2>\n<h2><span style=\"font-weight: 400;\">A qui s\u2019adresse La Workin\u00e9 de LinkedIn pour la pr\u00e9vention au travail ?<\/span><\/h2>\n<p><span style=\"font-weight: 400;\">La Workin\u00e9 de LinkedIn est l\u2019activit\u00e9 de Mathilde ax\u00e9e sur la pr\u00e9vention au travail de bureau, visant particuli\u00e8rement les solopreneurs et les TPE-PME. Elle explique que son choix de cibler ces professionnels vient du constat que les grandes entreprises ont plus de moyens en mati\u00e8re de sant\u00e9 au travail. Dans certaines entreprises, diff\u00e9rents professionnels en lien avec la sant\u00e9 ou le bien-\u00eatre au travail interviennent r\u00e9guli\u00e8rement.<\/span><\/p>\n<h2><\/h2>\n<p><span style=\"font-weight: 400;\">Ces interventions peuvent \u00eatre particuli\u00e8rement on\u00e9reuses et peu adapt\u00e9es pour un travailleur ind\u00e9pendant ou une TPE. Elle souhaite donc combler ce manque en apportant ses conseils en pr\u00e9vention.<\/span><\/p>\n<h2><\/h2>\n<h2><span style=\"font-weight: 400;\">Accompagnement des t\u00e9l\u00e9travailleurs et des PME<\/span><\/h2>\n<p><span style=\"font-weight: 400;\">Mathilde explique que son approche consiste \u00e0 individualiser son accompagnement, en analysant le poste de travail des t\u00e9l\u00e9travailleurs pour l\u2019optimiser et r\u00e9duire les contraintes sur leur corps. Elle met aussi l\u2019accent sur la sensibilisation \u00e0 la s\u00e9dentarit\u00e9 et la promotion de pauses actives pour rendre les travailleurs plus actifs dans la gestion de leur propre sant\u00e9.<\/span><\/p>\n<h2><\/h2>\n<p><span style=\"font-weight: 400;\">La WORKin\u00e9 de LinkedIn est tout \u00e0 fait consciente que changer d\u2019habitudes est un processus qui peut demander du temps. Mais chaque petite goutte compte: si on ne modifie qu\u2019une chose par mois, au bout d\u2019un an les changements sont d\u00e9j\u00e0 tr\u00e8s cons\u00e9quents et permettent d\u2019aller plus loin l\u2019ann\u00e9e d\u2019apr\u00e8s. A l&rsquo;\u00e9chelle d\u2019une vie professionnelle, cela fait une diff\u00e9rence consid\u00e9rable.<\/span><\/p>\n<p>&nbsp;<\/p>[\/et_pb_text][et_pb_code _builder_version=\u00a0\u00bb4.20.4&Prime; _module_preset=\u00a0\u00bbdefault\u00a0\u00bb global_colors_info=\u00a0\u00bb{}\u00a0\u00bb theme_builder_area=\u00a0\u00bbpost_content\u00a0\u00bb]<script id=\"form-script-tag-5427204\" src=\"https:\/\/24ec-contact.systeme.io\/public\/remote\/page\/8000445bb9dd75996b5b6a2e40fa66e08ef3eb8.js\"><\/script><!-- [et_pb_line_break_holder] -->[\/et_pb_code][et_pb_text admin_label=\u00a0\u00bbTexte\u00a0\u00bb _builder_version=\u00a0\u00bb4.23.2&Prime; text_font_size=\u00a0\u00bb15px\u00a0\u00bb header_2_font=\u00a0\u00bbAlata||||||||\u00a0\u00bb header_2_text_color=\u00a0\u00bb#21214c\u00a0\u00bb header_2_line_height=\u00a0\u00bb1.4em\u00a0\u00bb background_size=\u00a0\u00bbinitial\u00a0\u00bb background_position=\u00a0\u00bbtop_left\u00a0\u00bb background_repeat=\u00a0\u00bbrepeat\u00a0\u00bb hover_enabled=\u00a0\u00bb0&Prime; use_border_color=\u00a0\u00bboff\u00a0\u00bb border_color=\u00a0\u00bb#ffffff\u00a0\u00bb border_style=\u00a0\u00bbsolid\u00a0\u00bb global_colors_info=\u00a0\u00bb{}\u00a0\u00bb theme_builder_area=\u00a0\u00bbpost_content\u00a0\u00bb sticky_enabled=\u00a0\u00bb0&Prime;]<h2><span style=\"font-weight: 400;\">Diversifier l\u2019activit\u00e9 de kin\u00e9sith\u00e9rapeute avec la pr\u00e9vention au travail<\/span><\/h2>\n<p><span style=\"font-weight: 400;\">Mathilde partage les difficult\u00e9s qu\u2019elle rencontre dans la diversification de son activit\u00e9 de kin\u00e9 avec la Workin\u00e9 de LinkedIn, notamment dans la gestion du temps entre son cabinet et son <a href=\"https:\/\/kineoweb.fr\/kineoblog\/kine-preventive-quels-interets-pour-les-kines\/\" target=\"_blank\" rel=\"noopener\">activit\u00e9 de pr\u00e9vention<\/a>. Elle \u00e9voque sa volont\u00e9 de trouver un \u00e9quilibre entre les deux activit\u00e9s tout en cherchant des solutions pour optimiser son temps.<\/span><\/p>\n<h2><\/h2>\n<p><span style=\"font-weight: 400;\">G\u00e9rer une vie de famille \u00e9panouie, l\u2019activit\u00e9 de kin\u00e9sith\u00e9rapeute en cabinet et l\u2019intervention en entreprise ou chez l\u2019entrepreneur demande une organisation et une capacit\u00e9 d\u2019adaptation. Cependant la richesse que lui apporte la pr\u00e9vention au travail en plus de son activit\u00e9 en cabinet, et la possibilit\u00e9 de moduler progressivement les deux, est un v\u00e9ritable plaisir et lui donne l\u2019\u00e9nergie de mener \u00e0 bien ces deux passions.<\/span><\/p>\n<h2><\/h2>\n<h2><span style=\"font-weight: 400;\">Quel futur pour la kin\u00e9sith\u00e9rapie<\/span><\/h2>\n<p><span style=\"font-weight: 400;\">Quant \u00e0 l\u2019avenir de la kin\u00e9sith\u00e9rapie, Mathilde partage son point de vue sur les d\u00e9fis actuels de la profession, notamment la fatigue des professionnels de sant\u00e9 et les conditions de travail. Elle partage aussi son optimisme en observant une tendance vers des soins plus individualis\u00e9s et de meilleure qualit\u00e9.<\/span><\/p>\n<h2><\/h2>\n<p><span style=\"font-weight: 400;\">De plus en plus de kin\u00e9sith\u00e9rapeutes mettent \u00e9galement en place une activit\u00e9 mixte conventionn\u00e9e et hors convention pour un accompagnement plus pouss\u00e9 et personnalis\u00e9. Cette deuxi\u00e8me activit\u00e9 permet de prendre plus de temps et d\u2019aborder d\u2019autres sujets avec les patients.<\/span><\/p>\n<h2><\/h2>\n<h2><span style=\"font-weight: 400;\">La tortue: symbole de progression<\/span><\/h2>\n<p><span style=\"font-weight: 400;\">Enfin, Mathilde explique que la tortue est son symbole sur LinkedIn, repr\u00e9sentant le concept de \u201cdoucement mais s\u00fbrement\u201d dans la pr\u00e9vention au travail. Elle met l\u2019accent sur l\u2019importance d\u2019amener les gens au changement progressivement, en respectant leur rythme et en \u00e9vitant les injonctions.<\/span><\/p>\n<h2><\/h2>\n<p><span style=\"font-weight: 400;\">Mener \u00e0 la r\u00e9flexion plut\u00f4t que d\u2019imposer ce qu\u2019il faut faire ou non est beaucoup plus efficace selon Mathilde, m\u00eame si c\u2019est parfois difficile \u00e0 respecter 100% du temps.<\/span><\/p>\n<h2><\/h2>\n<h2><span style=\"font-weight: 400;\">Un bel exemple de mise en place de la pr\u00e9vention au travail par une kin\u00e9sith\u00e9rapeute.<\/span><\/h2>\n<h2><\/h2>\n<p><span style=\"font-weight: 400;\">En conclusion, cette interview avec Mathilde Mathieu nous a permis de mieux comprendre son engagement en pr\u00e9vention au travail, sa vision de l\u2019avenir de la kin\u00e9sith\u00e9rapie, et sa m\u00e9thode de travail ax\u00e9e sur le respect du rythme des individus. Son approche bienveillante et son optimisme apportent un souffle d\u2019air frais dans le domaine de la sant\u00e9 au travail.<\/span><\/p>\n<h2><\/h2>\n<p><span style=\"font-weight: 400;\">C\u2019est une exp\u00e9rience inspirante pour tous les kin\u00e9sith\u00e9rapeutes qui souhaitent diversifier leur activit\u00e9 en cabinet par de la pr\u00e9vention au travail.<\/span><\/p>\n<p>&nbsp;<\/p>\n<p><span style=\"font-weight: 400;\">Si vous voulez valoriser votre expertise avec une <\/span><a href=\"https:\/\/kineoweb.fr\/ebook\" target=\"_blank\" rel=\"noopener\"><span style=\"font-weight: 400;\">communication digitale efficace et p\u00e9renne recevez gratuitement votre e-book offert<\/span><\/a><span style=\"font-weight: 400;\">.<\/span><\/p>[\/et_pb_text][\/et_pb_column][\/et_pb_row][et_pb_row module_id=\u00a0\u00bbinterview\u00a0\u00bb _builder_version=\u00a0\u00bb4.23.1&Prime; _module_preset=\u00a0\u00bbdefault\u00a0\u00bb global_colors_info=\u00a0\u00bb{}\u00a0\u00bb theme_builder_area=\u00a0\u00bbpost_content\u00a0\u00bb][et_pb_column type=\u00a0\u00bb4_4&Prime; _builder_version=\u00a0\u00bb4.21.0&Prime; _module_preset=\u00a0\u00bbdefault\u00a0\u00bb global_colors_info=\u00a0\u00bb{}\u00a0\u00bb theme_builder_area=\u00a0\u00bbpost_content\u00a0\u00bb][et_pb_video src=\u00a0\u00bbhttps:\/\/youtu.be\/Q4m7TbwTMRo\u00a0\u00bb module_id=\u00a0\u00bbinterview\u00a0\u00bb _builder_version=\u00a0\u00bb4.23.2&Prime; _module_preset=\u00a0\u00bbdefault\u00a0\u00bb hover_enabled=\u00a0\u00bb0&Prime; global_colors_info=\u00a0\u00bb{}\u00a0\u00bb theme_builder_area=\u00a0\u00bbpost_content\u00a0\u00bb sticky_enabled=\u00a0\u00bb0&Prime;][\/et_pb_video][\/et_pb_column][\/et_pb_row][et_pb_row _builder_version=\u00a0\u00bb4.20.4&Prime; _module_preset=\u00a0\u00bbdefault\u00a0\u00bb global_colors_info=\u00a0\u00bb{}\u00a0\u00bb theme_builder_area=\u00a0\u00bbpost_content\u00a0\u00bb][et_pb_column type=\u00a0\u00bb4_4&Prime; _builder_version=\u00a0\u00bb4.20.4&Prime; _module_preset=\u00a0\u00bbdefault\u00a0\u00bb global_colors_info=\u00a0\u00bb{}\u00a0\u00bb theme_builder_area=\u00a0\u00bbpost_content\u00a0\u00bb][et_pb_code _builder_version=\u00a0\u00bb4.20.4&Prime; _module_preset=\u00a0\u00bbdefault\u00a0\u00bb global_colors_info=\u00a0\u00bb{}\u00a0\u00bb theme_builder_area=\u00a0\u00bbpost_content\u00a0\u00bb]<script id=\"form-script-tag-5427204\" src=\"https:\/\/24ec-contact.systeme.io\/public\/remote\/page\/8000445bb9dd75996b5b6a2e40fa66e08ef3eb8.js\"><\/script><!-- [et_pb_line_break_holder] -->[\/et_pb_code][\/et_pb_column][\/et_pb_row][\/et_pb_section]\n","protected":false},"excerpt":{"rendered":"<p>La pr\u00e9vention au travail concerne aussi tous ceux qui travaillent de chez eux. D\u00e9couvre la WORKin\u00e9 de LinkedIn dans une interview inspirante.<\/p>\n","protected":false},"author":1,"featured_media":1755,"comment_status":"open","ping_status":"open","sticky":false,"template":"","format":"standard","meta":{"_et_pb_use_builder":"on","_et_pb_old_content":"","_et_gb_content_width":"2880","_monsterinsights_skip_tracking":false,"_monsterinsights_sitenote_active":false,"_monsterinsights_sitenote_note":"","_monsterinsights_sitenote_category":0,"_jetpack_memberships_contains_paid_content":false,"footnotes":""},"categories":[3],"tags":[121,90,123,12,31,122],"class_list":["post-1753","post","type-post","status-publish","format-standard","has-post-thumbnail","hentry","category-prevention","tag-diversifier-activite-kine","tag-hors-convention","tag-independant","tag-kinesitherapie","tag-prevention","tag-solopreneur"],"yoast_head":"<!-- This site is optimized with the Yoast SEO plugin v27.4 - https:\/\/yoast.com\/product\/yoast-seo-wordpress\/ -->\n<title>Pr\u00e9vention au travail avec La WORKin\u00e9 de LinkedIn - Kin\u00e9Oblog<\/title>\n<meta name=\"description\" content=\"La pr\u00e9vention au travail concerne aussi tous ceux qui travaillent de chez eux. D\u00e9couvre la WORKin\u00e9 de LinkedIn dans une interview inspirante.\" \/>\n<meta name=\"robots\" content=\"index, follow, max-snippet:-1, max-image-preview:large, max-video-preview:-1\" \/>\n<link rel=\"canonical\" href=\"https:\/\/kineoweb.fr\/kineoblog\/prevention-travail\/\" \/>\n<meta property=\"og:locale\" content=\"fr_FR\" \/>\n<meta property=\"og:type\" content=\"article\" \/>\n<meta property=\"og:title\" content=\"Pr\u00e9vention au travail avec La WORKin\u00e9 de LinkedIn - Kin\u00e9Oblog\" \/>\n<meta property=\"og:description\" content=\"La pr\u00e9vention au travail concerne aussi tous ceux qui travaillent de chez eux. D\u00e9couvre la WORKin\u00e9 de LinkedIn dans une interview inspirante.\" \/>\n<meta property=\"og:url\" content=\"https:\/\/kineoweb.fr\/kineoblog\/prevention-travail\/\" \/>\n<meta property=\"og:site_name\" content=\"Kin\u00e9Oblog\" \/>\n<meta property=\"article:publisher\" content=\"https:\/\/www.facebook.com\/Kin%c3%a9Oweb-1551479311825491\/?ref=aymt_homepage_panel\" \/>\n<meta property=\"article:published_time\" content=\"2023-12-26T12:02:18+00:00\" \/>\n<meta property=\"article:modified_time\" content=\"2023-12-26T12:02:21+00:00\" \/>\n<meta property=\"og:image\" content=\"https:\/\/kineoweb.fr\/kineoblog\/wp-content\/uploads\/sites\/2\/2023\/12\/prevention-au-travail-workine-post.png\" \/>\n\t<meta property=\"og:image:width\" content=\"1080\" \/>\n\t<meta property=\"og:image:height\" content=\"1080\" \/>\n\t<meta property=\"og:image:type\" content=\"image\/png\" \/>\n<meta name=\"author\" content=\"kineoweb\" \/>\n<meta name=\"twitter:card\" content=\"summary_large_image\" \/>\n<meta name=\"twitter:label1\" content=\"\u00c9crit par\" \/>\n\t<meta name=\"twitter:data1\" content=\"kineoweb\" \/>\n\t<meta name=\"twitter:label2\" content=\"Dur\u00e9e de lecture estim\u00e9e\" \/>\n\t<meta name=\"twitter:data2\" content=\"5 minutes\" \/>\n<script type=\"application\/ld+json\" class=\"yoast-schema-graph\">{\"@context\":\"https:\\\/\\\/schema.org\",\"@graph\":[{\"@type\":\"Article\",\"@id\":\"https:\\\/\\\/kineoweb.fr\\\/kineoblog\\\/prevention-travail\\\/#article\",\"isPartOf\":{\"@id\":\"https:\\\/\\\/kineoweb.fr\\\/kineoblog\\\/prevention-travail\\\/\"},\"author\":{\"name\":\"kineoweb\",\"@id\":\"https:\\\/\\\/kineoweb.fr\\\/kineoblog\\\/#\\\/schema\\\/person\\\/276328f3f20d571a6313a40a82bab4ea\"},\"headline\":\"Pr\u00e9vention au travail avec La WORKin\u00e9 de LinkedIn\",\"datePublished\":\"2023-12-26T12:02:18+00:00\",\"dateModified\":\"2023-12-26T12:02:21+00:00\",\"mainEntityOfPage\":{\"@id\":\"https:\\\/\\\/kineoweb.fr\\\/kineoblog\\\/prevention-travail\\\/\"},\"wordCount\":1706,\"commentCount\":0,\"image\":{\"@id\":\"https:\\\/\\\/kineoweb.fr\\\/kineoblog\\\/prevention-travail\\\/#primaryimage\"},\"thumbnailUrl\":\"https:\\\/\\\/i0.wp.com\\\/kineoweb.fr\\\/kineoblog\\\/wp-content\\\/uploads\\\/sites\\\/2\\\/2023\\\/12\\\/prevention-au-travail-workine-post.png?fit=1080%2C1080&ssl=1\",\"keywords\":[\"diversifier activit\u00e9 kin\u00e9\",\"hors convention\",\"ind\u00e9pendant\",\"kin\u00e9sith\u00e9rapie\",\"Pr\u00e9vention\",\"solopreneur\"],\"articleSection\":[\"Pr\u00e9vention\"],\"inLanguage\":\"fr-FR\",\"potentialAction\":[{\"@type\":\"CommentAction\",\"name\":\"Comment\",\"target\":[\"https:\\\/\\\/kineoweb.fr\\\/kineoblog\\\/prevention-travail\\\/#respond\"]}]},{\"@type\":\"WebPage\",\"@id\":\"https:\\\/\\\/kineoweb.fr\\\/kineoblog\\\/prevention-travail\\\/\",\"url\":\"https:\\\/\\\/kineoweb.fr\\\/kineoblog\\\/prevention-travail\\\/\",\"name\":\"Pr\u00e9vention au travail avec La WORKin\u00e9 de LinkedIn - Kin\u00e9Oblog\",\"isPartOf\":{\"@id\":\"https:\\\/\\\/kineoweb.fr\\\/kineoblog\\\/#website\"},\"primaryImageOfPage\":{\"@id\":\"https:\\\/\\\/kineoweb.fr\\\/kineoblog\\\/prevention-travail\\\/#primaryimage\"},\"image\":{\"@id\":\"https:\\\/\\\/kineoweb.fr\\\/kineoblog\\\/prevention-travail\\\/#primaryimage\"},\"thumbnailUrl\":\"https:\\\/\\\/i0.wp.com\\\/kineoweb.fr\\\/kineoblog\\\/wp-content\\\/uploads\\\/sites\\\/2\\\/2023\\\/12\\\/prevention-au-travail-workine-post.png?fit=1080%2C1080&ssl=1\",\"datePublished\":\"2023-12-26T12:02:18+00:00\",\"dateModified\":\"2023-12-26T12:02:21+00:00\",\"author\":{\"@id\":\"https:\\\/\\\/kineoweb.fr\\\/kineoblog\\\/#\\\/schema\\\/person\\\/276328f3f20d571a6313a40a82bab4ea\"},\"description\":\"La pr\u00e9vention au travail concerne aussi tous ceux qui travaillent de chez eux. D\u00e9couvre la WORKin\u00e9 de LinkedIn dans une interview inspirante.\",\"breadcrumb\":{\"@id\":\"https:\\\/\\\/kineoweb.fr\\\/kineoblog\\\/prevention-travail\\\/#breadcrumb\"},\"inLanguage\":\"fr-FR\",\"potentialAction\":[{\"@type\":\"ReadAction\",\"target\":[\"https:\\\/\\\/kineoweb.fr\\\/kineoblog\\\/prevention-travail\\\/\"]}]},{\"@type\":\"ImageObject\",\"inLanguage\":\"fr-FR\",\"@id\":\"https:\\\/\\\/kineoweb.fr\\\/kineoblog\\\/prevention-travail\\\/#primaryimage\",\"url\":\"https:\\\/\\\/i0.wp.com\\\/kineoweb.fr\\\/kineoblog\\\/wp-content\\\/uploads\\\/sites\\\/2\\\/2023\\\/12\\\/prevention-au-travail-workine-post.png?fit=1080%2C1080&ssl=1\",\"contentUrl\":\"https:\\\/\\\/i0.wp.com\\\/kineoweb.fr\\\/kineoblog\\\/wp-content\\\/uploads\\\/sites\\\/2\\\/2023\\\/12\\\/prevention-au-travail-workine-post.png?fit=1080%2C1080&ssl=1\",\"width\":1080,\"height\":1080,\"caption\":\"La pr\u00e9vention au travail avec la WORKin\u00e9 de LinkedIn\"},{\"@type\":\"BreadcrumbList\",\"@id\":\"https:\\\/\\\/kineoweb.fr\\\/kineoblog\\\/prevention-travail\\\/#breadcrumb\",\"itemListElement\":[{\"@type\":\"ListItem\",\"position\":1,\"name\":\"Accueil\",\"item\":\"https:\\\/\\\/kineoweb.fr\\\/kineoblog\\\/\"},{\"@type\":\"ListItem\",\"position\":2,\"name\":\"Pr\u00e9vention au travail avec La WORKin\u00e9 de LinkedIn\"}]},{\"@type\":\"WebSite\",\"@id\":\"https:\\\/\\\/kineoweb.fr\\\/kineoblog\\\/#website\",\"url\":\"https:\\\/\\\/kineoweb.fr\\\/kineoblog\\\/\",\"name\":\"Kin\u00e9Oblog\",\"description\":\"Conseils et informations pour les Kin\u00e9s et Ost\u00e9os\",\"potentialAction\":[{\"@type\":\"SearchAction\",\"target\":{\"@type\":\"EntryPoint\",\"urlTemplate\":\"https:\\\/\\\/kineoweb.fr\\\/kineoblog\\\/?s={search_term_string}\"},\"query-input\":{\"@type\":\"PropertyValueSpecification\",\"valueRequired\":true,\"valueName\":\"search_term_string\"}}],\"inLanguage\":\"fr-FR\"},{\"@type\":\"Person\",\"@id\":\"https:\\\/\\\/kineoweb.fr\\\/kineoblog\\\/#\\\/schema\\\/person\\\/276328f3f20d571a6313a40a82bab4ea\",\"name\":\"kineoweb\",\"image\":{\"@type\":\"ImageObject\",\"inLanguage\":\"fr-FR\",\"@id\":\"https:\\\/\\\/secure.gravatar.com\\\/avatar\\\/63966abb47ac008849350af90453384a20b61d9f1b4cc0fc20b34cdd2c666586?s=96&d=mm&r=g\",\"url\":\"https:\\\/\\\/secure.gravatar.com\\\/avatar\\\/63966abb47ac008849350af90453384a20b61d9f1b4cc0fc20b34cdd2c666586?s=96&d=mm&r=g\",\"contentUrl\":\"https:\\\/\\\/secure.gravatar.com\\\/avatar\\\/63966abb47ac008849350af90453384a20b61d9f1b4cc0fc20b34cdd2c666586?s=96&d=mm&r=g\",\"caption\":\"kineoweb\"},\"url\":\"https:\\\/\\\/kineoweb.fr\\\/kineoblog\\\/author\\\/kineoweb\\\/\"}]}<\/script>\n<!-- \/ Yoast SEO plugin. -->","yoast_head_json":{"title":"Pr\u00e9vention au travail avec La WORKin\u00e9 de LinkedIn - Kin\u00e9Oblog","description":"La pr\u00e9vention au travail concerne aussi tous ceux qui travaillent de chez eux. D\u00e9couvre la WORKin\u00e9 de LinkedIn dans une interview inspirante.","robots":{"index":"index","follow":"follow","max-snippet":"max-snippet:-1","max-image-preview":"max-image-preview:large","max-video-preview":"max-video-preview:-1"},"canonical":"https:\/\/kineoweb.fr\/kineoblog\/prevention-travail\/","og_locale":"fr_FR","og_type":"article","og_title":"Pr\u00e9vention au travail avec La WORKin\u00e9 de LinkedIn - Kin\u00e9Oblog","og_description":"La pr\u00e9vention au travail concerne aussi tous ceux qui travaillent de chez eux. D\u00e9couvre la WORKin\u00e9 de LinkedIn dans une interview inspirante.","og_url":"https:\/\/kineoweb.fr\/kineoblog\/prevention-travail\/","og_site_name":"Kin\u00e9Oblog","article_publisher":"https:\/\/www.facebook.com\/Kin%c3%a9Oweb-1551479311825491\/?ref=aymt_homepage_panel","article_published_time":"2023-12-26T12:02:18+00:00","article_modified_time":"2023-12-26T12:02:21+00:00","og_image":[{"width":1080,"height":1080,"url":"https:\/\/kineoweb.fr\/kineoblog\/wp-content\/uploads\/sites\/2\/2023\/12\/prevention-au-travail-workine-post.png","type":"image\/png"}],"author":"kineoweb","twitter_card":"summary_large_image","twitter_misc":{"\u00c9crit par":"kineoweb","Dur\u00e9e de lecture estim\u00e9e":"5 minutes"},"schema":{"@context":"https:\/\/schema.org","@graph":[{"@type":"Article","@id":"https:\/\/kineoweb.fr\/kineoblog\/prevention-travail\/#article","isPartOf":{"@id":"https:\/\/kineoweb.fr\/kineoblog\/prevention-travail\/"},"author":{"name":"kineoweb","@id":"https:\/\/kineoweb.fr\/kineoblog\/#\/schema\/person\/276328f3f20d571a6313a40a82bab4ea"},"headline":"Pr\u00e9vention au travail avec La WORKin\u00e9 de LinkedIn","datePublished":"2023-12-26T12:02:18+00:00","dateModified":"2023-12-26T12:02:21+00:00","mainEntityOfPage":{"@id":"https:\/\/kineoweb.fr\/kineoblog\/prevention-travail\/"},"wordCount":1706,"commentCount":0,"image":{"@id":"https:\/\/kineoweb.fr\/kineoblog\/prevention-travail\/#primaryimage"},"thumbnailUrl":"https:\/\/i0.wp.com\/kineoweb.fr\/kineoblog\/wp-content\/uploads\/sites\/2\/2023\/12\/prevention-au-travail-workine-post.png?fit=1080%2C1080&ssl=1","keywords":["diversifier activit\u00e9 kin\u00e9","hors convention","ind\u00e9pendant","kin\u00e9sith\u00e9rapie","Pr\u00e9vention","solopreneur"],"articleSection":["Pr\u00e9vention"],"inLanguage":"fr-FR","potentialAction":[{"@type":"CommentAction","name":"Comment","target":["https:\/\/kineoweb.fr\/kineoblog\/prevention-travail\/#respond"]}]},{"@type":"WebPage","@id":"https:\/\/kineoweb.fr\/kineoblog\/prevention-travail\/","url":"https:\/\/kineoweb.fr\/kineoblog\/prevention-travail\/","name":"Pr\u00e9vention au travail avec La WORKin\u00e9 de LinkedIn - Kin\u00e9Oblog","isPartOf":{"@id":"https:\/\/kineoweb.fr\/kineoblog\/#website"},"primaryImageOfPage":{"@id":"https:\/\/kineoweb.fr\/kineoblog\/prevention-travail\/#primaryimage"},"image":{"@id":"https:\/\/kineoweb.fr\/kineoblog\/prevention-travail\/#primaryimage"},"thumbnailUrl":"https:\/\/i0.wp.com\/kineoweb.fr\/kineoblog\/wp-content\/uploads\/sites\/2\/2023\/12\/prevention-au-travail-workine-post.png?fit=1080%2C1080&ssl=1","datePublished":"2023-12-26T12:02:18+00:00","dateModified":"2023-12-26T12:02:21+00:00","author":{"@id":"https:\/\/kineoweb.fr\/kineoblog\/#\/schema\/person\/276328f3f20d571a6313a40a82bab4ea"},"description":"La pr\u00e9vention au travail concerne aussi tous ceux qui travaillent de chez eux. D\u00e9couvre la WORKin\u00e9 de LinkedIn dans une interview inspirante.","breadcrumb":{"@id":"https:\/\/kineoweb.fr\/kineoblog\/prevention-travail\/#breadcrumb"},"inLanguage":"fr-FR","potentialAction":[{"@type":"ReadAction","target":["https:\/\/kineoweb.fr\/kineoblog\/prevention-travail\/"]}]},{"@type":"ImageObject","inLanguage":"fr-FR","@id":"https:\/\/kineoweb.fr\/kineoblog\/prevention-travail\/#primaryimage","url":"https:\/\/i0.wp.com\/kineoweb.fr\/kineoblog\/wp-content\/uploads\/sites\/2\/2023\/12\/prevention-au-travail-workine-post.png?fit=1080%2C1080&ssl=1","contentUrl":"https:\/\/i0.wp.com\/kineoweb.fr\/kineoblog\/wp-content\/uploads\/sites\/2\/2023\/12\/prevention-au-travail-workine-post.png?fit=1080%2C1080&ssl=1","width":1080,"height":1080,"caption":"La pr\u00e9vention au travail avec la WORKin\u00e9 de LinkedIn"},{"@type":"BreadcrumbList","@id":"https:\/\/kineoweb.fr\/kineoblog\/prevention-travail\/#breadcrumb","itemListElement":[{"@type":"ListItem","position":1,"name":"Accueil","item":"https:\/\/kineoweb.fr\/kineoblog\/"},{"@type":"ListItem","position":2,"name":"Pr\u00e9vention au travail avec La WORKin\u00e9 de LinkedIn"}]},{"@type":"WebSite","@id":"https:\/\/kineoweb.fr\/kineoblog\/#website","url":"https:\/\/kineoweb.fr\/kineoblog\/","name":"Kin\u00e9Oblog","description":"Conseils et informations pour les Kin\u00e9s et Ost\u00e9os","potentialAction":[{"@type":"SearchAction","target":{"@type":"EntryPoint","urlTemplate":"https:\/\/kineoweb.fr\/kineoblog\/?s={search_term_string}"},"query-input":{"@type":"PropertyValueSpecification","valueRequired":true,"valueName":"search_term_string"}}],"inLanguage":"fr-FR"},{"@type":"Person","@id":"https:\/\/kineoweb.fr\/kineoblog\/#\/schema\/person\/276328f3f20d571a6313a40a82bab4ea","name":"kineoweb","image":{"@type":"ImageObject","inLanguage":"fr-FR","@id":"https:\/\/secure.gravatar.com\/avatar\/63966abb47ac008849350af90453384a20b61d9f1b4cc0fc20b34cdd2c666586?s=96&d=mm&r=g","url":"https:\/\/secure.gravatar.com\/avatar\/63966abb47ac008849350af90453384a20b61d9f1b4cc0fc20b34cdd2c666586?s=96&d=mm&r=g","contentUrl":"https:\/\/secure.gravatar.com\/avatar\/63966abb47ac008849350af90453384a20b61d9f1b4cc0fc20b34cdd2c666586?s=96&d=mm&r=g","caption":"kineoweb"},"url":"https:\/\/kineoweb.fr\/kineoblog\/author\/kineoweb\/"}]}},"jetpack_featured_media_url":"https:\/\/i0.wp.com\/kineoweb.fr\/kineoblog\/wp-content\/uploads\/sites\/2\/2023\/12\/prevention-au-travail-workine-post.png?fit=1080%2C1080&ssl=1","jetpack_sharing_enabled":true,"_links":{"self":[{"href":"https:\/\/kineoweb.fr\/kineoblog\/wp-json\/wp\/v2\/posts\/1753","targetHints":{"allow":["GET"]}}],"collection":[{"href":"https:\/\/kineoweb.fr\/kineoblog\/wp-json\/wp\/v2\/posts"}],"about":[{"href":"https:\/\/kineoweb.fr\/kineoblog\/wp-json\/wp\/v2\/types\/post"}],"author":[{"embeddable":true,"href":"https:\/\/kineoweb.fr\/kineoblog\/wp-json\/wp\/v2\/users\/1"}],"replies":[{"embeddable":true,"href":"https:\/\/kineoweb.fr\/kineoblog\/wp-json\/wp\/v2\/comments?post=1753"}],"version-history":[{"count":5,"href":"https:\/\/kineoweb.fr\/kineoblog\/wp-json\/wp\/v2\/posts\/1753\/revisions"}],"predecessor-version":[{"id":1761,"href":"https:\/\/kineoweb.fr\/kineoblog\/wp-json\/wp\/v2\/posts\/1753\/revisions\/1761"}],"wp:featuredmedia":[{"embeddable":true,"href":"https:\/\/kineoweb.fr\/kineoblog\/wp-json\/wp\/v2\/media\/1755"}],"wp:attachment":[{"href":"https:\/\/kineoweb.fr\/kineoblog\/wp-json\/wp\/v2\/media?parent=1753"}],"wp:term":[{"taxonomy":"category","embeddable":true,"href":"https:\/\/kineoweb.fr\/kineoblog\/wp-json\/wp\/v2\/categories?post=1753"},{"taxonomy":"post_tag","embeddable":true,"href":"https:\/\/kineoweb.fr\/kineoblog\/wp-json\/wp\/v2\/tags?post=1753"}],"curies":[{"name":"wp","href":"https:\/\/api.w.org\/{rel}","templated":true}]}}