{"id":1698,"date":"2023-11-07T18:28:13","date_gmt":"2023-11-07T17:28:13","guid":{"rendered":"https:\/\/kineoweb.fr\/kineoblog\/?p=1698"},"modified":"2023-11-08T10:06:12","modified_gmt":"2023-11-08T09:06:12","slug":"formation-pilates-kines","status":"publish","type":"post","link":"https:\/\/kineoweb.fr\/kineoblog\/formation-pilates-kines\/","title":{"rendered":"De kin\u00e9 \u00e0 organisme de formation Pilates pour kine\u0301s"},"content":{"rendered":"<p>[et_pb_section fb_built=\u00a0\u00bb1&Prime; _builder_version=\u00a0\u00bb4.20.2&Prime; _module_preset=\u00a0\u00bbdefault\u00a0\u00bb custom_padding=\u00a0\u00bb0px|0px|0px|0px|false|false\u00a0\u00bb da_disable_devices=\u00a0\u00bboff|off|off\u00a0\u00bb global_colors_info=\u00a0\u00bb{}\u00a0\u00bb da_is_popup=\u00a0\u00bboff\u00a0\u00bb da_exit_intent=\u00a0\u00bboff\u00a0\u00bb da_has_close=\u00a0\u00bbon\u00a0\u00bb da_alt_close=\u00a0\u00bboff\u00a0\u00bb da_dark_close=\u00a0\u00bboff\u00a0\u00bb da_not_modal=\u00a0\u00bbon\u00a0\u00bb da_is_singular=\u00a0\u00bboff\u00a0\u00bb da_with_loader=\u00a0\u00bboff\u00a0\u00bb da_has_shadow=\u00a0\u00bbon\u00a0\u00bb][et_pb_row _builder_version=\u00a0\u00bb4.20.4&Prime; _module_preset=\u00a0\u00bbdefault\u00a0\u00bb global_colors_info=\u00a0\u00bb{}\u00a0\u00bb][et_pb_column type=\u00a0\u00bb4_4&Prime; _builder_version=\u00a0\u00bb4.20.4&Prime; _module_preset=\u00a0\u00bbdefault\u00a0\u00bb background_color=\u00a0\u00bb#FFFFFF\u00a0\u00bb global_colors_info=\u00a0\u00bb{}\u00a0\u00bb][et_pb_image src=\u00a0\u00bbhttps:\/\/kineoweb.fr\/kineoblog\/wp-content\/uploads\/sites\/2\/2023\/11\/Formation-pilates-kine-blog.png\u00a0\u00bb alt=\u00a0\u00bbformation Pilates pour kin\u00e9s\u00a0\u00bb title_text=\u00a0\u00bbFormation pilates kine\u0301 blog\u00a0\u00bb _builder_version=\u00a0\u00bb4.23.1&Prime; _module_preset=\u00a0\u00bbdefault\u00a0\u00bb global_colors_info=\u00a0\u00bb{}\u00a0\u00bb][\/et_pb_image][\/et_pb_column][\/et_pb_row][\/et_pb_section][et_pb_section fb_built=\u00a0\u00bb1&Prime; _builder_version=\u00a0\u00bb4.20.2&Prime; _module_preset=\u00a0\u00bbdefault\u00a0\u00bb custom_padding=\u00a0\u00bb1px||0px|||\u00a0\u00bb da_disable_devices=\u00a0\u00bboff|off|off\u00a0\u00bb global_colors_info=\u00a0\u00bb{}\u00a0\u00bb da_is_popup=\u00a0\u00bboff\u00a0\u00bb da_exit_intent=\u00a0\u00bboff\u00a0\u00bb da_has_close=\u00a0\u00bbon\u00a0\u00bb da_alt_close=\u00a0\u00bboff\u00a0\u00bb da_dark_close=\u00a0\u00bboff\u00a0\u00bb da_not_modal=\u00a0\u00bbon\u00a0\u00bb da_is_singular=\u00a0\u00bboff\u00a0\u00bb da_with_loader=\u00a0\u00bboff\u00a0\u00bb da_has_shadow=\u00a0\u00bbon\u00a0\u00bb][et_pb_row _builder_version=\u00a0\u00bb4.19.0&Prime; _module_preset=\u00a0\u00bbdefault\u00a0\u00bb custom_padding=\u00a0\u00bb||0px|||\u00a0\u00bb global_colors_info=\u00a0\u00bb{}\u00a0\u00bb][et_pb_column type=\u00a0\u00bb4_4&Prime; _builder_version=\u00a0\u00bb4.19.0&Prime; _module_preset=\u00a0\u00bbdefault\u00a0\u00bb global_colors_info=\u00a0\u00bb{}\u00a0\u00bb][et_pb_text _builder_version=\u00a0\u00bb4.22.1&Prime; _module_preset=\u00a0\u00bbdefault\u00a0\u00bb header_font=\u00a0\u00bbAlata|||on|||||\u00a0\u00bb header_text_color=\u00a0\u00bb#ff4e62&Prime; header_line_height=\u00a0\u00bb1.4em\u00a0\u00bb global_colors_info=\u00a0\u00bb{}\u00a0\u00bb]<\/p>\n<h1 style=\"text-align: center;\">De kin\u00e9 \u00e0 organisme de formation Pilates pour kine\u0301s<\/h1>\n<p>&nbsp;<\/p>\n<p>[\/et_pb_text][\/et_pb_column][\/et_pb_row][\/et_pb_section][et_pb_section fb_built=\u00a0\u00bb1&Prime; admin_label=\u00a0\u00bbsection\u00a0\u00bb _builder_version=\u00a0\u00bb4.16&Prime; custom_padding=\u00a0\u00bb0px|||||\u00a0\u00bb da_disable_devices=\u00a0\u00bboff|off|off\u00a0\u00bb global_colors_info=\u00a0\u00bb{}\u00a0\u00bb da_is_popup=\u00a0\u00bboff\u00a0\u00bb da_exit_intent=\u00a0\u00bboff\u00a0\u00bb da_has_close=\u00a0\u00bbon\u00a0\u00bb da_alt_close=\u00a0\u00bboff\u00a0\u00bb da_dark_close=\u00a0\u00bboff\u00a0\u00bb da_not_modal=\u00a0\u00bbon\u00a0\u00bb da_is_singular=\u00a0\u00bboff\u00a0\u00bb da_with_loader=\u00a0\u00bboff\u00a0\u00bb da_has_shadow=\u00a0\u00bbon\u00a0\u00bb][et_pb_row admin_label=\u00a0\u00bbrow\u00a0\u00bb _builder_version=\u00a0\u00bb4.16&Prime; background_size=\u00a0\u00bbinitial\u00a0\u00bb background_position=\u00a0\u00bbtop_left\u00a0\u00bb background_repeat=\u00a0\u00bbrepeat\u00a0\u00bb global_colors_info=\u00a0\u00bb{}\u00a0\u00bb][et_pb_column type=\u00a0\u00bb4_4&Prime; _builder_version=\u00a0\u00bb4.16&Prime; custom_padding=\u00a0\u00bb|||\u00a0\u00bb global_colors_info=\u00a0\u00bb{}\u00a0\u00bb custom_padding__hover=\u00a0\u00bb|||\u00a0\u00bb][et_pb_text admin_label=\u00a0\u00bbTexte\u00a0\u00bb _builder_version=\u00a0\u00bb4.23.1&Prime; text_font_size=\u00a0\u00bb15px\u00a0\u00bb header_2_font=\u00a0\u00bbAlata||||||||\u00a0\u00bb header_2_text_color=\u00a0\u00bb#21214c\u00a0\u00bb header_2_line_height=\u00a0\u00bb1.4em\u00a0\u00bb background_size=\u00a0\u00bbinitial\u00a0\u00bb background_position=\u00a0\u00bbtop_left\u00a0\u00bb background_repeat=\u00a0\u00bbrepeat\u00a0\u00bb custom_padding=\u00a0\u00bb0px|||||\u00a0\u00bb use_border_color=\u00a0\u00bboff\u00a0\u00bb border_color=\u00a0\u00bb#ffffff\u00a0\u00bb border_style=\u00a0\u00bbsolid\u00a0\u00bb global_colors_info=\u00a0\u00bb{}\u00a0\u00bb]<\/p>\n<p><span style=\"font-weight: 400;\">Comment passe-t-on de kin\u00e9sith\u00e9rapeute \u00e0 organisme de formation Pilates pour kin\u00e9s ?<\/span><\/p>\n<p><span style=\"font-weight: 400;\">En tant que kin\u00e9sith\u00e9rapeute, les activit\u00e9s possibles sont vraiment tr\u00e8s vastes. Que ce soit avec les sp\u00e9cificit\u00e9s d\u2019exercice, les activit\u00e9s hors convention ou encore la cr\u00e9ation d\u2019une entreprise annexe votre imagination est la seule limite.<\/span><\/p>\n<p><span style=\"font-weight: 400;\">Aujourd&rsquo;hui c\u2019est un immense plaisir d\u2019accueillir <a href=\"https:\/\/www.k-pilates.com\/\" target=\"_blank\" rel=\"noopener\">Karine de K-Pilates<\/a> pour partager avec nous son parcours de kin\u00e9sith\u00e9rapeute \u00e0 la cr\u00e9ation d\u2019un organisme de formation Pilates pour kin\u00e9sith\u00e9rapeutes et enseignants APA. Elle explique comment elle est entr\u00e9e dans le domaine de la formation, les difficult\u00e9s rencontr\u00e9es et les conseils qu&rsquo;elle donnerait aux kin\u00e9sith\u00e9rapeutes qui souhaitent cr\u00e9er leur propre organisme.<\/span><\/p>\n<p style=\"text-align: center;\"><span style=\"color: #0c71c3;\"><strong>Tu peux retrouver l&rsquo;interview compl\u00e8te apr\u00e8s le r\u00e9sum\u00e9<\/strong><\/span><\/p>\n<p>&nbsp;<\/p>\n<h2><span style=\"font-weight: 400;\">Les d\u00e9buts dans la formation pilates pour kin\u00e9s<\/span><\/h2>\n<p><span style=\"font-weight: 400;\">Karine a d\u00e9but\u00e9 sa formation en <a href=\"https:\/\/kineoweb.fr\/kineoblog\/kinesitherapie-methode-pilates\/\" target=\"_blank\" rel=\"noopener\">Pilates<\/a> en 2012 et a exerc\u00e9 cette activit\u00e9 de mani\u00e8re occasionnelle jusqu&rsquo;en 2015, ann\u00e9e o\u00f9 elle a d\u00e9cid\u00e9 de la formaliser davantage en raison de la r\u00e9glementation qui a \u00e9t\u00e9 mise en place. Elle explique qu&rsquo;elle a \u00e9t\u00e9 contact\u00e9e par un organisme local qui lui a propos\u00e9 de donner des formations aux kin\u00e9s en 2012, ce qui a marqu\u00e9 le d\u00e9but de son parcours dans la formation Pilates. Au fil du temps, elle a re\u00e7u de plus en plus de demandes de kin\u00e9sith\u00e9rapeutes \u00e0 travers la France, ce qui l&rsquo;a amen\u00e9e \u00e0 d\u00e9velopper son organisme de formation, Capilat.<\/span><\/p>\n<h2><\/h2>\n<h2><span style=\"font-weight: 400;\">Les d\u00e9fis rencontr\u00e9s<\/span><\/h2>\n<p><span style=\"font-weight: 400;\">Karine mentionne les difficult\u00e9s qu&rsquo;elle a rencontr\u00e9es en tant que kin\u00e9sith\u00e9rapeute pour cr\u00e9er son centre de formation et comment elle les a surmont\u00e9es. Elle explique que l&rsquo;une des principales difficult\u00e9s \u00e9tait le manque de comp\u00e9tences p\u00e9dagogiques et qu&rsquo;elle a d\u00fb suivre une formation pour devenir formatrice. Elle souligne \u00e9galement le d\u00e9fi de trouver du temps pour d\u00e9velopper son activit\u00e9 de formation tout en continuant de pratiquer la kin\u00e9sith\u00e9rapie. <\/span><\/p>\n<p><span style=\"font-weight: 400;\">Finalement, elle a d\u00fb r\u00e9duire son activit\u00e9 de kin\u00e9sith\u00e9rapeute afin de se concentrer pleinement sur la formation.<\/span><\/p>\n<p>&nbsp;<\/p>\n<p>[\/et_pb_text][et_pb_code _builder_version=\u00a0\u00bb4.20.4&Prime; _module_preset=\u00a0\u00bbdefault\u00a0\u00bb global_colors_info=\u00a0\u00bb{}\u00a0\u00bb]<script id=\"form-script-tag-5427204\" src=\"https:\/\/24ec-contact.systeme.io\/public\/remote\/page\/8000445bb9dd75996b5b6a2e40fa66e08ef3eb8.js\"><\/script><!-- [et_pb_line_break_holder] -->[\/et_pb_code][et_pb_text admin_label=\u00a0\u00bbTexte\u00a0\u00bb _builder_version=\u00a0\u00bb4.22.2&Prime; text_font_size=\u00a0\u00bb15px\u00a0\u00bb header_2_font=\u00a0\u00bbAlata||||||||\u00a0\u00bb header_2_text_color=\u00a0\u00bb#21214c\u00a0\u00bb header_2_line_height=\u00a0\u00bb1.4em\u00a0\u00bb background_size=\u00a0\u00bbinitial\u00a0\u00bb background_position=\u00a0\u00bbtop_left\u00a0\u00bb background_repeat=\u00a0\u00bbrepeat\u00a0\u00bb use_border_color=\u00a0\u00bboff\u00a0\u00bb border_color=\u00a0\u00bb#ffffff\u00a0\u00bb border_style=\u00a0\u00bbsolid\u00a0\u00bb global_colors_info=\u00a0\u00bb{}\u00a0\u00bb]<\/p>\n<h2><span style=\"font-weight: 400;\">Conseils pour futurs formateurs<\/span><\/h2>\n<p><span style=\"font-weight: 400;\">En ce qui concerne la cr\u00e9ation de son organisme de formation, Karine recommande aux kin\u00e9sith\u00e9rapeutes int\u00e9ress\u00e9s de se lancer dans la formation de ne pas h\u00e9siter et de r\u00e9pondre \u00e0 cette envie. Cependant, elle conseille de prendre le temps de se pr\u00e9parer et de se former en tant que formateur, car la formation est un m\u00e9tier \u00e0 part enti\u00e8re. Elle encourage \u00e9galement les kin\u00e9s \u00e0 trouver des kin\u00e9s qui sont d\u00e9j\u00e0 pass\u00e9s par ce processus afin de b\u00e9n\u00e9ficier de leurs conseils et de leur exp\u00e9rience.<\/span><\/p>\n<h2><\/h2>\n<h2><span style=\"font-weight: 400;\">K-Pilates c\u2019est quoi et c\u2019est pour qui ?<\/span><\/h2>\n<p><span style=\"font-weight: 400;\">Capilat est un organisme de formation qui propose des formations en pr\u00e9sentiel et en ligne principalement aux kin\u00e9sith\u00e9rapeutes. Karine mentionne que leur public cible est principalement les kin\u00e9sith\u00e9rapeutes, mais les professionnels de l&rsquo;activit\u00e9 physique adapt\u00e9e sont \u00e9galement les bienvenus. Les formations propos\u00e9es par Capilat se concentrent sur des sujets tels que la personnalisation des exercices et la construction de cours collectifs. Ils proposent \u00e9galement des modules de sp\u00e9cialisation dans des domaines sp\u00e9cifiques tels que le postnatal et le pr\u00e9natal.<\/span><\/p>\n<h2><\/h2>\n<h2><span style=\"font-weight: 400;\">Se diff\u00e9rencier dans la formation Pilates en adaptant aux comp\u00e9tences de kin\u00e9s et aux particularit\u00e9s des patients.<\/span><\/h2>\n<p><span style=\"font-weight: 400;\">Karine souligne l&rsquo;importance de se diff\u00e9rencier des autres organismes de formation en mettant l&rsquo;accent sur les sp\u00e9cificit\u00e9s du Pilates pour les kin\u00e9sith\u00e9rapeutes. Elle explique que leur approche est ax\u00e9e sur la personnalisation des exercices et l&rsquo;adaptation aux besoins des patients avec des pathologies ou des conditions physiques sp\u00e9cifiques. Elle mentionne \u00e9galement leur travail de r\u00e9\u00e9criture et de cr\u00e9ation de contenus uniques pour adapter la technique du Pilates aux kin\u00e9sith\u00e9rapeutes.<\/span><\/p>\n<h2><\/h2>\n<h2><span style=\"font-weight: 400;\">L&rsquo;Avenir de la Kin\u00e9sith\u00e9rapie Lib\u00e9rale<\/span><\/h2>\n<p><span style=\"font-weight: 400;\">En ce qui concerne l&rsquo;avenir de la kin\u00e9sith\u00e9rapie lib\u00e9rale, Karine est optimiste et pense que les kin\u00e9sith\u00e9rapeutes ont encore beaucoup de terrains \u00e0 conqu\u00e9rir. Elle souligne le r\u00f4le cl\u00e9 des kin\u00e9sith\u00e9rapeutes dans la promotion du bien-\u00eatre physique et mental, et pense que la soci\u00e9t\u00e9 a besoin de plus en plus de professionnels de la sant\u00e9 dans ce domaine. Elle encourage les kin\u00e9s \u00e0 se lancer dans de nouvelles pratiques et \u00e0 partager leurs exp\u00e9riences pour inspirer les autres.<\/span><\/p>\n<h2><\/h2>\n<h2><span style=\"font-weight: 400;\">Conclusion<\/span><\/h2>\n<p><span style=\"font-weight: 400;\">En conclusion, Karine encourage les kin\u00e9sith\u00e9rapeutes \u00e0 diversifier leur activit\u00e9 et \u00e0 valoriser leur expertise, tout en restant conscients des d\u00e9fis et des exigences de cette activit\u00e9 de formation. Elle souligne l&rsquo;importance de la pr\u00e9paration et de la recherche de soutien aupr\u00e8s de kin\u00e9s exp\u00e9riment\u00e9s. Elle souhaite que son exp\u00e9rience inspire les autres kin\u00e9sith\u00e9rapeutes \u00e0 diversifier leur activit\u00e9 et \u00e0 valoriser leur expertise.<\/span><\/p>\n<p>&nbsp;<\/p>\n<p><span style=\"font-weight: 400;\">Si vous voulez valoriser votre expertise avec une <\/span><a href=\"https:\/\/kineoweb.fr\/ebook\" target=\"_blank\" rel=\"noopener\"><span style=\"font-weight: 400;\">communication digitale efficace et p\u00e9renne recevez gratuitement votre e-book offert<\/span><\/a><span style=\"font-weight: 400;\">.<\/span><\/p>\n<p>[\/et_pb_text][\/et_pb_column][\/et_pb_row][et_pb_row _builder_version=\u00a0\u00bb4.21.0&Prime; _module_preset=\u00a0\u00bbdefault\u00a0\u00bb global_colors_info=\u00a0\u00bb{}\u00a0\u00bb][et_pb_column type=\u00a0\u00bb4_4&Prime; _builder_version=\u00a0\u00bb4.21.0&Prime; _module_preset=\u00a0\u00bbdefault\u00a0\u00bb global_colors_info=\u00a0\u00bb{}\u00a0\u00bb][et_pb_video src=\u00a0\u00bbhttps:\/\/youtu.be\/OoF8oH_8QOw\u00a0\u00bb module_id=\u00a0\u00bbinterview\u00a0\u00bb _builder_version=\u00a0\u00bb4.23.1&Prime; _module_preset=\u00a0\u00bbdefault\u00a0\u00bb global_colors_info=\u00a0\u00bb{}\u00a0\u00bb][\/et_pb_video][\/et_pb_column][\/et_pb_row][et_pb_row _builder_version=\u00a0\u00bb4.20.4&Prime; _module_preset=\u00a0\u00bbdefault\u00a0\u00bb global_colors_info=\u00a0\u00bb{}\u00a0\u00bb][et_pb_column type=\u00a0\u00bb4_4&Prime; _builder_version=\u00a0\u00bb4.20.4&Prime; _module_preset=\u00a0\u00bbdefault\u00a0\u00bb global_colors_info=\u00a0\u00bb{}\u00a0\u00bb][et_pb_code _builder_version=\u00a0\u00bb4.20.4&Prime; _module_preset=\u00a0\u00bbdefault\u00a0\u00bb global_colors_info=\u00a0\u00bb{}\u00a0\u00bb]<script id=\"form-script-tag-5427204\" src=\"https:\/\/24ec-contact.systeme.io\/public\/remote\/page\/8000445bb9dd75996b5b6a2e40fa66e08ef3eb8.js\"><\/script><!-- [et_pb_line_break_holder] -->[\/et_pb_code][\/et_pb_column][\/et_pb_row][\/et_pb_section]<\/p>\n","protected":false},"excerpt":{"rendered":"<p>Comment passe-t-on de kin\u00e9sith\u00e9rapeute \u00e0 organisme de formation Pilates pour kin\u00e9s ? D\u00e9couvre cette interview inspirante ici.<\/p>\n","protected":false},"author":1,"featured_media":1700,"comment_status":"open","ping_status":"open","sticky":false,"template":"","format":"standard","meta":{"_et_pb_use_builder":"on","_et_pb_old_content":"","_et_gb_content_width":"2880","_monsterinsights_skip_tracking":false,"_monsterinsights_sitenote_active":false,"_monsterinsights_sitenote_note":"","_monsterinsights_sitenote_category":0,"_jetpack_memberships_contains_paid_content":false,"footnotes":""},"categories":[4],"tags":[108,109,36,90,61,11,14],"class_list":["post-1698","post","type-post","status-publish","format-standard","has-post-thumbnail","hentry","category-formations","tag-ateliers","tag-cours-de-gym","tag-formation-kine","tag-hors-convention","tag-pilates","tag-postures","tag-reeducation-holistique"],"yoast_head":"<!-- This site is optimized with the Yoast SEO plugin v27.4 - https:\/\/yoast.com\/product\/yoast-seo-wordpress\/ -->\n<title>De kin\u00e9 \u00e0 organisme de formation Pilates pour kine\u0301s - Kin\u00e9Oblog<\/title>\n<meta name=\"description\" content=\"Comment passe-t-on de kin\u00e9sith\u00e9rapeute \u00e0 organisme de formation Pilates pour kin\u00e9s ? D\u00e9couvre cette interview inspirante ici.\" \/>\n<meta name=\"robots\" content=\"index, follow, max-snippet:-1, max-image-preview:large, max-video-preview:-1\" \/>\n<link rel=\"canonical\" href=\"https:\/\/kineoweb.fr\/kineoblog\/formation-pilates-kines\/\" \/>\n<meta property=\"og:locale\" content=\"fr_FR\" \/>\n<meta property=\"og:type\" content=\"article\" \/>\n<meta property=\"og:title\" content=\"De kin\u00e9 \u00e0 organisme de formation Pilates pour kine\u0301s - Kin\u00e9Oblog\" \/>\n<meta property=\"og:description\" content=\"Comment passe-t-on de kin\u00e9sith\u00e9rapeute \u00e0 organisme de formation Pilates pour kin\u00e9s ? D\u00e9couvre cette interview inspirante ici.\" \/>\n<meta property=\"og:url\" content=\"https:\/\/kineoweb.fr\/kineoblog\/formation-pilates-kines\/\" \/>\n<meta property=\"og:site_name\" content=\"Kin\u00e9Oblog\" \/>\n<meta property=\"article:publisher\" content=\"https:\/\/www.facebook.com\/Kin%c3%a9Oweb-1551479311825491\/?ref=aymt_homepage_panel\" \/>\n<meta property=\"article:published_time\" content=\"2023-11-07T17:28:13+00:00\" \/>\n<meta property=\"article:modified_time\" content=\"2023-11-08T09:06:12+00:00\" \/>\n<meta property=\"og:image\" content=\"https:\/\/kineoweb.fr\/kineoblog\/wp-content\/uploads\/sites\/2\/2023\/11\/Formation-pilates-kine-post.png\" \/>\n\t<meta property=\"og:image:width\" content=\"1080\" \/>\n\t<meta property=\"og:image:height\" content=\"1080\" \/>\n\t<meta property=\"og:image:type\" content=\"image\/png\" \/>\n<meta name=\"author\" content=\"kineoweb\" \/>\n<meta name=\"twitter:card\" content=\"summary_large_image\" \/>\n<meta name=\"twitter:label1\" content=\"\u00c9crit par\" \/>\n\t<meta name=\"twitter:data1\" content=\"kineoweb\" \/>\n\t<meta name=\"twitter:label2\" content=\"Dur\u00e9e de lecture estim\u00e9e\" \/>\n\t<meta name=\"twitter:data2\" content=\"5 minutes\" \/>\n<script type=\"application\/ld+json\" class=\"yoast-schema-graph\">{\"@context\":\"https:\\\/\\\/schema.org\",\"@graph\":[{\"@type\":\"Article\",\"@id\":\"https:\\\/\\\/kineoweb.fr\\\/kineoblog\\\/formation-pilates-kines\\\/#article\",\"isPartOf\":{\"@id\":\"https:\\\/\\\/kineoweb.fr\\\/kineoblog\\\/formation-pilates-kines\\\/\"},\"author\":{\"name\":\"kineoweb\",\"@id\":\"https:\\\/\\\/kineoweb.fr\\\/kineoblog\\\/#\\\/schema\\\/person\\\/276328f3f20d571a6313a40a82bab4ea\"},\"headline\":\"De kin\u00e9 \u00e0 organisme de formation Pilates pour kine\u0301s\",\"datePublished\":\"2023-11-07T17:28:13+00:00\",\"dateModified\":\"2023-11-08T09:06:12+00:00\",\"mainEntityOfPage\":{\"@id\":\"https:\\\/\\\/kineoweb.fr\\\/kineoblog\\\/formation-pilates-kines\\\/\"},\"wordCount\":1462,\"commentCount\":0,\"image\":{\"@id\":\"https:\\\/\\\/kineoweb.fr\\\/kineoblog\\\/formation-pilates-kines\\\/#primaryimage\"},\"thumbnailUrl\":\"https:\\\/\\\/i0.wp.com\\\/kineoweb.fr\\\/kineoblog\\\/wp-content\\\/uploads\\\/sites\\\/2\\\/2023\\\/11\\\/Formation-pilates-kine-post.png?fit=1080%2C1080&ssl=1\",\"keywords\":[\"ateliers\",\"cours de gym\",\"Formation kin\u00e9\",\"hors convention\",\"pilates\",\"Postures\",\"r\u00e9\u00e9ducation holistique\"],\"articleSection\":[\"Formations\"],\"inLanguage\":\"fr-FR\",\"potentialAction\":[{\"@type\":\"CommentAction\",\"name\":\"Comment\",\"target\":[\"https:\\\/\\\/kineoweb.fr\\\/kineoblog\\\/formation-pilates-kines\\\/#respond\"]}]},{\"@type\":\"WebPage\",\"@id\":\"https:\\\/\\\/kineoweb.fr\\\/kineoblog\\\/formation-pilates-kines\\\/\",\"url\":\"https:\\\/\\\/kineoweb.fr\\\/kineoblog\\\/formation-pilates-kines\\\/\",\"name\":\"De kin\u00e9 \u00e0 organisme de formation Pilates pour kine\u0301s - Kin\u00e9Oblog\",\"isPartOf\":{\"@id\":\"https:\\\/\\\/kineoweb.fr\\\/kineoblog\\\/#website\"},\"primaryImageOfPage\":{\"@id\":\"https:\\\/\\\/kineoweb.fr\\\/kineoblog\\\/formation-pilates-kines\\\/#primaryimage\"},\"image\":{\"@id\":\"https:\\\/\\\/kineoweb.fr\\\/kineoblog\\\/formation-pilates-kines\\\/#primaryimage\"},\"thumbnailUrl\":\"https:\\\/\\\/i0.wp.com\\\/kineoweb.fr\\\/kineoblog\\\/wp-content\\\/uploads\\\/sites\\\/2\\\/2023\\\/11\\\/Formation-pilates-kine-post.png?fit=1080%2C1080&ssl=1\",\"datePublished\":\"2023-11-07T17:28:13+00:00\",\"dateModified\":\"2023-11-08T09:06:12+00:00\",\"author\":{\"@id\":\"https:\\\/\\\/kineoweb.fr\\\/kineoblog\\\/#\\\/schema\\\/person\\\/276328f3f20d571a6313a40a82bab4ea\"},\"description\":\"Comment passe-t-on de kin\u00e9sith\u00e9rapeute \u00e0 organisme de formation Pilates pour kin\u00e9s ? D\u00e9couvre cette interview inspirante ici.\",\"breadcrumb\":{\"@id\":\"https:\\\/\\\/kineoweb.fr\\\/kineoblog\\\/formation-pilates-kines\\\/#breadcrumb\"},\"inLanguage\":\"fr-FR\",\"potentialAction\":[{\"@type\":\"ReadAction\",\"target\":[\"https:\\\/\\\/kineoweb.fr\\\/kineoblog\\\/formation-pilates-kines\\\/\"]}]},{\"@type\":\"ImageObject\",\"inLanguage\":\"fr-FR\",\"@id\":\"https:\\\/\\\/kineoweb.fr\\\/kineoblog\\\/formation-pilates-kines\\\/#primaryimage\",\"url\":\"https:\\\/\\\/i0.wp.com\\\/kineoweb.fr\\\/kineoblog\\\/wp-content\\\/uploads\\\/sites\\\/2\\\/2023\\\/11\\\/Formation-pilates-kine-post.png?fit=1080%2C1080&ssl=1\",\"contentUrl\":\"https:\\\/\\\/i0.wp.com\\\/kineoweb.fr\\\/kineoblog\\\/wp-content\\\/uploads\\\/sites\\\/2\\\/2023\\\/11\\\/Formation-pilates-kine-post.png?fit=1080%2C1080&ssl=1\",\"width\":1080,\"height\":1080,\"caption\":\"formation Pilates pour kin\u00e9s\"},{\"@type\":\"BreadcrumbList\",\"@id\":\"https:\\\/\\\/kineoweb.fr\\\/kineoblog\\\/formation-pilates-kines\\\/#breadcrumb\",\"itemListElement\":[{\"@type\":\"ListItem\",\"position\":1,\"name\":\"Accueil\",\"item\":\"https:\\\/\\\/kineoweb.fr\\\/kineoblog\\\/\"},{\"@type\":\"ListItem\",\"position\":2,\"name\":\"De kin\u00e9 \u00e0 organisme de formation Pilates pour kine\u0301s\"}]},{\"@type\":\"WebSite\",\"@id\":\"https:\\\/\\\/kineoweb.fr\\\/kineoblog\\\/#website\",\"url\":\"https:\\\/\\\/kineoweb.fr\\\/kineoblog\\\/\",\"name\":\"Kin\u00e9Oblog\",\"description\":\"Conseils et informations pour les Kin\u00e9s et Ost\u00e9os\",\"potentialAction\":[{\"@type\":\"SearchAction\",\"target\":{\"@type\":\"EntryPoint\",\"urlTemplate\":\"https:\\\/\\\/kineoweb.fr\\\/kineoblog\\\/?s={search_term_string}\"},\"query-input\":{\"@type\":\"PropertyValueSpecification\",\"valueRequired\":true,\"valueName\":\"search_term_string\"}}],\"inLanguage\":\"fr-FR\"},{\"@type\":\"Person\",\"@id\":\"https:\\\/\\\/kineoweb.fr\\\/kineoblog\\\/#\\\/schema\\\/person\\\/276328f3f20d571a6313a40a82bab4ea\",\"name\":\"kineoweb\",\"image\":{\"@type\":\"ImageObject\",\"inLanguage\":\"fr-FR\",\"@id\":\"https:\\\/\\\/secure.gravatar.com\\\/avatar\\\/63966abb47ac008849350af90453384a20b61d9f1b4cc0fc20b34cdd2c666586?s=96&d=mm&r=g\",\"url\":\"https:\\\/\\\/secure.gravatar.com\\\/avatar\\\/63966abb47ac008849350af90453384a20b61d9f1b4cc0fc20b34cdd2c666586?s=96&d=mm&r=g\",\"contentUrl\":\"https:\\\/\\\/secure.gravatar.com\\\/avatar\\\/63966abb47ac008849350af90453384a20b61d9f1b4cc0fc20b34cdd2c666586?s=96&d=mm&r=g\",\"caption\":\"kineoweb\"},\"url\":\"https:\\\/\\\/kineoweb.fr\\\/kineoblog\\\/author\\\/kineoweb\\\/\"}]}<\/script>\n<!-- \/ Yoast SEO plugin. -->","yoast_head_json":{"title":"De kin\u00e9 \u00e0 organisme de formation Pilates pour kine\u0301s - Kin\u00e9Oblog","description":"Comment passe-t-on de kin\u00e9sith\u00e9rapeute \u00e0 organisme de formation Pilates pour kin\u00e9s ? D\u00e9couvre cette interview inspirante ici.","robots":{"index":"index","follow":"follow","max-snippet":"max-snippet:-1","max-image-preview":"max-image-preview:large","max-video-preview":"max-video-preview:-1"},"canonical":"https:\/\/kineoweb.fr\/kineoblog\/formation-pilates-kines\/","og_locale":"fr_FR","og_type":"article","og_title":"De kin\u00e9 \u00e0 organisme de formation Pilates pour kine\u0301s - Kin\u00e9Oblog","og_description":"Comment passe-t-on de kin\u00e9sith\u00e9rapeute \u00e0 organisme de formation Pilates pour kin\u00e9s ? D\u00e9couvre cette interview inspirante ici.","og_url":"https:\/\/kineoweb.fr\/kineoblog\/formation-pilates-kines\/","og_site_name":"Kin\u00e9Oblog","article_publisher":"https:\/\/www.facebook.com\/Kin%c3%a9Oweb-1551479311825491\/?ref=aymt_homepage_panel","article_published_time":"2023-11-07T17:28:13+00:00","article_modified_time":"2023-11-08T09:06:12+00:00","og_image":[{"width":1080,"height":1080,"url":"https:\/\/kineoweb.fr\/kineoblog\/wp-content\/uploads\/sites\/2\/2023\/11\/Formation-pilates-kine-post.png","type":"image\/png"}],"author":"kineoweb","twitter_card":"summary_large_image","twitter_misc":{"\u00c9crit par":"kineoweb","Dur\u00e9e de lecture estim\u00e9e":"5 minutes"},"schema":{"@context":"https:\/\/schema.org","@graph":[{"@type":"Article","@id":"https:\/\/kineoweb.fr\/kineoblog\/formation-pilates-kines\/#article","isPartOf":{"@id":"https:\/\/kineoweb.fr\/kineoblog\/formation-pilates-kines\/"},"author":{"name":"kineoweb","@id":"https:\/\/kineoweb.fr\/kineoblog\/#\/schema\/person\/276328f3f20d571a6313a40a82bab4ea"},"headline":"De kin\u00e9 \u00e0 organisme de formation Pilates pour kine\u0301s","datePublished":"2023-11-07T17:28:13+00:00","dateModified":"2023-11-08T09:06:12+00:00","mainEntityOfPage":{"@id":"https:\/\/kineoweb.fr\/kineoblog\/formation-pilates-kines\/"},"wordCount":1462,"commentCount":0,"image":{"@id":"https:\/\/kineoweb.fr\/kineoblog\/formation-pilates-kines\/#primaryimage"},"thumbnailUrl":"https:\/\/i0.wp.com\/kineoweb.fr\/kineoblog\/wp-content\/uploads\/sites\/2\/2023\/11\/Formation-pilates-kine-post.png?fit=1080%2C1080&ssl=1","keywords":["ateliers","cours de gym","Formation kin\u00e9","hors convention","pilates","Postures","r\u00e9\u00e9ducation holistique"],"articleSection":["Formations"],"inLanguage":"fr-FR","potentialAction":[{"@type":"CommentAction","name":"Comment","target":["https:\/\/kineoweb.fr\/kineoblog\/formation-pilates-kines\/#respond"]}]},{"@type":"WebPage","@id":"https:\/\/kineoweb.fr\/kineoblog\/formation-pilates-kines\/","url":"https:\/\/kineoweb.fr\/kineoblog\/formation-pilates-kines\/","name":"De kin\u00e9 \u00e0 organisme de formation Pilates pour kine\u0301s - Kin\u00e9Oblog","isPartOf":{"@id":"https:\/\/kineoweb.fr\/kineoblog\/#website"},"primaryImageOfPage":{"@id":"https:\/\/kineoweb.fr\/kineoblog\/formation-pilates-kines\/#primaryimage"},"image":{"@id":"https:\/\/kineoweb.fr\/kineoblog\/formation-pilates-kines\/#primaryimage"},"thumbnailUrl":"https:\/\/i0.wp.com\/kineoweb.fr\/kineoblog\/wp-content\/uploads\/sites\/2\/2023\/11\/Formation-pilates-kine-post.png?fit=1080%2C1080&ssl=1","datePublished":"2023-11-07T17:28:13+00:00","dateModified":"2023-11-08T09:06:12+00:00","author":{"@id":"https:\/\/kineoweb.fr\/kineoblog\/#\/schema\/person\/276328f3f20d571a6313a40a82bab4ea"},"description":"Comment passe-t-on de kin\u00e9sith\u00e9rapeute \u00e0 organisme de formation Pilates pour kin\u00e9s ? D\u00e9couvre cette interview inspirante ici.","breadcrumb":{"@id":"https:\/\/kineoweb.fr\/kineoblog\/formation-pilates-kines\/#breadcrumb"},"inLanguage":"fr-FR","potentialAction":[{"@type":"ReadAction","target":["https:\/\/kineoweb.fr\/kineoblog\/formation-pilates-kines\/"]}]},{"@type":"ImageObject","inLanguage":"fr-FR","@id":"https:\/\/kineoweb.fr\/kineoblog\/formation-pilates-kines\/#primaryimage","url":"https:\/\/i0.wp.com\/kineoweb.fr\/kineoblog\/wp-content\/uploads\/sites\/2\/2023\/11\/Formation-pilates-kine-post.png?fit=1080%2C1080&ssl=1","contentUrl":"https:\/\/i0.wp.com\/kineoweb.fr\/kineoblog\/wp-content\/uploads\/sites\/2\/2023\/11\/Formation-pilates-kine-post.png?fit=1080%2C1080&ssl=1","width":1080,"height":1080,"caption":"formation Pilates pour kin\u00e9s"},{"@type":"BreadcrumbList","@id":"https:\/\/kineoweb.fr\/kineoblog\/formation-pilates-kines\/#breadcrumb","itemListElement":[{"@type":"ListItem","position":1,"name":"Accueil","item":"https:\/\/kineoweb.fr\/kineoblog\/"},{"@type":"ListItem","position":2,"name":"De kin\u00e9 \u00e0 organisme de formation Pilates pour kine\u0301s"}]},{"@type":"WebSite","@id":"https:\/\/kineoweb.fr\/kineoblog\/#website","url":"https:\/\/kineoweb.fr\/kineoblog\/","name":"Kin\u00e9Oblog","description":"Conseils et informations pour les Kin\u00e9s et Ost\u00e9os","potentialAction":[{"@type":"SearchAction","target":{"@type":"EntryPoint","urlTemplate":"https:\/\/kineoweb.fr\/kineoblog\/?s={search_term_string}"},"query-input":{"@type":"PropertyValueSpecification","valueRequired":true,"valueName":"search_term_string"}}],"inLanguage":"fr-FR"},{"@type":"Person","@id":"https:\/\/kineoweb.fr\/kineoblog\/#\/schema\/person\/276328f3f20d571a6313a40a82bab4ea","name":"kineoweb","image":{"@type":"ImageObject","inLanguage":"fr-FR","@id":"https:\/\/secure.gravatar.com\/avatar\/63966abb47ac008849350af90453384a20b61d9f1b4cc0fc20b34cdd2c666586?s=96&d=mm&r=g","url":"https:\/\/secure.gravatar.com\/avatar\/63966abb47ac008849350af90453384a20b61d9f1b4cc0fc20b34cdd2c666586?s=96&d=mm&r=g","contentUrl":"https:\/\/secure.gravatar.com\/avatar\/63966abb47ac008849350af90453384a20b61d9f1b4cc0fc20b34cdd2c666586?s=96&d=mm&r=g","caption":"kineoweb"},"url":"https:\/\/kineoweb.fr\/kineoblog\/author\/kineoweb\/"}]}},"jetpack_featured_media_url":"https:\/\/i0.wp.com\/kineoweb.fr\/kineoblog\/wp-content\/uploads\/sites\/2\/2023\/11\/Formation-pilates-kine-post.png?fit=1080%2C1080&ssl=1","jetpack_sharing_enabled":true,"_links":{"self":[{"href":"https:\/\/kineoweb.fr\/kineoblog\/wp-json\/wp\/v2\/posts\/1698","targetHints":{"allow":["GET"]}}],"collection":[{"href":"https:\/\/kineoweb.fr\/kineoblog\/wp-json\/wp\/v2\/posts"}],"about":[{"href":"https:\/\/kineoweb.fr\/kineoblog\/wp-json\/wp\/v2\/types\/post"}],"author":[{"embeddable":true,"href":"https:\/\/kineoweb.fr\/kineoblog\/wp-json\/wp\/v2\/users\/1"}],"replies":[{"embeddable":true,"href":"https:\/\/kineoweb.fr\/kineoblog\/wp-json\/wp\/v2\/comments?post=1698"}],"version-history":[{"count":7,"href":"https:\/\/kineoweb.fr\/kineoblog\/wp-json\/wp\/v2\/posts\/1698\/revisions"}],"predecessor-version":[{"id":1708,"href":"https:\/\/kineoweb.fr\/kineoblog\/wp-json\/wp\/v2\/posts\/1698\/revisions\/1708"}],"wp:featuredmedia":[{"embeddable":true,"href":"https:\/\/kineoweb.fr\/kineoblog\/wp-json\/wp\/v2\/media\/1700"}],"wp:attachment":[{"href":"https:\/\/kineoweb.fr\/kineoblog\/wp-json\/wp\/v2\/media?parent=1698"}],"wp:term":[{"taxonomy":"category","embeddable":true,"href":"https:\/\/kineoweb.fr\/kineoblog\/wp-json\/wp\/v2\/categories?post=1698"},{"taxonomy":"post_tag","embeddable":true,"href":"https:\/\/kineoweb.fr\/kineoblog\/wp-json\/wp\/v2\/tags?post=1698"}],"curies":[{"name":"wp","href":"https:\/\/api.w.org\/{rel}","templated":true}]}}