{"id":1456,"date":"2023-04-18T10:52:12","date_gmt":"2023-04-18T08:52:12","guid":{"rendered":"https:\/\/kineoweb.fr\/kineoblog\/?p=1456"},"modified":"2023-04-19T17:25:44","modified_gmt":"2023-04-19T15:25:44","slug":"kinesitherapie-methode-pilates","status":"publish","type":"post","link":"https:\/\/kineoweb.fr\/kineoblog\/kinesitherapie-methode-pilates\/","title":{"rendered":"Allier Kin\u00e9sith\u00e9rapie et Pilates: une interview de Marie Reboul"},"content":{"rendered":"\n[et_pb_section fb_built=\u00a0\u00bb1&Prime; _builder_version=\u00a0\u00bb4.20.2&Prime; _module_preset=\u00a0\u00bbdefault\u00a0\u00bb custom_padding=\u00a0\u00bb0px|0px|0px|0px|false|false\u00a0\u00bb global_colors_info=\u00a0\u00bb{}\u00a0\u00bb][et_pb_row _builder_version=\u00a0\u00bb4.20.4&Prime; _module_preset=\u00a0\u00bbdefault\u00a0\u00bb global_colors_info=\u00a0\u00bb{}\u00a0\u00bb][et_pb_column type=\u00a0\u00bb4_4&Prime; _builder_version=\u00a0\u00bb4.20.4&Prime; _module_preset=\u00a0\u00bbdefault\u00a0\u00bb background_color=\u00a0\u00bb#FFFFFF\u00a0\u00bb global_colors_info=\u00a0\u00bb{}\u00a0\u00bb][et_pb_slider _builder_version=\u00a0\u00bb4.20.4&Prime; _module_preset=\u00a0\u00bbdefault\u00a0\u00bb background_color=\u00a0\u00bb#FFFFFF\u00a0\u00bb background_image=\u00a0\u00bbhttps:\/\/kineoweb.fr\/kineoblog\/wp-content\/uploads\/sites\/2\/2023\/04\/Allier-kinesitherapie-et-pilates-blog2.png\u00a0\u00bb background_size=\u00a0\u00bbcontain\u00a0\u00bb link_option_url=\u00a0\u00bbhttps:\/\/youtu.be\/IXOCO1zbZD8&Prime; link_option_url_new_window=\u00a0\u00bbon\u00a0\u00bb hover_enabled=\u00a0\u00bb0&Prime; global_colors_info=\u00a0\u00bb{}\u00a0\u00bb alt=\u00a0\u00bbkin\u00e9sith\u00e9rapie et pilates\u00a0\u00bb title_text=\u00a0\u00bbAllier kinesitherapie et pilates blog2&Prime; sticky_enabled=\u00a0\u00bb0&Prime;][et_pb_slide button_text=\u00a0\u00bb\u25b7\u00a0\u00bb button_link=\u00a0\u00bbhttps:\/\/youtu.be\/IXOCO1zbZD8&Prime; url_new_window=\u00a0\u00bbon\u00a0\u00bb _builder_version=\u00a0\u00bb4.20.4&Prime; _module_preset=\u00a0\u00bbdefault\u00a0\u00bb custom_button=\u00a0\u00bbon\u00a0\u00bb button_text_size=\u00a0\u00bb43px\u00a0\u00bb button_text_color=\u00a0\u00bb#FFFFFF\u00a0\u00bb button_bg_color=\u00a0\u00bb#E02B20&Prime; button_border_radius=\u00a0\u00bb31px\u00a0\u00bb button_icon_placement=\u00a0\u00bbright\u00a0\u00bb width=\u00a0\u00bb100%\u00a0\u00bb width_tablet=\u00a0\u00bb100%\u00a0\u00bb width_phone=\u00a0\u00bb100%\u00a0\u00bb width_last_edited=\u00a0\u00bbon|phone\u00a0\u00bb custom_padding=\u00a0\u00bb15vw||15vw||false|false\u00a0\u00bb custom_padding_tablet=\u00a0\u00bb15vw||15vw||false|false\u00a0\u00bb custom_padding_phone=\u00a0\u00bb10vw||10vw||false|false\u00a0\u00bb custom_padding_last_edited=\u00a0\u00bbon|phone\u00a0\u00bb button_text_size_tablet=\u00a0\u00bb43px\u00a0\u00bb button_text_size_phone=\u00a0\u00bb25px\u00a0\u00bb button_text_size_last_edited=\u00a0\u00bbon|phone\u00a0\u00bb global_colors_info=\u00a0\u00bb{}\u00a0\u00bb sticky_transition=\u00a0\u00bbon\u00a0\u00bb][\/et_pb_slide][\/et_pb_slider][\/et_pb_column][\/et_pb_row][\/et_pb_section][et_pb_section fb_built=\u00a0\u00bb1&Prime; _builder_version=\u00a0\u00bb4.20.2&Prime; _module_preset=\u00a0\u00bbdefault\u00a0\u00bb custom_padding=\u00a0\u00bb1px||0px|||\u00a0\u00bb global_colors_info=\u00a0\u00bb{}\u00a0\u00bb][et_pb_row _builder_version=\u00a0\u00bb4.19.0&Prime; _module_preset=\u00a0\u00bbdefault\u00a0\u00bb custom_padding=\u00a0\u00bb||0px|||\u00a0\u00bb global_colors_info=\u00a0\u00bb{}\u00a0\u00bb][et_pb_column type=\u00a0\u00bb4_4&Prime; _builder_version=\u00a0\u00bb4.19.0&Prime; _module_preset=\u00a0\u00bbdefault\u00a0\u00bb global_colors_info=\u00a0\u00bb{}\u00a0\u00bb][et_pb_text _builder_version=\u00a0\u00bb4.20.4&Prime; _module_preset=\u00a0\u00bbdefault\u00a0\u00bb header_font=\u00a0\u00bbAlata|||on|||||\u00a0\u00bb header_text_color=\u00a0\u00bb#ff4e62&Prime; header_line_height=\u00a0\u00bb1.4em\u00a0\u00bb global_colors_info=\u00a0\u00bb{}\u00a0\u00bb]<h1 style=\"text-align: center;\"><span style=\"font-weight: 400;\">Allier Kin\u00e9sith\u00e9rapie et Pilates: interview de Marie Reboul<\/span><\/h1>[\/et_pb_text][\/et_pb_column][\/et_pb_row][\/et_pb_section][et_pb_section fb_built=\u00a0\u00bb1&Prime; admin_label=\u00a0\u00bbsection\u00a0\u00bb _builder_version=\u00a0\u00bb4.16&Prime; custom_padding=\u00a0\u00bb0px|||||\u00a0\u00bb global_colors_info=\u00a0\u00bb{}\u00a0\u00bb][et_pb_row admin_label=\u00a0\u00bbrow\u00a0\u00bb _builder_version=\u00a0\u00bb4.16&Prime; background_size=\u00a0\u00bbinitial\u00a0\u00bb background_position=\u00a0\u00bbtop_left\u00a0\u00bb background_repeat=\u00a0\u00bbrepeat\u00a0\u00bb global_colors_info=\u00a0\u00bb{}\u00a0\u00bb][et_pb_column type=\u00a0\u00bb4_4&Prime; _builder_version=\u00a0\u00bb4.16&Prime; custom_padding=\u00a0\u00bb|||\u00a0\u00bb global_colors_info=\u00a0\u00bb{}\u00a0\u00bb custom_padding__hover=\u00a0\u00bb|||\u00a0\u00bb][et_pb_text admin_label=\u00a0\u00bbTexte\u00a0\u00bb _builder_version=\u00a0\u00bb4.20.4&Prime; text_font_size=\u00a0\u00bb15px\u00a0\u00bb header_2_font=\u00a0\u00bbAlata||||||||\u00a0\u00bb header_2_text_color=\u00a0\u00bb#21214c\u00a0\u00bb header_2_line_height=\u00a0\u00bb1.4em\u00a0\u00bb background_size=\u00a0\u00bbinitial\u00a0\u00bb background_position=\u00a0\u00bbtop_left\u00a0\u00bb background_repeat=\u00a0\u00bbrepeat\u00a0\u00bb use_border_color=\u00a0\u00bboff\u00a0\u00bb border_color=\u00a0\u00bb#ffffff\u00a0\u00bb border_style=\u00a0\u00bbsolid\u00a0\u00bb global_colors_info=\u00a0\u00bb{}\u00a0\u00bb]<p><span style=\"font-weight: 400;\">Le Pilates est une m\u00e9thode de conditionnement physique qui se concentre sur la respiration, la posture et l&rsquo;alignement du corps. Il vise \u00e0 renforcer les muscles profonds, am\u00e9liorer l&rsquo;\u00e9quilibre et la flexibilit\u00e9, et augmenter la conscience corporelle. Il a \u00e9t\u00e9 d\u00e9velopp\u00e9 par Joseph Pilates au d\u00e9but du XXe si\u00e8cle.\u00a0<\/span><\/p>\n<p>&nbsp;<\/p>\n<p><span style=\"font-weight: 400;\">C\u2019est un immense plaisir d\u2019accueillir aujourd&rsquo;hui <a href=\"https:\/\/www.pilatez-moi.fr\/formations\/\">Marie Reboul, kin\u00e9sith\u00e9rapeute et formatrice Pilates<\/a> pour nous pr\u00e9senter l\u2019une des m\u00e9thodes les plus efficaces pour diminuer les douleurs lombaires et augmenter l\u2019amplitude des mouvements.<\/span><\/p>\n<p>&nbsp;<\/p>\n<h2><span style=\"font-weight: 400;\">Pouvez-vous vous pr\u00e9senter et nous dire ce qui vous a amen\u00e9 \u00e0 vous former \u00e0 la m\u00e9thode Pilates?<\/span><\/h2>\n<p>&nbsp;<\/p>\n<p>Merci pour ton invitation parce que c&rsquo;est un plaisir qui est plus que partager. Donc moi je suis Marie Reboul comme tu l&rsquo;as dit je suis dipl\u00f4m\u00e9e l&rsquo;Universit\u00e9 de Bruxelles en 2011, donc \u00e7a commence un petit peu \u00e0 faire maintenant.\u00a0 Je me suis form\u00e9 il y a quelques ann\u00e9es, suite \u00e0 la d\u00e9couverte du Pilates lors de ma premi\u00e8re grossesse, aux diff\u00e9rents Matwork. Donc le Matwork\u00a0 c&rsquo;est ce qui veut dire le tapis, on fait du Pilates sur tapis.<\/p>\n<p>&nbsp;<\/p>\n<p>Donc il y a le niveau Matwork 1 qui est d\u00e9butant puis l&rsquo;interm\u00e9diaire puis le niveau plus avanc\u00e9. J&rsquo;ai \u00e9galement \u00e9t\u00e9 form\u00e9 en petit mat\u00e9riel femme enceinte et seniors et pour finir, l&rsquo;ann\u00e9e derni\u00e8re j&rsquo;ai fait ce qu&rsquo;on appelle le Pilate One to One o\u00f9 l\u00e0 c&rsquo;est vraiment la prise en charge individuelle d&rsquo;un patient pour vraiment adapter des postures des positions de Pilates \u00e0 la posture vraiment du patient et \u00e0 ces diff\u00e9rents maux.<\/p>\n<h2><span style=\"font-weight: 400;\">Quels sont les points cl\u00e9s de la m\u00e9thode Pilates?<\/span><\/h2>\n<p>&nbsp;<\/p>\n<p><span style=\"font-weight: 400;\">Pour moi , les points cl\u00e9 sont une non contre-indication, un renforcement des muscles profond et des muscles de la posture. Une pratique douce mais intense o\u00f9 l&rsquo;on ne peux \u00eatre que concentr\u00e9 ou encore cette synergie transverse\/p\u00e9rin\u00e9e. Et une pratique possible de 0 a 100 ans . Mais la m\u00e9thode est elle-m\u00eame bas\u00e9 sur 8 principes :<\/span><\/p>\n<p><span style=\"font-weight: 400;\">La respiration\u00a0<\/span><\/p>\n<p><span style=\"font-weight: 400;\">La fluidit\u00e9\u00a0<\/span><\/p>\n<p><span style=\"font-weight: 400;\">La concentration<\/span><\/p>\n<p><span style=\"font-weight: 400;\">La ma\u00eetrise du mouvement\u00a0<\/span><\/p>\n<p><span style=\"font-weight: 400;\">-le centrage\u00a0<\/span><\/p>\n<p><span style=\"font-weight: 400;\">-le contr\u00f4le\u00a0<\/span><\/p>\n<p><span style=\"font-weight: 400;\">-L&rsquo;isolation\u00a0<\/span><\/p>\n<p><span style=\"font-weight: 400;\">-la fr\u00e9quence\u00a0<\/span><\/p>\n<p>On a \u00e9galement les cinq r\u00e9f\u00e9rentiels qui vont \u00eatre vraiment bas\u00e9es sur l&rsquo;auto-agrandissement donc vraiment un travail au niveau de la posture. M\u00eame si je suis pas moi hyper fan de ce mot \u00ab\u00a0posture\u00a0\u00bb parce que c&rsquo;est pas parce qu&rsquo;on a une \u00ab\u00a0mauvaise posture\u00a0\u00bb qu&rsquo;on va forc\u00e9ment avoir des pathologies ou des douleurs associ\u00e9es. Mais il va falloir toujours avoir voil\u00e0 un fil qui nous tire vers le plafond des \u00e9paules tr\u00e8s basses, une nuque tr\u00e8s longue, un engagement du coup du transverse et qui par synergie va engager notre p\u00e9rin\u00e9e qui peut \u00eatre un gros probl\u00e8me chez quasiment une femme sur deux arriv\u00e9e autour de la cinquantaine. Donc c&rsquo;est bien \u00e0 prendre en consid\u00e9ration et puis bien s\u00fbr cette fameuse respiration Pilates qui va \u00eatre le nerf de la guerre dans la pratique voil\u00e0 pour les principes et les r\u00e9f\u00e9rentiels de cette super m\u00e9thode.<\/p>\n<p>&nbsp;<\/p>\n<h2><span style=\"font-weight: 400;\">Quel est l\u2019apport du Pilates dans la prise en charge kin\u00e9sith\u00e9rapique en cabinet?<\/span><\/h2>\n<p>Avant je m&rsquo;en servais comme aide et puis maintenant je pense que je peux dire pour toutes les pathologies que ce soit le cou, les \u00e9paules, les genoux, les pieds je me sers beaucoup Pilates dans le principe. C&rsquo;est \u00e0 dire qu&rsquo;\u00e0 chaque fois m\u00eame si mon but va \u00eatre d&rsquo;arriver vers un mouvement fonctionnel, on est bien d&rsquo;accord l\u00e0 dessus, je vais toujours me servir des principes cit\u00e9s pr\u00e9c\u00e9demment et et de la respiration pour amener le patient vers son mouvement le mouvement dont il a besoin.<\/p>\n<p>L&rsquo;avantage du Pilates, tu as cit\u00e9 beaucoup de choses tout \u00e0 l&rsquo;heure: l&rsquo;\u00e9quilibre etc,\u00a0 mais ce qui va \u00eatre surtout tr\u00e8s tr\u00e8s bien c&rsquo;est la mobilit\u00e9 et je pense que plus on va \u00eatre mobile, plus on va r\u00e9cup\u00e9rer des amplitudes dans le mouvement plus, on va \u00eatre \u00e0 l&rsquo;aise pour r\u00e9aliser ces m\u00eames mouvements, et moins on aura mal en fait. Quand les gens parlent de ce fameux \u00ab\u00a0faux mouvement\u00a0\u00bb parce que c&rsquo;est un terme que une fois de plus je n&rsquo;aime pas mais les gens le disent donc, dans les gestes faits au quotidien il y a une certaine amplitude, une certaine fa\u00e7on de faire dans laquelle le corps est \u00e0 l&rsquo;aise. Mais en sortant de ce sch\u00e9ma habituel\u00a0 il va se faire mal, quand cette personne va aller mettre en charge ou qui va aller plus loin dans le mouvement et que du coup les muscles et la mobilit\u00e9 articulaire de son de<\/p>\n<p>l&rsquo;articulation ne sera pas capable d&rsquo;y aller. Le cerveau il va dire attends mais qu&rsquo;est-ce qu&rsquo;elle me fait l\u00e0 elle va plus loin que d&rsquo;habitude hop par r\u00e9flexe contracte tout ce qu&rsquo;il y a autour et c&rsquo;est l\u00e0 qu&rsquo;on a le fameux faux mouvement. Donc je pense vraiment qu&rsquo;en travaillant la mobilit\u00e9 on va vraiment r\u00e9cup\u00e9rer vraiment toutes les amplitudes pour que les muscles et les articulations bougent dans le meilleur des mondes pour la vie de tous les jours, dans leur globalit\u00e9<\/p>\n<p>Concernant les contre-indications, \u00e7a va \u00eatre les m\u00eames que quand on a un protocole chirurgical si on vous dit pas tel mouvement suite \u00e0 telle proth\u00e8se &#8230; \u00e7a reste les m\u00eames \u00e9videmment.\u00a0 Mais sur l&rsquo;activit\u00e9 en tant que telle il n&rsquo;y en a pas qu&rsquo;on soit enceinte, qu&rsquo;on soit \u00e2g\u00e9, qu&rsquo;on soit jeune, qu&rsquo;on ai une scl\u00e9rose en plaques qu&rsquo;on ai n&rsquo;importe quel pathologie, une tendinite on a tellement d&rsquo;options possibles pour un m\u00eame mouvement que ce soit sans mat\u00e9riel ou avec mat\u00e9riel qu&rsquo;on peut vraiment prendre en charge tout le monde.\u00a0<\/p>\n<p>J&rsquo;ai des gens qui sont surpris parce que, je prends un exemple de ce qu&rsquo;on appelle le push up en Pilate, \u00e7a va \u00eatre ni plus ni moins que des pompes avec nos bons placements, nos r\u00e9f\u00e9rentiels etc. Je les fais faire \u00e0 mes petits papinous de 94 ans sans probl\u00e8me, on les fera debout face \u00e0 une porte, mais on fera des pompes d&rsquo;une fa\u00e7on et il arrivera \u00e0 faire des pompes. On peut vraiment adapter pour vraiment travailler tous les groupes musculaires que ce soit membre sup membre inf ou dos et c&rsquo;est quand m\u00eame une \u00e9norme plus-value pour les pathologies et les d\u00e9formations du dos \u00e7a faut le dire, je crois m\u00eame que faudrait que je te ressorte l&rsquo;article en question mais c&rsquo;est une des deux meilleures m\u00e9thodes pour<a href=\"https:\/\/www.revmed.ch\/revue-medicale-suisse\/2017\/revue-medicale-suisse-568\/medecines-complementaires-et-lombalgies-que-dit-la-litterature-scientifique\"> soigner des lombalgies<\/a><\/p>\n<p>&nbsp;<\/p>[\/et_pb_text][et_pb_code _builder_version=\u00a0\u00bb4.20.4&Prime; _module_preset=\u00a0\u00bbdefault\u00a0\u00bb global_colors_info=\u00a0\u00bb{}\u00a0\u00bb]<script id=\"form-script-tag-5427204\" src=\"https:\/\/24ec-contact.systeme.io\/public\/remote\/page\/8000445bb9dd75996b5b6a2e40fa66e08ef3eb8.js\"><\/script><!-- [et_pb_line_break_holder] -->[\/et_pb_code][et_pb_text admin_label=\u00a0\u00bbTexte\u00a0\u00bb _builder_version=\u00a0\u00bb4.20.4&Prime; text_font_size=\u00a0\u00bb15px\u00a0\u00bb header_2_font=\u00a0\u00bbAlata||||||||\u00a0\u00bb header_2_text_color=\u00a0\u00bb#21214c\u00a0\u00bb header_2_line_height=\u00a0\u00bb1.4em\u00a0\u00bb background_size=\u00a0\u00bbinitial\u00a0\u00bb background_position=\u00a0\u00bbtop_left\u00a0\u00bb background_repeat=\u00a0\u00bbrepeat\u00a0\u00bb use_border_color=\u00a0\u00bboff\u00a0\u00bb border_color=\u00a0\u00bb#ffffff\u00a0\u00bb border_style=\u00a0\u00bbsolid\u00a0\u00bb global_colors_info=\u00a0\u00bb{}\u00a0\u00bb]<p>&nbsp;<\/p>\n<p>&nbsp;<\/p>\n<h2><span style=\"font-weight: 400;\">Que peut apporter la formation Pilates pour un kin\u00e9sith\u00e9rapeute? Est-il n\u00e9cessaire d\u2019investir en mat\u00e9riel?<\/span><\/h2>\n<p><span style=\"font-weight: 400;\">L&rsquo;avantage du Pilates est que l&rsquo;on peut l&rsquo;int\u00e9grer \u00e0 la r\u00e9\u00e9ducation, mais \u00e9galement proposer des cours en groupe ou de fa\u00e7on individuelle qui ne sont pas pris en charge par la s\u00e9curit\u00e9 sociale. C&rsquo;est donc une super solution pour varier son activit\u00e9 et joindre l&rsquo;utile \u00e0 l&rsquo;agr\u00e9able ! Nous rencontrons donc une population qui a envie de bouger qui est l\u00e0 dans un but de se faire du bien et donc de faire en quelque sorte plus du pr\u00e9ventif que du curatif donc c&rsquo;est agr\u00e9able d&rsquo;avoir cette vision en tant que professionnels de sant\u00e9 !\u00a0<\/span>\u00a0<\/p>\n<p><span style=\"font-weight: 400;\"><\/span><\/p>\n<p><span style=\"font-weight: 400;\">Il n&rsquo;y a pas forc\u00e9ment le besoin d&rsquo;investir dans du mat\u00e9riel, mais quelques ballon Klein ou ballon paille cerceau FOAM roller \u00e9lastique ou autre peuvent \u00eatre int\u00e9ressante pour diversifier les exercices. Si nous voulons faire des investissements le pil\u00e2tes peux \u00e9galement se pratiquer sur des machines comme un r\u00e9former, un Barret ou encore cadillac &#8230;.<\/span><\/p>\n<p>&nbsp;<\/p>\n<h2><span style=\"font-weight: 400;\">Vous formez depuis peu des kin\u00e9sith\u00e9rapeutes, f\u00e9licitation! Qu\u2019y apprend-on concr\u00e8tement?<\/span><\/h2>\n<p>Donc pour les kin\u00e9sith\u00e9rapeutes ost\u00e9opathes et les personnes qui veulent se former j&rsquo;ai finaliser une formation il y a pas tr\u00e8s longtemps. alors \u00e7a c&rsquo;est des heures de travail et des nuits blanches je te confirme et c&rsquo;est toujours un travail de remise en question. La formation donc elle est sortie effectivement d\u00e9but 2023 il y a celle de physiolarning en e-learning qui vient de sortir et puis comme il y a quand m\u00eame pas mal de demandes et que \u00e7a a l&rsquo;air de plaire j&rsquo;ai ouvert avec d&rsquo;autres organismes de formation qui sont\u00a0 bodyinstitute access formation. Et je sors cette formation en pr\u00e9senciel maintenant donc vous pourrez retrouver des dates un petit peu partout en France et dans les \u00eeles parce que tu parlais en off de la Guadeloupe mais l\u00e0 c&rsquo;est la R\u00e9union qui m&rsquo;attend pour la fin de l&rsquo;ann\u00e9e.<\/p>\n<p>Donc dans cette formation, pour t&rsquo;expliquer un petit peu justement, m\u00eame si je pr\u00f4ne le Pilates il y a des choses qui sont plus ou moins int\u00e9ressantes et j&rsquo;ai essay\u00e9 de regrouper ce qui me semblait \u00e0 moi le plus int\u00e9ressant et le plus facile \u00e0 mettre en pratique au cabinet avec les patients. Cette premi\u00e8re formation donc elle va prendre et elle va parler des 16 premiers mouvements de Pilates (parce qu&rsquo;il y en a presque 40 en tout) donc on va s&rsquo;int\u00e9resser au 16 premiers avec des options diff\u00e9rentes sur ces premiers. Des options sans mat\u00e9riel ou avec tout le petit mat\u00e9riel qu&rsquo;on a cit\u00e9 tout \u00e0 l&rsquo;heure et puis apr\u00e8s on fait une grosse journ\u00e9e de cas clinique sur toutes les pathologies et les d\u00e9formations possibles au niveau du dos. J&rsquo;insiste sur les pathologies, parce que comme tout \u00e0 l&rsquo;heure on parlait de posture, c&rsquo;est pas parce que tu as un dos qui est d\u00e9form\u00e9 m\u00eame une scoliose ou autre chose que tu auras forc\u00e9ment des douleurs donc j&rsquo;insiste sur \u00e7a.\u00a0 Donc on peut parler de tous hyper cyphose, hyper lordose scholiose, les dos creux les dos ronds les hernie discale, l&rsquo;ost\u00e9oporose, les spondylolisth\u00e9sistes je crois que je fais un gros tour l\u00e0 mais voil\u00e0 on va passer une journ\u00e9e \u00e0 avoir quelle possibilit\u00e9 de traitement quel exercice propos\u00e9 \u00e0 tel ou tel pathologie en fonction des diff\u00e9rentes.<\/p>\n<p>&nbsp;<\/p>\n<p>Ce sont des formations qui sont qui peuvent \u00eatre prises en charge fifpl donc c&rsquo;est quand m\u00eame hyper chouette \u00e7a, je suis hyper contente. Pour le coup on a fait la demande de DPC en cours je suis pas s\u00fbr qu&rsquo;on arrive \u00e0 l&rsquo;obtenir mais dans le doute on a quand m\u00eame fait la demande. Mais FIFPL<span style=\"font-size: 15px;\"> \u00e7a c&rsquo;est pris en charge et c&rsquo;est\u00a0<\/span>super donc que ce soit pour le e-learning ou que ce soit pour les pr\u00e9sentiels il y a pas il y a pas de souci il y a une prise en charge.<\/p>\n<p>&nbsp;<\/p>\n<h2><span style=\"font-weight: 400;\">Comment voyez-vous la kin\u00e9sith\u00e9rapie lib\u00e9rale dans les ann\u00e9es avenir?<\/span><\/h2>\n<p>&nbsp;<\/p>\n<p>Alors actuellement je suis d\u00e9j\u00e0 en activit\u00e9 mixte\u00a0je suis \u00e0 peu pr\u00e8s 45 heures en pr\u00e9sentiel et sur ces 45 heures en pr\u00e9sentiel j&rsquo;ai 11 heures environ de cours collectifs en groupe de 6 \u00e0 7 personnes maximum de Pilates donc je fais effectivement des prises en charge pluridisciplinaires avec beaucoup de d&rsquo;exercices et de principes de Pilates. J&rsquo;aime vraiment le m\u00e9tier de kin\u00e9 j&rsquo;aime cette prise en charge j&rsquo;aime le contact avec les patients je crois pas que je serais capable d&rsquo;arr\u00eater \u00e0 court terme en tout cas le boulot de kin\u00e9 parce que c&rsquo;est vraiment une satisfaction personnelle de faire du bien autour de moi maintenant.<\/p>\n<p>Ce que j&rsquo;aime quand m\u00eame dans ma prise en charge de Pilates c&rsquo;est que les gens ils viennent faire du Pilates avec d\u00e9j\u00e0 la d\u00e9marche de prendre soin d&rsquo;eux et de faire de la pr\u00e9vention donc \u00e7a c&rsquo;est cool. Parce qu&rsquo;au Cabinet des fois ce qui m&rsquo;\u00e9nerve c&rsquo;est de devoir motiver des patients et de leur montrer que bouger c&rsquo;\u00e9tait aussi un m\u00e9dicament et que il y avait pas que le massage pour soulager diff\u00e9rentes pathologies. Mais c&rsquo;est aussi un combat au cabinet qui est sympa \u00e0 faire pour essayer de montrer aux patients, voil\u00e0 c&rsquo;est une victoire personnelle quand le patient il dit bah en fait Marie c&rsquo;est cool maintenant \u00e7a me fait du bien de faire mes exercices j&rsquo;estime que j&rsquo;ai gagn\u00e9 mon combat avec ce patient.<\/p>\n<p>Maintenant il y a la r\u00e9alit\u00e9 sans tout amener \u00e0 l&rsquo;argent financi\u00e8re je pense que le probl\u00e8me le r\u00e9el probl\u00e8me malheureusement dans notre profession il est l\u00e0. C&rsquo;est qu&rsquo;\u00e0 16,30 la s\u00e9ance pour 30 minutes avec impatient et des fois il reste plus longtemps parce que autant il y a des pathologies en 15 20 minutes c&rsquo;est fait parce que au niveau respi ils sont limites ou des choses comme \u00e7a et puis des fois on va garder des patients en reconditionnement \u00e0 l&rsquo;effort m\u00eame encore en respi apr\u00e8s o\u00f9 ils vont rester 1h30 et on peut pas \u00eatre rentable j&rsquo;ai envie de dire sur ce m\u00e9tier de kin\u00e9.<\/p>\n<p>Donc je pense tant qu&rsquo;on sera aussi peu payer et ben bien s\u00fbr je vais d\u00e9velopper de plus en plus le hors conventionn\u00e9 parce que le Pilates ces fameuses 11 heures ne sont pas rembours\u00e9es par la S\u00e9curit\u00e9 sociale c&rsquo;est vraiment un investissement de la part du patient et qui fait que \u00e7a marche aussi. Parce que malheureusement quand les gens payent ils sont plus investis des fois dans leur r\u00e9\u00e9ducation parce que c&rsquo;est tout des gens qui \u00e9taient patients peut-\u00eatre avant qui ont compris l&rsquo;int\u00e9r\u00eat en kin\u00e9 de bouger de faire du Pilates et qui sont venus apr\u00e8s dans les cours hors s\u00e9curit\u00e9 sociale.<\/p>\n<p>C&rsquo;est \u00e7a l&rsquo;avantage aussi, c&rsquo;est que tu vas voir des patients avec qui tu vas faire des soins et apr\u00e8s tu passes vraiment une partie pr\u00e9vention et l\u00e0 c&rsquo;est la d\u00e9marche du patient en soi et en plus il a l&rsquo;assurance de l&rsquo;expertise d&rsquo;un kin\u00e9.<\/p>\n<p>&nbsp;<\/p>[\/et_pb_text][\/et_pb_column][\/et_pb_row][et_pb_row _builder_version=\u00a0\u00bb4.20.4&Prime; _module_preset=\u00a0\u00bbdefault\u00a0\u00bb global_colors_info=\u00a0\u00bb{}\u00a0\u00bb][et_pb_column type=\u00a0\u00bb4_4&Prime; _builder_version=\u00a0\u00bb4.20.4&Prime; _module_preset=\u00a0\u00bbdefault\u00a0\u00bb global_colors_info=\u00a0\u00bb{}\u00a0\u00bb][et_pb_code _builder_version=\u00a0\u00bb4.20.4&Prime; _module_preset=\u00a0\u00bbdefault\u00a0\u00bb global_colors_info=\u00a0\u00bb{}\u00a0\u00bb]<script id=\"form-script-tag-5427204\" src=\"https:\/\/24ec-contact.systeme.io\/public\/remote\/page\/8000445bb9dd75996b5b6a2e40fa66e08ef3eb8.js\"><\/script><!-- [et_pb_line_break_holder] -->[\/et_pb_code][\/et_pb_column][\/et_pb_row][\/et_pb_section]\n","protected":false},"excerpt":{"rendered":"<p>Allier kin\u00e9sith\u00e9rapie et Pilates c&rsquo;est ce qu&rsquo;a r\u00e9ussi \u00e0 faire Marie Reboul qui forme aujourd&rsquo;hui les kin\u00e9s. Clique ici pour + d&rsquo;info<\/p>\n","protected":false},"author":1,"featured_media":1475,"comment_status":"open","ping_status":"open","sticky":false,"template":"","format":"standard","meta":{"_et_pb_use_builder":"on","_et_pb_old_content":"","_et_gb_content_width":"1080","_monsterinsights_skip_tracking":false,"_monsterinsights_sitenote_active":false,"_monsterinsights_sitenote_note":"","_monsterinsights_sitenote_category":0,"_jetpack_memberships_contains_paid_content":false,"footnotes":""},"categories":[4],"tags":[36,12,61,11,13],"class_list":["post-1456","post","type-post","status-publish","format-standard","has-post-thumbnail","hentry","category-formations","tag-formation-kine","tag-kinesitherapie","tag-pilates","tag-postures","tag-reeducation-globaliste"],"yoast_head":"<!-- This site is optimized with the Yoast SEO plugin v27.4 - https:\/\/yoast.com\/product\/yoast-seo-wordpress\/ -->\n<title>Allier Kin\u00e9sith\u00e9rapie et Pilates: une interview de Marie Reboul<\/title>\n<meta name=\"description\" content=\"Allier kin\u00e9sith\u00e9rapie et Pilates c&#039;est ce qu&#039;a r\u00e9ussi \u00e0 faire Marie Reboul qui forme aujourd&#039;hui les kin\u00e9s. Clique ici pour plus d&#039;info\" \/>\n<meta name=\"robots\" content=\"index, follow, max-snippet:-1, max-image-preview:large, max-video-preview:-1\" \/>\n<link rel=\"canonical\" href=\"https:\/\/kineoweb.fr\/kineoblog\/kinesitherapie-methode-pilates\/\" \/>\n<meta property=\"og:locale\" content=\"fr_FR\" \/>\n<meta property=\"og:type\" content=\"article\" \/>\n<meta property=\"og:title\" content=\"Allier Kin\u00e9sith\u00e9rapie et Pilates: une interview de Marie Reboul\" \/>\n<meta property=\"og:description\" content=\"Allier kin\u00e9sith\u00e9rapie et Pilates c&#039;est ce qu&#039;a r\u00e9ussi \u00e0 faire Marie Reboul qui forme aujourd&#039;hui les kin\u00e9s. Clique ici pour plus d&#039;info\" \/>\n<meta property=\"og:url\" content=\"https:\/\/kineoweb.fr\/kineoblog\/kinesitherapie-methode-pilates\/\" \/>\n<meta property=\"og:site_name\" content=\"Kin\u00e9Oblog\" \/>\n<meta property=\"article:publisher\" content=\"https:\/\/www.facebook.com\/Kin%c3%a9Oweb-1551479311825491\/?ref=aymt_homepage_panel\" \/>\n<meta property=\"article:published_time\" content=\"2023-04-18T08:52:12+00:00\" \/>\n<meta property=\"article:modified_time\" content=\"2023-04-19T15:25:44+00:00\" \/>\n<meta property=\"og:image\" content=\"https:\/\/kineoweb.fr\/kineoblog\/wp-content\/uploads\/sites\/2\/2023\/04\/Allier-kinesitherapie-et-pilates-post2.png\" \/>\n\t<meta property=\"og:image:width\" content=\"1080\" \/>\n\t<meta property=\"og:image:height\" content=\"1080\" \/>\n\t<meta property=\"og:image:type\" content=\"image\/png\" \/>\n<meta name=\"author\" content=\"kineoweb\" \/>\n<meta name=\"twitter:card\" content=\"summary_large_image\" \/>\n<meta name=\"twitter:label1\" content=\"\u00c9crit par\" \/>\n\t<meta name=\"twitter:data1\" content=\"kineoweb\" \/>\n\t<meta name=\"twitter:label2\" content=\"Dur\u00e9e de lecture estim\u00e9e\" \/>\n\t<meta name=\"twitter:data2\" content=\"12 minutes\" \/>\n<script type=\"application\/ld+json\" class=\"yoast-schema-graph\">{\"@context\":\"https:\\\/\\\/schema.org\",\"@graph\":[{\"@type\":\"Article\",\"@id\":\"https:\\\/\\\/kineoweb.fr\\\/kineoblog\\\/kinesitherapie-methode-pilates\\\/#article\",\"isPartOf\":{\"@id\":\"https:\\\/\\\/kineoweb.fr\\\/kineoblog\\\/kinesitherapie-methode-pilates\\\/\"},\"author\":{\"name\":\"kineoweb\",\"@id\":\"https:\\\/\\\/kineoweb.fr\\\/kineoblog\\\/#\\\/schema\\\/person\\\/276328f3f20d571a6313a40a82bab4ea\"},\"headline\":\"Allier Kin\u00e9sith\u00e9rapie et Pilates: une interview de Marie Reboul\",\"datePublished\":\"2023-04-18T08:52:12+00:00\",\"dateModified\":\"2023-04-19T15:25:44+00:00\",\"mainEntityOfPage\":{\"@id\":\"https:\\\/\\\/kineoweb.fr\\\/kineoblog\\\/kinesitherapie-methode-pilates\\\/\"},\"wordCount\":3002,\"commentCount\":0,\"image\":{\"@id\":\"https:\\\/\\\/kineoweb.fr\\\/kineoblog\\\/kinesitherapie-methode-pilates\\\/#primaryimage\"},\"thumbnailUrl\":\"https:\\\/\\\/i0.wp.com\\\/kineoweb.fr\\\/kineoblog\\\/wp-content\\\/uploads\\\/sites\\\/2\\\/2023\\\/04\\\/Allier-kinesitherapie-et-pilates-post2.png?fit=1080%2C1080&ssl=1\",\"keywords\":[\"Formation kin\u00e9\",\"kin\u00e9sith\u00e9rapie\",\"pilates\",\"Postures\",\"r\u00e9\u00e9ducation globaliste\"],\"articleSection\":[\"Formations\"],\"inLanguage\":\"fr-FR\",\"potentialAction\":[{\"@type\":\"CommentAction\",\"name\":\"Comment\",\"target\":[\"https:\\\/\\\/kineoweb.fr\\\/kineoblog\\\/kinesitherapie-methode-pilates\\\/#respond\"]}]},{\"@type\":\"WebPage\",\"@id\":\"https:\\\/\\\/kineoweb.fr\\\/kineoblog\\\/kinesitherapie-methode-pilates\\\/\",\"url\":\"https:\\\/\\\/kineoweb.fr\\\/kineoblog\\\/kinesitherapie-methode-pilates\\\/\",\"name\":\"Allier Kin\u00e9sith\u00e9rapie et Pilates: une interview de Marie Reboul\",\"isPartOf\":{\"@id\":\"https:\\\/\\\/kineoweb.fr\\\/kineoblog\\\/#website\"},\"primaryImageOfPage\":{\"@id\":\"https:\\\/\\\/kineoweb.fr\\\/kineoblog\\\/kinesitherapie-methode-pilates\\\/#primaryimage\"},\"image\":{\"@id\":\"https:\\\/\\\/kineoweb.fr\\\/kineoblog\\\/kinesitherapie-methode-pilates\\\/#primaryimage\"},\"thumbnailUrl\":\"https:\\\/\\\/i0.wp.com\\\/kineoweb.fr\\\/kineoblog\\\/wp-content\\\/uploads\\\/sites\\\/2\\\/2023\\\/04\\\/Allier-kinesitherapie-et-pilates-post2.png?fit=1080%2C1080&ssl=1\",\"datePublished\":\"2023-04-18T08:52:12+00:00\",\"dateModified\":\"2023-04-19T15:25:44+00:00\",\"author\":{\"@id\":\"https:\\\/\\\/kineoweb.fr\\\/kineoblog\\\/#\\\/schema\\\/person\\\/276328f3f20d571a6313a40a82bab4ea\"},\"description\":\"Allier kin\u00e9sith\u00e9rapie et Pilates c'est ce qu'a r\u00e9ussi \u00e0 faire Marie Reboul qui forme aujourd'hui les kin\u00e9s. Clique ici pour plus d'info\",\"breadcrumb\":{\"@id\":\"https:\\\/\\\/kineoweb.fr\\\/kineoblog\\\/kinesitherapie-methode-pilates\\\/#breadcrumb\"},\"inLanguage\":\"fr-FR\",\"potentialAction\":[{\"@type\":\"ReadAction\",\"target\":[\"https:\\\/\\\/kineoweb.fr\\\/kineoblog\\\/kinesitherapie-methode-pilates\\\/\"]}]},{\"@type\":\"ImageObject\",\"inLanguage\":\"fr-FR\",\"@id\":\"https:\\\/\\\/kineoweb.fr\\\/kineoblog\\\/kinesitherapie-methode-pilates\\\/#primaryimage\",\"url\":\"https:\\\/\\\/i0.wp.com\\\/kineoweb.fr\\\/kineoblog\\\/wp-content\\\/uploads\\\/sites\\\/2\\\/2023\\\/04\\\/Allier-kinesitherapie-et-pilates-post2.png?fit=1080%2C1080&ssl=1\",\"contentUrl\":\"https:\\\/\\\/i0.wp.com\\\/kineoweb.fr\\\/kineoblog\\\/wp-content\\\/uploads\\\/sites\\\/2\\\/2023\\\/04\\\/Allier-kinesitherapie-et-pilates-post2.png?fit=1080%2C1080&ssl=1\",\"width\":1080,\"height\":1080,\"caption\":\"kin\u00e9sith\u00e9rapie et pilates\"},{\"@type\":\"BreadcrumbList\",\"@id\":\"https:\\\/\\\/kineoweb.fr\\\/kineoblog\\\/kinesitherapie-methode-pilates\\\/#breadcrumb\",\"itemListElement\":[{\"@type\":\"ListItem\",\"position\":1,\"name\":\"Accueil\",\"item\":\"https:\\\/\\\/kineoweb.fr\\\/kineoblog\\\/\"},{\"@type\":\"ListItem\",\"position\":2,\"name\":\"Allier Kin\u00e9sith\u00e9rapie et Pilates: une interview de Marie Reboul\"}]},{\"@type\":\"WebSite\",\"@id\":\"https:\\\/\\\/kineoweb.fr\\\/kineoblog\\\/#website\",\"url\":\"https:\\\/\\\/kineoweb.fr\\\/kineoblog\\\/\",\"name\":\"Kin\u00e9Oblog\",\"description\":\"Conseils et informations pour les Kin\u00e9s et Ost\u00e9os\",\"potentialAction\":[{\"@type\":\"SearchAction\",\"target\":{\"@type\":\"EntryPoint\",\"urlTemplate\":\"https:\\\/\\\/kineoweb.fr\\\/kineoblog\\\/?s={search_term_string}\"},\"query-input\":{\"@type\":\"PropertyValueSpecification\",\"valueRequired\":true,\"valueName\":\"search_term_string\"}}],\"inLanguage\":\"fr-FR\"},{\"@type\":\"Person\",\"@id\":\"https:\\\/\\\/kineoweb.fr\\\/kineoblog\\\/#\\\/schema\\\/person\\\/276328f3f20d571a6313a40a82bab4ea\",\"name\":\"kineoweb\",\"image\":{\"@type\":\"ImageObject\",\"inLanguage\":\"fr-FR\",\"@id\":\"https:\\\/\\\/secure.gravatar.com\\\/avatar\\\/63966abb47ac008849350af90453384a20b61d9f1b4cc0fc20b34cdd2c666586?s=96&d=mm&r=g\",\"url\":\"https:\\\/\\\/secure.gravatar.com\\\/avatar\\\/63966abb47ac008849350af90453384a20b61d9f1b4cc0fc20b34cdd2c666586?s=96&d=mm&r=g\",\"contentUrl\":\"https:\\\/\\\/secure.gravatar.com\\\/avatar\\\/63966abb47ac008849350af90453384a20b61d9f1b4cc0fc20b34cdd2c666586?s=96&d=mm&r=g\",\"caption\":\"kineoweb\"},\"url\":\"https:\\\/\\\/kineoweb.fr\\\/kineoblog\\\/author\\\/kineoweb\\\/\"}]}<\/script>\n<!-- \/ Yoast SEO plugin. -->","yoast_head_json":{"title":"Allier Kin\u00e9sith\u00e9rapie et Pilates: une interview de Marie Reboul","description":"Allier kin\u00e9sith\u00e9rapie et Pilates c'est ce qu'a r\u00e9ussi \u00e0 faire Marie Reboul qui forme aujourd'hui les kin\u00e9s. Clique ici pour plus d'info","robots":{"index":"index","follow":"follow","max-snippet":"max-snippet:-1","max-image-preview":"max-image-preview:large","max-video-preview":"max-video-preview:-1"},"canonical":"https:\/\/kineoweb.fr\/kineoblog\/kinesitherapie-methode-pilates\/","og_locale":"fr_FR","og_type":"article","og_title":"Allier Kin\u00e9sith\u00e9rapie et Pilates: une interview de Marie Reboul","og_description":"Allier kin\u00e9sith\u00e9rapie et Pilates c'est ce qu'a r\u00e9ussi \u00e0 faire Marie Reboul qui forme aujourd'hui les kin\u00e9s. Clique ici pour plus d'info","og_url":"https:\/\/kineoweb.fr\/kineoblog\/kinesitherapie-methode-pilates\/","og_site_name":"Kin\u00e9Oblog","article_publisher":"https:\/\/www.facebook.com\/Kin%c3%a9Oweb-1551479311825491\/?ref=aymt_homepage_panel","article_published_time":"2023-04-18T08:52:12+00:00","article_modified_time":"2023-04-19T15:25:44+00:00","og_image":[{"width":1080,"height":1080,"url":"https:\/\/kineoweb.fr\/kineoblog\/wp-content\/uploads\/sites\/2\/2023\/04\/Allier-kinesitherapie-et-pilates-post2.png","type":"image\/png"}],"author":"kineoweb","twitter_card":"summary_large_image","twitter_misc":{"\u00c9crit par":"kineoweb","Dur\u00e9e de lecture estim\u00e9e":"12 minutes"},"schema":{"@context":"https:\/\/schema.org","@graph":[{"@type":"Article","@id":"https:\/\/kineoweb.fr\/kineoblog\/kinesitherapie-methode-pilates\/#article","isPartOf":{"@id":"https:\/\/kineoweb.fr\/kineoblog\/kinesitherapie-methode-pilates\/"},"author":{"name":"kineoweb","@id":"https:\/\/kineoweb.fr\/kineoblog\/#\/schema\/person\/276328f3f20d571a6313a40a82bab4ea"},"headline":"Allier Kin\u00e9sith\u00e9rapie et Pilates: une interview de Marie Reboul","datePublished":"2023-04-18T08:52:12+00:00","dateModified":"2023-04-19T15:25:44+00:00","mainEntityOfPage":{"@id":"https:\/\/kineoweb.fr\/kineoblog\/kinesitherapie-methode-pilates\/"},"wordCount":3002,"commentCount":0,"image":{"@id":"https:\/\/kineoweb.fr\/kineoblog\/kinesitherapie-methode-pilates\/#primaryimage"},"thumbnailUrl":"https:\/\/i0.wp.com\/kineoweb.fr\/kineoblog\/wp-content\/uploads\/sites\/2\/2023\/04\/Allier-kinesitherapie-et-pilates-post2.png?fit=1080%2C1080&ssl=1","keywords":["Formation kin\u00e9","kin\u00e9sith\u00e9rapie","pilates","Postures","r\u00e9\u00e9ducation globaliste"],"articleSection":["Formations"],"inLanguage":"fr-FR","potentialAction":[{"@type":"CommentAction","name":"Comment","target":["https:\/\/kineoweb.fr\/kineoblog\/kinesitherapie-methode-pilates\/#respond"]}]},{"@type":"WebPage","@id":"https:\/\/kineoweb.fr\/kineoblog\/kinesitherapie-methode-pilates\/","url":"https:\/\/kineoweb.fr\/kineoblog\/kinesitherapie-methode-pilates\/","name":"Allier Kin\u00e9sith\u00e9rapie et Pilates: une interview de Marie Reboul","isPartOf":{"@id":"https:\/\/kineoweb.fr\/kineoblog\/#website"},"primaryImageOfPage":{"@id":"https:\/\/kineoweb.fr\/kineoblog\/kinesitherapie-methode-pilates\/#primaryimage"},"image":{"@id":"https:\/\/kineoweb.fr\/kineoblog\/kinesitherapie-methode-pilates\/#primaryimage"},"thumbnailUrl":"https:\/\/i0.wp.com\/kineoweb.fr\/kineoblog\/wp-content\/uploads\/sites\/2\/2023\/04\/Allier-kinesitherapie-et-pilates-post2.png?fit=1080%2C1080&ssl=1","datePublished":"2023-04-18T08:52:12+00:00","dateModified":"2023-04-19T15:25:44+00:00","author":{"@id":"https:\/\/kineoweb.fr\/kineoblog\/#\/schema\/person\/276328f3f20d571a6313a40a82bab4ea"},"description":"Allier kin\u00e9sith\u00e9rapie et Pilates c'est ce qu'a r\u00e9ussi \u00e0 faire Marie Reboul qui forme aujourd'hui les kin\u00e9s. Clique ici pour plus d'info","breadcrumb":{"@id":"https:\/\/kineoweb.fr\/kineoblog\/kinesitherapie-methode-pilates\/#breadcrumb"},"inLanguage":"fr-FR","potentialAction":[{"@type":"ReadAction","target":["https:\/\/kineoweb.fr\/kineoblog\/kinesitherapie-methode-pilates\/"]}]},{"@type":"ImageObject","inLanguage":"fr-FR","@id":"https:\/\/kineoweb.fr\/kineoblog\/kinesitherapie-methode-pilates\/#primaryimage","url":"https:\/\/i0.wp.com\/kineoweb.fr\/kineoblog\/wp-content\/uploads\/sites\/2\/2023\/04\/Allier-kinesitherapie-et-pilates-post2.png?fit=1080%2C1080&ssl=1","contentUrl":"https:\/\/i0.wp.com\/kineoweb.fr\/kineoblog\/wp-content\/uploads\/sites\/2\/2023\/04\/Allier-kinesitherapie-et-pilates-post2.png?fit=1080%2C1080&ssl=1","width":1080,"height":1080,"caption":"kin\u00e9sith\u00e9rapie et pilates"},{"@type":"BreadcrumbList","@id":"https:\/\/kineoweb.fr\/kineoblog\/kinesitherapie-methode-pilates\/#breadcrumb","itemListElement":[{"@type":"ListItem","position":1,"name":"Accueil","item":"https:\/\/kineoweb.fr\/kineoblog\/"},{"@type":"ListItem","position":2,"name":"Allier Kin\u00e9sith\u00e9rapie et Pilates: une interview de Marie Reboul"}]},{"@type":"WebSite","@id":"https:\/\/kineoweb.fr\/kineoblog\/#website","url":"https:\/\/kineoweb.fr\/kineoblog\/","name":"Kin\u00e9Oblog","description":"Conseils et informations pour les Kin\u00e9s et Ost\u00e9os","potentialAction":[{"@type":"SearchAction","target":{"@type":"EntryPoint","urlTemplate":"https:\/\/kineoweb.fr\/kineoblog\/?s={search_term_string}"},"query-input":{"@type":"PropertyValueSpecification","valueRequired":true,"valueName":"search_term_string"}}],"inLanguage":"fr-FR"},{"@type":"Person","@id":"https:\/\/kineoweb.fr\/kineoblog\/#\/schema\/person\/276328f3f20d571a6313a40a82bab4ea","name":"kineoweb","image":{"@type":"ImageObject","inLanguage":"fr-FR","@id":"https:\/\/secure.gravatar.com\/avatar\/63966abb47ac008849350af90453384a20b61d9f1b4cc0fc20b34cdd2c666586?s=96&d=mm&r=g","url":"https:\/\/secure.gravatar.com\/avatar\/63966abb47ac008849350af90453384a20b61d9f1b4cc0fc20b34cdd2c666586?s=96&d=mm&r=g","contentUrl":"https:\/\/secure.gravatar.com\/avatar\/63966abb47ac008849350af90453384a20b61d9f1b4cc0fc20b34cdd2c666586?s=96&d=mm&r=g","caption":"kineoweb"},"url":"https:\/\/kineoweb.fr\/kineoblog\/author\/kineoweb\/"}]}},"jetpack_featured_media_url":"https:\/\/i0.wp.com\/kineoweb.fr\/kineoblog\/wp-content\/uploads\/sites\/2\/2023\/04\/Allier-kinesitherapie-et-pilates-post2.png?fit=1080%2C1080&ssl=1","jetpack_sharing_enabled":true,"_links":{"self":[{"href":"https:\/\/kineoweb.fr\/kineoblog\/wp-json\/wp\/v2\/posts\/1456","targetHints":{"allow":["GET"]}}],"collection":[{"href":"https:\/\/kineoweb.fr\/kineoblog\/wp-json\/wp\/v2\/posts"}],"about":[{"href":"https:\/\/kineoweb.fr\/kineoblog\/wp-json\/wp\/v2\/types\/post"}],"author":[{"embeddable":true,"href":"https:\/\/kineoweb.fr\/kineoblog\/wp-json\/wp\/v2\/users\/1"}],"replies":[{"embeddable":true,"href":"https:\/\/kineoweb.fr\/kineoblog\/wp-json\/wp\/v2\/comments?post=1456"}],"version-history":[{"count":10,"href":"https:\/\/kineoweb.fr\/kineoblog\/wp-json\/wp\/v2\/posts\/1456\/revisions"}],"predecessor-version":[{"id":1478,"href":"https:\/\/kineoweb.fr\/kineoblog\/wp-json\/wp\/v2\/posts\/1456\/revisions\/1478"}],"wp:featuredmedia":[{"embeddable":true,"href":"https:\/\/kineoweb.fr\/kineoblog\/wp-json\/wp\/v2\/media\/1475"}],"wp:attachment":[{"href":"https:\/\/kineoweb.fr\/kineoblog\/wp-json\/wp\/v2\/media?parent=1456"}],"wp:term":[{"taxonomy":"category","embeddable":true,"href":"https:\/\/kineoweb.fr\/kineoblog\/wp-json\/wp\/v2\/categories?post=1456"},{"taxonomy":"post_tag","embeddable":true,"href":"https:\/\/kineoweb.fr\/kineoblog\/wp-json\/wp\/v2\/tags?post=1456"}],"curies":[{"name":"wp","href":"https:\/\/api.w.org\/{rel}","templated":true}]}}