{"id":1322,"date":"2023-02-14T09:10:57","date_gmt":"2023-02-14T08:10:57","guid":{"rendered":"https:\/\/kineoweb.fr\/kineoblog\/?p=1322"},"modified":"2023-02-14T17:38:24","modified_gmt":"2023-02-14T16:38:24","slug":"epaule-douloureuse","status":"publish","type":"post","link":"https:\/\/kineoweb.fr\/kineoblog\/epaule-douloureuse\/","title":{"rendered":"Se former au traitement de l\u2019\u00e9paule douloureuse avec Matthieu Loubi\u00e8re"},"content":{"rendered":"<p>[et_pb_section fb_built=\u00a0\u00bb1&Prime; _builder_version=\u00a0\u00bb4.19.0&Prime; _module_preset=\u00a0\u00bbdefault\u00a0\u00bb custom_padding=\u00a0\u00bb1px|||||\u00a0\u00bb global_colors_info=\u00a0\u00bb{}\u00a0\u00bb][et_pb_row _builder_version=\u00a0\u00bb4.19.0&Prime; _module_preset=\u00a0\u00bbdefault\u00a0\u00bb global_colors_info=\u00a0\u00bb{}\u00a0\u00bb][et_pb_column type=\u00a0\u00bb4_4&Prime; _builder_version=\u00a0\u00bb4.19.0&Prime; _module_preset=\u00a0\u00bbdefault\u00a0\u00bb global_colors_info=\u00a0\u00bb{}\u00a0\u00bb][et_pb_video src=\u00a0\u00bbhttps:\/\/www.youtube.com\/watch?v=FxDn5jnCfn4&Prime; _builder_version=\u00a0\u00bb4.19.5&Prime; _module_preset=\u00a0\u00bbdefault\u00a0\u00bb global_colors_info=\u00a0\u00bb{}\u00a0\u00bb][\/et_pb_video][\/et_pb_column][\/et_pb_row][et_pb_row _builder_version=\u00a0\u00bb4.19.0&Prime; _module_preset=\u00a0\u00bbdefault\u00a0\u00bb global_colors_info=\u00a0\u00bb{}\u00a0\u00bb][et_pb_column type=\u00a0\u00bb4_4&Prime; _builder_version=\u00a0\u00bb4.19.0&Prime; _module_preset=\u00a0\u00bbdefault\u00a0\u00bb global_colors_info=\u00a0\u00bb{}\u00a0\u00bb][et_pb_text _builder_version=\u00a0\u00bb4.19.5&Prime; _module_preset=\u00a0\u00bbdefault\u00a0\u00bb header_font=\u00a0\u00bbAlata|||on|||||\u00a0\u00bb header_text_color=\u00a0\u00bb#ff4e62&Prime; header_line_height=\u00a0\u00bb1.4em\u00a0\u00bb global_colors_info=\u00a0\u00bb{}\u00a0\u00bb]<\/p>\n<h1 style=\"text-align: center;\"><span style=\"font-weight: 400;\">Se former au traitement de l\u2019\u00e9paule douloureuse avec Matthieu Loubi\u00e8re<br \/><\/span><\/h1>\n<p>[\/et_pb_text][\/et_pb_column][\/et_pb_row][\/et_pb_section][et_pb_section fb_built=\u00a0\u00bb1&Prime; admin_label=\u00a0\u00bbsection\u00a0\u00bb _builder_version=\u00a0\u00bb4.16&Prime; custom_padding=\u00a0\u00bb0px|||||\u00a0\u00bb global_colors_info=\u00a0\u00bb{}\u00a0\u00bb][et_pb_row admin_label=\u00a0\u00bbrow\u00a0\u00bb _builder_version=\u00a0\u00bb4.16&Prime; background_size=\u00a0\u00bbinitial\u00a0\u00bb background_position=\u00a0\u00bbtop_left\u00a0\u00bb background_repeat=\u00a0\u00bbrepeat\u00a0\u00bb global_colors_info=\u00a0\u00bb{}\u00a0\u00bb][et_pb_column type=\u00a0\u00bb4_4&Prime; _builder_version=\u00a0\u00bb4.16&Prime; custom_padding=\u00a0\u00bb|||\u00a0\u00bb global_colors_info=\u00a0\u00bb{}\u00a0\u00bb custom_padding__hover=\u00a0\u00bb|||\u00a0\u00bb][et_pb_text admin_label=\u00a0\u00bbTexte\u00a0\u00bb _builder_version=\u00a0\u00bb4.19.5&Prime; text_font_size=\u00a0\u00bb15px\u00a0\u00bb header_2_font=\u00a0\u00bbAlata||||||||\u00a0\u00bb header_2_text_color=\u00a0\u00bb#21214c\u00a0\u00bb header_2_line_height=\u00a0\u00bb1.4em\u00a0\u00bb background_size=\u00a0\u00bbinitial\u00a0\u00bb background_position=\u00a0\u00bbtop_left\u00a0\u00bb background_repeat=\u00a0\u00bbrepeat\u00a0\u00bb hover_enabled=\u00a0\u00bb0&Prime; use_border_color=\u00a0\u00bboff\u00a0\u00bb border_color=\u00a0\u00bb#ffffff\u00a0\u00bb border_style=\u00a0\u00bbsolid\u00a0\u00bb global_colors_info=\u00a0\u00bb{}\u00a0\u00bb sticky_enabled=\u00a0\u00bb0&Prime;]<\/p>\n<p><span style=\"font-weight: 400;\">L&rsquo;\u00e9paule douloureuse est un enjeu majeur de sant\u00e9 publique. Les douleurs d&rsquo;\u00e9paule sont le troisi\u00e8me trouble musculo-squelettique le plus fr\u00e9quent, apr\u00e8s les douleurs du bas du dos et du cou. Elle a un effet important sur l&rsquo;\u00e9conomie, car elle augmente les co\u00fbts des soins de sant\u00e9 ainsi que les co\u00fbts li\u00e9s aux accidents du travail. Le traitement des douleurs de l&rsquo;\u00e9paule est un d\u00e9fi pour de nombreux professionnels de sant\u00e9. Le nombre de techniques disponibles est si vaste qu&rsquo;il est difficile de savoir laquelle utiliser. La bonne nouvelle est que les preuves scientifiques recommandent actuellement avant tout une prise en charge non chirurgicale. La physioth\u00e9rapie est l&rsquo;approche sugg\u00e9r\u00e9e pour les personnes affect\u00e9es par des probl\u00e8mes d&rsquo;\u00e9paule.<\/span><\/p>\n<p><span style=\"font-weight: 400;\">Nous avons le plaisir d\u2019accueillir Matthieu Loubi\u00e8re, kin\u00e9sith\u00e9rapeute, enseignant et conf\u00e9rencier, pour nous pr\u00e9senter sa formation \u201cL\u2019\u00e9paule douloureuse : de la th\u00e9rapie manuelle \u00e0 l\u2019exercice\u201d au sein de <a href=\"https:\/\/www.gem-k.com\/\" target=\"_blank\" rel=\"noopener\">GEM-K Formations<\/a>.<\/span><\/p>\n<h2><span style=\"font-weight: 400;\">Pouvez-vous vous pr\u00e9senter et nous dire ce qui vous a amen\u00e9 \u00e0 co-cr\u00e9er GEM-K Formation?<\/span><\/h2>\n<p><span style=\"font-weight: 400;\">Salut \u00e0 toustes, comme j\u2019ai l\u2019habitude de dire, je suis Matthieu Loubi\u00e8re, kin\u00e9sith\u00e9rapeute depuis 18 ans maintenant, et j\u2019ai un exercice qui est sp\u00e9cialis\u00e9 en pathologie musculo-squelettique. Je fais un peu de tout mais surtout du rachis et des \u00e9paules, c\u2019est l\u00e0 que j\u2019ai mon expertise si je puis dire. J\u2019ai fait de nombreuses formations en particulier en th\u00e9rapie manuelle orthop\u00e9dique, c\u2019est vraiment ce qui me pla\u00eet bien.<\/span><\/p>\n<p><span style=\"font-weight: 400;\">Je suis \u00e9galement formateur en formation initiale dans plusieurs IFMK, en formation continue au sein de diff\u00e9rents organismes dont GEM-K formation. C\u2019est un organisme qu\u2019on a co-cr\u00e9\u00e9 avec un de mes coll\u00e8gues et ami, Baptiste Falin, dans le Jura en 2009.<\/span><\/p>\n<p><span style=\"font-weight: 400;\">Ce qui nous a motiv\u00e9 dans un premier temps c\u2019est l\u2019envie de partir dans l\u2019aventure de cr\u00e9er quelque chose ensemble et surtout de localement amener la possibilit\u00e9 aux kin\u00e9sith\u00e9rapeutes de se former. Ce n&rsquo;est pas toujours facile de monter sur Paris que ce soit au niveau du co\u00fbt, du temps et c\u2019est parfois plus simple de se former localement.\u00a0 Et donc l\u2019id\u00e9e c\u2019\u00e9tait d\u2019amener la formation \u00e0 des kin\u00e9s locaux et qu\u2019ils vivent une belle aventure. C\u2019est quand m\u00eame super sympa de mutualiser les moyens pour cr\u00e9er quelque chose qui en plus est utile et fait plaisir.<\/span><\/p>\n<h2><span style=\"font-weight: 400;\">L\u2019\u00e9paule douloureuse est un enjeu majeur de sant\u00e9 publique, comment peut-on limiter son occurrence?<\/span><\/h2>\n<p><span style=\"font-weight: 400;\">Alors je partage assez l\u2019id\u00e9e que l\u2019\u00e9paule douloureuse est un enjeu de sant\u00e9 publique. Quand on regarde le <\/span><a href=\"https:\/\/www.healthdata.org\/gbd\/2019\" target=\"_blank\" rel=\"noopener\"><span style=\"font-weight: 400;\">Global Burden of Disease<\/span><\/a><span style=\"font-weight: 400;\">, cette grande \u00e9tude sur plusieurs ann\u00e9es sur les pathologies qui touchent la population, dans les pathologies musculo-squelettiques les douleurs d\u2019\u00e9paules apparaissent en 2\u00e8me-3\u00e8me position. Donc c\u2019est quelque chose de tr\u00e8s important qu\u2019on retrouve beaucoup.<\/span><\/p>\n<p><span style=\"font-weight: 400;\">Quant \u00e0 ce que <a href=\"https:\/\/kineoweb.fr\/kineoblog\/la-minute-peps\/\" target=\"_blank\" rel=\"noopener\">l\u2019on peut faire en pr\u00e9vention<\/a>, c\u2019est assez difficile de r\u00e9pondre \u00e0 cette question. Je dirais que la meilleure fa\u00e7on de se pr\u00e9munir des douleurs d\u2019\u00e9paule c\u2019est de rester actif, c\u2019est l\u2019une des choses les plus importantes, avoir une activit\u00e9 physique. De respecter les temps de repos. Et pour tout ce qui est pr\u00e9ventif en termes d\u2019ergonomie, si vous avez besoin d\u2019avoir des postures maintenues dans le temps les bras en l\u2019air tr\u00e8s haut ou des gestes r\u00e9p\u00e9t\u00e9s, c\u2019est quand m\u00eame int\u00e9ressant de se m\u00e9nager des temps de repos ou de faire en sorte que l\u2019activit\u00e9 soit compatible avec votre capacit\u00e9 physique. Je ne crois pas qu\u2019il y ait une activit\u00e9 qui soit plus dangereuse qu\u2019une autre, par contre il faut que le physique puisse suivre. Il faut que vous puissiez \u00eatre suffisamment \u00e9quip\u00e9, entra\u00een\u00e9, pour r\u00e9sister \u00e0 \u00e7a.<\/span><\/p>\n<p><span style=\"font-weight: 400;\">Pour r\u00e9sumer en pr\u00e9vention on peut rester actif, faire les choses de fa\u00e7on mesur\u00e9e, progressive, et s\u2019\u00e9couter aussi, il y a des moments o\u00f9 l\u2019on a besoin de se reposer. Ce sont je pense les choses qui sont le mieux pour pr\u00e9venir les douleurs d\u2019\u00e9paule.<\/span><\/p>\n<h2><span style=\"font-weight: 400;\">L\u2019approche chirurgicale des douleurs de l\u2019\u00e9paule \u00e9tait tr\u00e8s en vogue \u00e0 une \u00e9poque, qu\u2019en est-il aujourd&rsquo;hui?<\/span><\/h2>\n<p><span style=\"font-weight: 400;\">Je pense que la chirurgie est moins pratiqu\u00e9e sur la coiffe pour plusieurs raisons.<\/span><\/p>\n<p><span style=\"font-weight: 400;\">La premi\u00e8re raison c\u2019est qu\u2019on a pu montrer que lorsqu\u2019on suivait les gens sur du moyen\/long terme (5 \u00e0 10 ans) que la chirurgie et la kin\u00e9sith\u00e9rapie avaient \u00e0 peu pr\u00e8s les m\u00eames r\u00e9sultats en termes de qualit\u00e9 de vie, en termes de fonction. Il y a encore un cas pour lequel ce n\u2019est pas encore s\u00fbr, les ruptures traumatiques. Si vous avez une rupture traumatique, que vous \u00eates jeune et\/ou sportif, il semblerait que ce soit plut\u00f4t int\u00e9ressant de se faire op\u00e9rer. Mais dans les autres cas, \u00e9tant donn\u00e9 qu\u2019on a les m\u00eames r\u00e9sultats avec la kin\u00e9sith\u00e9rapie la question se pose.<\/span><\/p>\n<p><span style=\"font-weight: 400;\">La deuxi\u00e8me raison, c\u2019est que de plus en plus, les chirurgiens avant d\u2019op\u00e9rer demandent \u00e0 faire de la r\u00e9\u00e9ducation bien conduite. C&rsquo;est-\u00e0-dire avec des exercices actifs durant un certain temps, minimum 3 mois. On se rend compte qu\u2019en faisant \u00e7a, la plupart des patients sont quand m\u00eame am\u00e9lior\u00e9s par la r\u00e9\u00e9ducation.<\/span><\/p>\n<p><span style=\"font-weight: 400;\">Et puis il y a quelques \u00e9tudes assez int\u00e9ressantes, de m\u00e9moire l\u2019\u00e9tude de Bird avec un plac\u00e9bo d\u2019op\u00e9ration. On endort les gens, on leur fait juste deux petites piques sur l\u2019\u00e9paule, puis on les r\u00e9veille. Dans un autre groupe on les op\u00e8re r\u00e9ellement, on r\u00e9alise le geste technique. On se rend compte que les r\u00e9sultats sont \u00e0 peu pr\u00e8s similaires ce qui fait dire \u00e0 certains auteurs que peut-\u00eatre la chirurgie c\u2019est l\u2019ultime placebo.<\/span><\/p>\n<p><span style=\"font-weight: 400;\">Alors \u00e9videmment je suis un kin\u00e9 et donc je vends de la r\u00e9\u00e9ducation, si j\u2019\u00e9tais chirurgien peut-\u00eatre que je citerais d\u2019autres \u00e9tudes.<\/span><\/p>\n<h2><span style=\"font-weight: 400;\">Quels sont les objectifs de la formation: \u00e9paule douloureuse, de la th\u00e9rapie manuelle \u00e0 l\u2019exercice?<\/span><\/h2>\n<p><span style=\"font-weight: 400;\">Alors cette formation que j\u2019organise qui est en fait construite sur 2 jours avec un pr\u00e9-learning et un post-learning a \u00e9videmment plusieurs objectifs.<\/span><\/p>\n<p><span style=\"font-weight: 400;\">Alors le premier objectif, comme toute formation, est de permettre d\u2019acqu\u00e9rir de nouvelles comp\u00e9tences. Que ce soit sur le plan th\u00e9orique et pratique, j\u2019essaie de proposer des mises \u00e0 jour justement des connaissances qui me paraissent primordiales.<\/span><\/p>\n<p><span style=\"font-weight: 400;\">Ensuite j\u2019ai \u00e0 c\u0153ur de faire toucher du doigt qu\u2019il y a en fait 2 grandes fa\u00e7ons de pratiquer en musculo-squelettique. Soit on s\u2019approche sur ce qu\u2019on appelle la modification de sympt\u00f4mes. C&rsquo;est-\u00e0-dire que l\u2019on va prendre un sympt\u00f4me et on va chercher \u00e0 le changer. Soit on est plut\u00f4t dans une approche \u00e9tiologique: on recherche une cause, un diagnostic structurel en g\u00e9n\u00e9ral. Donc ce que j\u2019essaie de faire, c\u2019est de proposer les 2 fa\u00e7ons de voir. Il y a des situations dans lesquelles cela me para\u00eet plus adapt\u00e9 de faire d\u2019une certaine mani\u00e8re et d\u2019autres situations o\u00f9 c\u2019est plus int\u00e9ressant de faire autrement.<\/span><\/p>\n<p><span style=\"font-weight: 400;\">Troisi\u00e8me objectif: \u00eatre capable de construire un plan de traitement \u00e0 partir de recommandations.\u00a0<\/span><\/p>\n<p><span style=\"font-weight: 400;\">Quatri\u00e8me objectif: r\u00e9int\u00e9grer la place du passif. Moi j\u2019adore le passif, parce que \u00e7a fait partie de mes app\u00e9tences. Et je pense que c\u2019est un excellent outil pour permettre aux gens de bouger. Donc souvent j\u2019ai l\u2019habitude de dire le passif comme tremplin \u00e0 l\u2019actif.<\/span><\/p>\n<p><span style=\"font-weight: 400;\">Cinqui\u00e8me objectif, va \u00eatre de se centrer sur la communication dans un objectif d&rsquo;am\u00e9liorer l\u2019alliance th\u00e9rapeutique. Et surtout de permettre aux patients.es d\u2019\u00eatre autonomes. L\u2019autonomisation et l\u2019observance c\u2019est hyper important et je crois que \u00e7a fait partie dans mon top 5 des objectifs. J\u2019aimerais que les kin\u00e9s soient plus \u00e0 l\u2019aise pour \u00e7a et \u00e7a passe par de la communication. Il s\u2019agit donc de d\u00e9velopper des comp\u00e9tences qui ont plus \u00e0 voir avec les sciences humaines et sociales<\/span><\/p>\n<h2><span style=\"font-weight: 400;\">Vous proposez un format unique et tr\u00e8s pratique pouvez-vous nous en dire plus? (e-learning pre\/post formation)<\/span><\/h2>\n<p><span style=\"font-weight: 400;\">C\u2019est vrai que cette formation j\u2019ai essay\u00e9 de la construire en 3 \u00e9tapes. D\u2019abord on a un pre-learning qui dure entre 4 et 5 heures. Je suis en train de le remettre \u00e0 jour en ce moment, donc je ne sais pas la dur\u00e9e finale pour l\u2019instant. Dans cet e-learning on passe en revue la pr\u00e9sentation g\u00e9n\u00e9rale de la formation, l\u2019anatomie, la cin\u00e9siologie, l\u2019\u00e9tude comparative de l\u2019\u00e9paule dans les esp\u00e8ces qui nous ont pr\u00e9c\u00e9d\u00e9es, la physio-pathologie, et sur l\u2019autonomisation et l\u2019observance.<\/span><\/p>\n<p><span style=\"font-weight: 400;\">On a 2 jours de pr\u00e9sentiel dans lesquels j&rsquo;essaie de r\u00e9duire le plus possible la th\u00e9orie. Il y en a un peu car il y a des mises \u00e0 jour qui arrivent r\u00e9guli\u00e8rement et que le pre-learning je ne m\u2019amuse pas \u00e0 le mettre \u00e0 jour tous les 6 mois (tous les 2-3 ans en g\u00e9n\u00e9ral). Et puis une phase pratique durant laquelle le premier jour on fait de l\u2019examen clinique et le second jour les traitements.<\/span><\/p>\n<p><span style=\"font-weight: 400;\">Et enfin la 3\u00e8me \u00e9tape c\u2019est le post-learning de synth\u00e8se. Il reprend vraiment les id\u00e9es fortes de la formation pour permettre de revoir les choses centrales de cette formation.<\/span><\/p>\n<h2><span style=\"font-weight: 400;\">Cette formation est-elle r\u00e9serv\u00e9e aux kin\u00e9s? Comment en profiter?<\/span><\/h2>\n<p><span style=\"font-weight: 400;\">Cette formation n&rsquo;est r\u00e9serv\u00e9e qu\u2019aux kin\u00e9s. C\u2019est vrai que la plupart du temps j\u2019ai des kin\u00e9s, mais j\u2019accepte toutes les professions de sant\u00e9. Donc n\u2019importe quelle profession qui voit des \u00e9paules peut venir me voir: ost\u00e9opathes, kin\u00e9s, chiro, m\u00e9decin \u00e7a peut vous int\u00e9resser. Apr\u00e8s dans les autres m\u00e9tiers je ne sais pas si vous y trouverez votre compte car c\u2019est tr\u00e8s ax\u00e9s musculo-squelettique. Donc c\u2019est ouvert \u00e0 toutes les professions qui touchent de pr\u00e8s ou de loin les probl\u00e8mes d\u2019\u00e9paule. Pour en savoir plus rendez-vous sur la page de la formation <a href=\"https:\/\/www.gem-k.com\/therapie-manuelle-de-l-epaule\" target=\"_blank\" rel=\"noopener\">\u00e9paule douloureuse: de la th\u00e9rapie manuelle \u00e0 l&rsquo;exercice.<\/a><\/span><\/p>\n<p>&nbsp;<\/p>\n<h2><span style=\"font-weight: 400;\">Comment voyez-vous l\u2019\u00e9volution du m\u00e9tier de kin\u00e9sith\u00e9rapeute dans les ann\u00e9es \u00e0 venir?<\/span><\/h2>\n<p><span style=\"font-weight: 400;\">C\u2019est une question int\u00e9ressante de se demander comment on voit l\u2019avenir de la profession. Je pense que nous allons \u00e9voluer vers des sp\u00e9cialisations. J\u2019aimerais bien, peut-\u00eatre que petit \u00e0 petit on va gagner en autonomie. Au moment de cette interview on est en train de voter l\u2019acc\u00e8s direct en assembl\u00e9e nationale, donc je pense que l\u2019on va aller dans le sens d\u2019une augmentation du cadre de fonctionnement en premi\u00e8re intention pour les kin\u00e9sith\u00e9rapeutes. Et je suis assez content de \u00e7a. J\u2019aimerais qu\u2019il y ait des sp\u00e9cialisations qui apparaissent, ou en tout cas qu\u2019il y ait des kin\u00e9s qui puissent \u00eatre valoris\u00e9s pour leur sp\u00e9cialisation. Mais je ne sais pas, c\u2019est vraiment difficile de dire comment cela va \u00e9voluer.\u00a0<\/span><\/p>\n<p><span style=\"font-weight: 400;\">Au moment o\u00f9 je parle on vient d\u2019avoir des n\u00e9gociations conventionnelles qui ne se sont pas bien pass\u00e9es. Donc je n\u2019ai pas tellement id\u00e9e de ce qui va pouvoir arriver dans les prochaines ann\u00e9es. J\u2019aimerais bien qu\u2019on se rapproche du mod\u00e8le Canadien ou du mod\u00e8le Australien, c\u2019est \u00e0 dire plus d\u2019autonomie, des niveaux de dipl\u00f4mes plus hauts et plus de responsabilit\u00e9s. Mais on est peut-\u00eatre qu\u2019une toute petite minorit\u00e9 \u00e0 penser \u00e7a? Comme je vois toujours les m\u00eames types de kin\u00e9s dans mon petit noyau dur de th\u00e9rapeutes qui forment des gens donc je ne sais pas si j\u2019ai une vision tr\u00e8s large et objective de la profession.<\/span><\/p>\n<p><span style=\"font-weight: 400;\">En tout cas mon souhait ce serait que l\u2019on ait beaucoup plus d\u2019autonomie, et qu\u2019on soit aussi valoris\u00e9 pour notre expertise<\/span><\/p>\n<p>&nbsp;<\/p>\n<p>[\/et_pb_text][\/et_pb_column][\/et_pb_row][\/et_pb_section]<\/p>\n","protected":false},"excerpt":{"rendered":"<p>L&rsquo;\u00e9paule douloureuse est un enjeu majeur de sant\u00e9 publique. D\u00e9couvrez ici la formation de Matthieu Loubi\u00e8re pour les kin\u00e9s.<\/p>\n","protected":false},"author":1,"featured_media":1324,"comment_status":"open","ping_status":"open","sticky":false,"template":"","format":"standard","meta":{"_et_pb_use_builder":"on","_et_pb_old_content":"","_et_gb_content_width":"2880","_monsterinsights_skip_tracking":false,"_monsterinsights_sitenote_active":false,"_monsterinsights_sitenote_note":"","_monsterinsights_sitenote_category":0,"_jetpack_memberships_contains_paid_content":false,"footnotes":""},"categories":[4],"tags":[41,36,12,31],"class_list":["post-1322","post","type-post","status-publish","format-standard","has-post-thumbnail","hentry","category-formations","tag-epaule-douloureuse","tag-formation-kine","tag-kinesitherapie","tag-prevention"],"yoast_head":"<!-- This site is optimized with the Yoast SEO plugin v27.4 - https:\/\/yoast.com\/product\/yoast-seo-wordpress\/ -->\n<title>Se former au traitement de l&#039;\u00e9paule douloureuse<\/title>\n<meta name=\"description\" content=\"L&#039;\u00e9paule douloureuse est un enjeu majeur de sant\u00e9 publique. D\u00e9couvrez ici la formation de Matthieu Loubi\u00e8re pour les kin\u00e9s.\" \/>\n<meta name=\"robots\" content=\"index, follow, max-snippet:-1, max-image-preview:large, max-video-preview:-1\" \/>\n<link rel=\"canonical\" href=\"https:\/\/kineoweb.fr\/kineoblog\/epaule-douloureuse\/\" \/>\n<meta property=\"og:locale\" content=\"fr_FR\" \/>\n<meta property=\"og:type\" content=\"article\" \/>\n<meta property=\"og:title\" content=\"Se former au traitement de l&#039;\u00e9paule douloureuse\" \/>\n<meta property=\"og:description\" content=\"L&#039;\u00e9paule douloureuse est un enjeu majeur de sant\u00e9 publique. D\u00e9couvrez ici la formation de Matthieu Loubi\u00e8re pour les kin\u00e9s.\" \/>\n<meta property=\"og:url\" content=\"https:\/\/kineoweb.fr\/kineoblog\/epaule-douloureuse\/\" \/>\n<meta property=\"og:site_name\" content=\"Kin\u00e9Oblog\" \/>\n<meta property=\"article:publisher\" content=\"https:\/\/www.facebook.com\/Kin%c3%a9Oweb-1551479311825491\/?ref=aymt_homepage_panel\" \/>\n<meta property=\"article:published_time\" content=\"2023-02-14T08:10:57+00:00\" \/>\n<meta property=\"article:modified_time\" content=\"2023-02-14T16:38:24+00:00\" \/>\n<meta property=\"og:image\" content=\"https:\/\/kineoweb.fr\/kineoblog\/wp-content\/uploads\/sites\/2\/2023\/02\/epaule-douloureuse-post.png\" \/>\n\t<meta property=\"og:image:width\" content=\"1080\" \/>\n\t<meta property=\"og:image:height\" content=\"1080\" \/>\n\t<meta property=\"og:image:type\" content=\"image\/png\" \/>\n<meta name=\"author\" content=\"kineoweb\" \/>\n<meta name=\"twitter:card\" content=\"summary_large_image\" \/>\n<meta name=\"twitter:label1\" content=\"\u00c9crit par\" \/>\n\t<meta name=\"twitter:data1\" content=\"kineoweb\" \/>\n\t<meta name=\"twitter:label2\" content=\"Dur\u00e9e de lecture estim\u00e9e\" \/>\n\t<meta name=\"twitter:data2\" content=\"10 minutes\" \/>\n<script type=\"application\/ld+json\" class=\"yoast-schema-graph\">{\"@context\":\"https:\\\/\\\/schema.org\",\"@graph\":[{\"@type\":\"Article\",\"@id\":\"https:\\\/\\\/kineoweb.fr\\\/kineoblog\\\/epaule-douloureuse\\\/#article\",\"isPartOf\":{\"@id\":\"https:\\\/\\\/kineoweb.fr\\\/kineoblog\\\/epaule-douloureuse\\\/\"},\"author\":{\"name\":\"kineoweb\",\"@id\":\"https:\\\/\\\/kineoweb.fr\\\/kineoblog\\\/#\\\/schema\\\/person\\\/276328f3f20d571a6313a40a82bab4ea\"},\"headline\":\"Se former au traitement de l\u2019\u00e9paule douloureuse avec Matthieu Loubi\u00e8re\",\"datePublished\":\"2023-02-14T08:10:57+00:00\",\"dateModified\":\"2023-02-14T16:38:24+00:00\",\"mainEntityOfPage\":{\"@id\":\"https:\\\/\\\/kineoweb.fr\\\/kineoblog\\\/epaule-douloureuse\\\/\"},\"wordCount\":2349,\"commentCount\":0,\"image\":{\"@id\":\"https:\\\/\\\/kineoweb.fr\\\/kineoblog\\\/epaule-douloureuse\\\/#primaryimage\"},\"thumbnailUrl\":\"https:\\\/\\\/i0.wp.com\\\/kineoweb.fr\\\/kineoblog\\\/wp-content\\\/uploads\\\/sites\\\/2\\\/2023\\\/02\\\/epaule-douloureuse-post.png?fit=1080%2C1080&ssl=1\",\"keywords\":[\"\u00e9paule douloureuse\",\"Formation kin\u00e9\",\"kin\u00e9sith\u00e9rapie\",\"Pr\u00e9vention\"],\"articleSection\":[\"Formations\"],\"inLanguage\":\"fr-FR\",\"potentialAction\":[{\"@type\":\"CommentAction\",\"name\":\"Comment\",\"target\":[\"https:\\\/\\\/kineoweb.fr\\\/kineoblog\\\/epaule-douloureuse\\\/#respond\"]}]},{\"@type\":\"WebPage\",\"@id\":\"https:\\\/\\\/kineoweb.fr\\\/kineoblog\\\/epaule-douloureuse\\\/\",\"url\":\"https:\\\/\\\/kineoweb.fr\\\/kineoblog\\\/epaule-douloureuse\\\/\",\"name\":\"Se former au traitement de l'\u00e9paule douloureuse\",\"isPartOf\":{\"@id\":\"https:\\\/\\\/kineoweb.fr\\\/kineoblog\\\/#website\"},\"primaryImageOfPage\":{\"@id\":\"https:\\\/\\\/kineoweb.fr\\\/kineoblog\\\/epaule-douloureuse\\\/#primaryimage\"},\"image\":{\"@id\":\"https:\\\/\\\/kineoweb.fr\\\/kineoblog\\\/epaule-douloureuse\\\/#primaryimage\"},\"thumbnailUrl\":\"https:\\\/\\\/i0.wp.com\\\/kineoweb.fr\\\/kineoblog\\\/wp-content\\\/uploads\\\/sites\\\/2\\\/2023\\\/02\\\/epaule-douloureuse-post.png?fit=1080%2C1080&ssl=1\",\"datePublished\":\"2023-02-14T08:10:57+00:00\",\"dateModified\":\"2023-02-14T16:38:24+00:00\",\"author\":{\"@id\":\"https:\\\/\\\/kineoweb.fr\\\/kineoblog\\\/#\\\/schema\\\/person\\\/276328f3f20d571a6313a40a82bab4ea\"},\"description\":\"L'\u00e9paule douloureuse est un enjeu majeur de sant\u00e9 publique. D\u00e9couvrez ici la formation de Matthieu Loubi\u00e8re pour les kin\u00e9s.\",\"breadcrumb\":{\"@id\":\"https:\\\/\\\/kineoweb.fr\\\/kineoblog\\\/epaule-douloureuse\\\/#breadcrumb\"},\"inLanguage\":\"fr-FR\",\"potentialAction\":[{\"@type\":\"ReadAction\",\"target\":[\"https:\\\/\\\/kineoweb.fr\\\/kineoblog\\\/epaule-douloureuse\\\/\"]}]},{\"@type\":\"ImageObject\",\"inLanguage\":\"fr-FR\",\"@id\":\"https:\\\/\\\/kineoweb.fr\\\/kineoblog\\\/epaule-douloureuse\\\/#primaryimage\",\"url\":\"https:\\\/\\\/i0.wp.com\\\/kineoweb.fr\\\/kineoblog\\\/wp-content\\\/uploads\\\/sites\\\/2\\\/2023\\\/02\\\/epaule-douloureuse-post.png?fit=1080%2C1080&ssl=1\",\"contentUrl\":\"https:\\\/\\\/i0.wp.com\\\/kineoweb.fr\\\/kineoblog\\\/wp-content\\\/uploads\\\/sites\\\/2\\\/2023\\\/02\\\/epaule-douloureuse-post.png?fit=1080%2C1080&ssl=1\",\"width\":1080,\"height\":1080,\"caption\":\"formation \u00e9paule douloureuse\"},{\"@type\":\"BreadcrumbList\",\"@id\":\"https:\\\/\\\/kineoweb.fr\\\/kineoblog\\\/epaule-douloureuse\\\/#breadcrumb\",\"itemListElement\":[{\"@type\":\"ListItem\",\"position\":1,\"name\":\"Accueil\",\"item\":\"https:\\\/\\\/kineoweb.fr\\\/kineoblog\\\/\"},{\"@type\":\"ListItem\",\"position\":2,\"name\":\"Se former au traitement de l\u2019\u00e9paule douloureuse avec Matthieu Loubi\u00e8re\"}]},{\"@type\":\"WebSite\",\"@id\":\"https:\\\/\\\/kineoweb.fr\\\/kineoblog\\\/#website\",\"url\":\"https:\\\/\\\/kineoweb.fr\\\/kineoblog\\\/\",\"name\":\"Kin\u00e9Oblog\",\"description\":\"Conseils et informations pour les Kin\u00e9s et Ost\u00e9os\",\"potentialAction\":[{\"@type\":\"SearchAction\",\"target\":{\"@type\":\"EntryPoint\",\"urlTemplate\":\"https:\\\/\\\/kineoweb.fr\\\/kineoblog\\\/?s={search_term_string}\"},\"query-input\":{\"@type\":\"PropertyValueSpecification\",\"valueRequired\":true,\"valueName\":\"search_term_string\"}}],\"inLanguage\":\"fr-FR\"},{\"@type\":\"Person\",\"@id\":\"https:\\\/\\\/kineoweb.fr\\\/kineoblog\\\/#\\\/schema\\\/person\\\/276328f3f20d571a6313a40a82bab4ea\",\"name\":\"kineoweb\",\"image\":{\"@type\":\"ImageObject\",\"inLanguage\":\"fr-FR\",\"@id\":\"https:\\\/\\\/secure.gravatar.com\\\/avatar\\\/63966abb47ac008849350af90453384a20b61d9f1b4cc0fc20b34cdd2c666586?s=96&d=mm&r=g\",\"url\":\"https:\\\/\\\/secure.gravatar.com\\\/avatar\\\/63966abb47ac008849350af90453384a20b61d9f1b4cc0fc20b34cdd2c666586?s=96&d=mm&r=g\",\"contentUrl\":\"https:\\\/\\\/secure.gravatar.com\\\/avatar\\\/63966abb47ac008849350af90453384a20b61d9f1b4cc0fc20b34cdd2c666586?s=96&d=mm&r=g\",\"caption\":\"kineoweb\"},\"url\":\"https:\\\/\\\/kineoweb.fr\\\/kineoblog\\\/author\\\/kineoweb\\\/\"}]}<\/script>\n<!-- \/ Yoast SEO plugin. -->","yoast_head_json":{"title":"Se former au traitement de l'\u00e9paule douloureuse","description":"L'\u00e9paule douloureuse est un enjeu majeur de sant\u00e9 publique. D\u00e9couvrez ici la formation de Matthieu Loubi\u00e8re pour les kin\u00e9s.","robots":{"index":"index","follow":"follow","max-snippet":"max-snippet:-1","max-image-preview":"max-image-preview:large","max-video-preview":"max-video-preview:-1"},"canonical":"https:\/\/kineoweb.fr\/kineoblog\/epaule-douloureuse\/","og_locale":"fr_FR","og_type":"article","og_title":"Se former au traitement de l'\u00e9paule douloureuse","og_description":"L'\u00e9paule douloureuse est un enjeu majeur de sant\u00e9 publique. D\u00e9couvrez ici la formation de Matthieu Loubi\u00e8re pour les kin\u00e9s.","og_url":"https:\/\/kineoweb.fr\/kineoblog\/epaule-douloureuse\/","og_site_name":"Kin\u00e9Oblog","article_publisher":"https:\/\/www.facebook.com\/Kin%c3%a9Oweb-1551479311825491\/?ref=aymt_homepage_panel","article_published_time":"2023-02-14T08:10:57+00:00","article_modified_time":"2023-02-14T16:38:24+00:00","og_image":[{"width":1080,"height":1080,"url":"https:\/\/kineoweb.fr\/kineoblog\/wp-content\/uploads\/sites\/2\/2023\/02\/epaule-douloureuse-post.png","type":"image\/png"}],"author":"kineoweb","twitter_card":"summary_large_image","twitter_misc":{"\u00c9crit par":"kineoweb","Dur\u00e9e de lecture estim\u00e9e":"10 minutes"},"schema":{"@context":"https:\/\/schema.org","@graph":[{"@type":"Article","@id":"https:\/\/kineoweb.fr\/kineoblog\/epaule-douloureuse\/#article","isPartOf":{"@id":"https:\/\/kineoweb.fr\/kineoblog\/epaule-douloureuse\/"},"author":{"name":"kineoweb","@id":"https:\/\/kineoweb.fr\/kineoblog\/#\/schema\/person\/276328f3f20d571a6313a40a82bab4ea"},"headline":"Se former au traitement de l\u2019\u00e9paule douloureuse avec Matthieu Loubi\u00e8re","datePublished":"2023-02-14T08:10:57+00:00","dateModified":"2023-02-14T16:38:24+00:00","mainEntityOfPage":{"@id":"https:\/\/kineoweb.fr\/kineoblog\/epaule-douloureuse\/"},"wordCount":2349,"commentCount":0,"image":{"@id":"https:\/\/kineoweb.fr\/kineoblog\/epaule-douloureuse\/#primaryimage"},"thumbnailUrl":"https:\/\/i0.wp.com\/kineoweb.fr\/kineoblog\/wp-content\/uploads\/sites\/2\/2023\/02\/epaule-douloureuse-post.png?fit=1080%2C1080&ssl=1","keywords":["\u00e9paule douloureuse","Formation kin\u00e9","kin\u00e9sith\u00e9rapie","Pr\u00e9vention"],"articleSection":["Formations"],"inLanguage":"fr-FR","potentialAction":[{"@type":"CommentAction","name":"Comment","target":["https:\/\/kineoweb.fr\/kineoblog\/epaule-douloureuse\/#respond"]}]},{"@type":"WebPage","@id":"https:\/\/kineoweb.fr\/kineoblog\/epaule-douloureuse\/","url":"https:\/\/kineoweb.fr\/kineoblog\/epaule-douloureuse\/","name":"Se former au traitement de l'\u00e9paule douloureuse","isPartOf":{"@id":"https:\/\/kineoweb.fr\/kineoblog\/#website"},"primaryImageOfPage":{"@id":"https:\/\/kineoweb.fr\/kineoblog\/epaule-douloureuse\/#primaryimage"},"image":{"@id":"https:\/\/kineoweb.fr\/kineoblog\/epaule-douloureuse\/#primaryimage"},"thumbnailUrl":"https:\/\/i0.wp.com\/kineoweb.fr\/kineoblog\/wp-content\/uploads\/sites\/2\/2023\/02\/epaule-douloureuse-post.png?fit=1080%2C1080&ssl=1","datePublished":"2023-02-14T08:10:57+00:00","dateModified":"2023-02-14T16:38:24+00:00","author":{"@id":"https:\/\/kineoweb.fr\/kineoblog\/#\/schema\/person\/276328f3f20d571a6313a40a82bab4ea"},"description":"L'\u00e9paule douloureuse est un enjeu majeur de sant\u00e9 publique. D\u00e9couvrez ici la formation de Matthieu Loubi\u00e8re pour les kin\u00e9s.","breadcrumb":{"@id":"https:\/\/kineoweb.fr\/kineoblog\/epaule-douloureuse\/#breadcrumb"},"inLanguage":"fr-FR","potentialAction":[{"@type":"ReadAction","target":["https:\/\/kineoweb.fr\/kineoblog\/epaule-douloureuse\/"]}]},{"@type":"ImageObject","inLanguage":"fr-FR","@id":"https:\/\/kineoweb.fr\/kineoblog\/epaule-douloureuse\/#primaryimage","url":"https:\/\/i0.wp.com\/kineoweb.fr\/kineoblog\/wp-content\/uploads\/sites\/2\/2023\/02\/epaule-douloureuse-post.png?fit=1080%2C1080&ssl=1","contentUrl":"https:\/\/i0.wp.com\/kineoweb.fr\/kineoblog\/wp-content\/uploads\/sites\/2\/2023\/02\/epaule-douloureuse-post.png?fit=1080%2C1080&ssl=1","width":1080,"height":1080,"caption":"formation \u00e9paule douloureuse"},{"@type":"BreadcrumbList","@id":"https:\/\/kineoweb.fr\/kineoblog\/epaule-douloureuse\/#breadcrumb","itemListElement":[{"@type":"ListItem","position":1,"name":"Accueil","item":"https:\/\/kineoweb.fr\/kineoblog\/"},{"@type":"ListItem","position":2,"name":"Se former au traitement de l\u2019\u00e9paule douloureuse avec Matthieu Loubi\u00e8re"}]},{"@type":"WebSite","@id":"https:\/\/kineoweb.fr\/kineoblog\/#website","url":"https:\/\/kineoweb.fr\/kineoblog\/","name":"Kin\u00e9Oblog","description":"Conseils et informations pour les Kin\u00e9s et Ost\u00e9os","potentialAction":[{"@type":"SearchAction","target":{"@type":"EntryPoint","urlTemplate":"https:\/\/kineoweb.fr\/kineoblog\/?s={search_term_string}"},"query-input":{"@type":"PropertyValueSpecification","valueRequired":true,"valueName":"search_term_string"}}],"inLanguage":"fr-FR"},{"@type":"Person","@id":"https:\/\/kineoweb.fr\/kineoblog\/#\/schema\/person\/276328f3f20d571a6313a40a82bab4ea","name":"kineoweb","image":{"@type":"ImageObject","inLanguage":"fr-FR","@id":"https:\/\/secure.gravatar.com\/avatar\/63966abb47ac008849350af90453384a20b61d9f1b4cc0fc20b34cdd2c666586?s=96&d=mm&r=g","url":"https:\/\/secure.gravatar.com\/avatar\/63966abb47ac008849350af90453384a20b61d9f1b4cc0fc20b34cdd2c666586?s=96&d=mm&r=g","contentUrl":"https:\/\/secure.gravatar.com\/avatar\/63966abb47ac008849350af90453384a20b61d9f1b4cc0fc20b34cdd2c666586?s=96&d=mm&r=g","caption":"kineoweb"},"url":"https:\/\/kineoweb.fr\/kineoblog\/author\/kineoweb\/"}]}},"jetpack_featured_media_url":"https:\/\/i0.wp.com\/kineoweb.fr\/kineoblog\/wp-content\/uploads\/sites\/2\/2023\/02\/epaule-douloureuse-post.png?fit=1080%2C1080&ssl=1","jetpack_sharing_enabled":true,"_links":{"self":[{"href":"https:\/\/kineoweb.fr\/kineoblog\/wp-json\/wp\/v2\/posts\/1322","targetHints":{"allow":["GET"]}}],"collection":[{"href":"https:\/\/kineoweb.fr\/kineoblog\/wp-json\/wp\/v2\/posts"}],"about":[{"href":"https:\/\/kineoweb.fr\/kineoblog\/wp-json\/wp\/v2\/types\/post"}],"author":[{"embeddable":true,"href":"https:\/\/kineoweb.fr\/kineoblog\/wp-json\/wp\/v2\/users\/1"}],"replies":[{"embeddable":true,"href":"https:\/\/kineoweb.fr\/kineoblog\/wp-json\/wp\/v2\/comments?post=1322"}],"version-history":[{"count":7,"href":"https:\/\/kineoweb.fr\/kineoblog\/wp-json\/wp\/v2\/posts\/1322\/revisions"}],"predecessor-version":[{"id":1335,"href":"https:\/\/kineoweb.fr\/kineoblog\/wp-json\/wp\/v2\/posts\/1322\/revisions\/1335"}],"wp:featuredmedia":[{"embeddable":true,"href":"https:\/\/kineoweb.fr\/kineoblog\/wp-json\/wp\/v2\/media\/1324"}],"wp:attachment":[{"href":"https:\/\/kineoweb.fr\/kineoblog\/wp-json\/wp\/v2\/media?parent=1322"}],"wp:term":[{"taxonomy":"category","embeddable":true,"href":"https:\/\/kineoweb.fr\/kineoblog\/wp-json\/wp\/v2\/categories?post=1322"},{"taxonomy":"post_tag","embeddable":true,"href":"https:\/\/kineoweb.fr\/kineoblog\/wp-json\/wp\/v2\/tags?post=1322"}],"curies":[{"name":"wp","href":"https:\/\/api.w.org\/{rel}","templated":true}]}}