{"id":1309,"date":"2023-02-07T08:18:20","date_gmt":"2023-02-07T07:18:20","guid":{"rendered":"https:\/\/kineoweb.fr\/kineoblog\/?p=1309"},"modified":"2023-02-07T08:45:00","modified_gmt":"2023-02-07T07:45:00","slug":"reeducation-neuro-motrice-de-lenfant","status":"publish","type":"post","link":"https:\/\/kineoweb.fr\/kineoblog\/reeducation-neuro-motrice-de-lenfant\/","title":{"rendered":"R\u00e9\u00e9ducation neuro-motrice de l&rsquo;enfant ordinaire et extraordinaire"},"content":{"rendered":"<p>[et_pb_section fb_built=\u00a0\u00bb1&Prime; _builder_version=\u00a0\u00bb4.19.0&Prime; _module_preset=\u00a0\u00bbdefault\u00a0\u00bb custom_padding=\u00a0\u00bb1px|||||\u00a0\u00bb global_colors_info=\u00a0\u00bb{}\u00a0\u00bb][et_pb_row _builder_version=\u00a0\u00bb4.19.0&Prime; _module_preset=\u00a0\u00bbdefault\u00a0\u00bb global_colors_info=\u00a0\u00bb{}\u00a0\u00bb][et_pb_column type=\u00a0\u00bb4_4&Prime; _builder_version=\u00a0\u00bb4.19.0&Prime; _module_preset=\u00a0\u00bbdefault\u00a0\u00bb global_colors_info=\u00a0\u00bb{}\u00a0\u00bb][et_pb_image src=\u00a0\u00bbhttps:\/\/kineoweb.fr\/kineoblog\/wp-content\/uploads\/sites\/2\/2023\/02\/reeducation-neuro-motrice-de-l-enfant-BLOG.png\u00a0\u00bb alt=\u00a0\u00bbr\u00e9\u00e9ducation neuro-motrice de l&rsquo;enfant\u00a0\u00bb title_text=\u00a0\u00bbreeducation neuro motrice de l enfant BLOG\u00a0\u00bb align=\u00a0\u00bbcenter\u00a0\u00bb _builder_version=\u00a0\u00bb4.19.5&Prime; _module_preset=\u00a0\u00bbdefault\u00a0\u00bb global_colors_info=\u00a0\u00bb{}\u00a0\u00bb][\/et_pb_image][\/et_pb_column][\/et_pb_row][et_pb_row _builder_version=\u00a0\u00bb4.19.0&Prime; _module_preset=\u00a0\u00bbdefault\u00a0\u00bb global_colors_info=\u00a0\u00bb{}\u00a0\u00bb][et_pb_column type=\u00a0\u00bb4_4&Prime; _builder_version=\u00a0\u00bb4.19.0&Prime; _module_preset=\u00a0\u00bbdefault\u00a0\u00bb global_colors_info=\u00a0\u00bb{}\u00a0\u00bb][et_pb_text _builder_version=\u00a0\u00bb4.19.2&Prime; _module_preset=\u00a0\u00bbdefault\u00a0\u00bb header_font=\u00a0\u00bbAlata|||on|||||\u00a0\u00bb header_text_color=\u00a0\u00bb#ff4e62&Prime; header_line_height=\u00a0\u00bb1.4em\u00a0\u00bb global_colors_info=\u00a0\u00bb{}\u00a0\u00bb]<\/p>\n<h1><span style=\"font-weight: 400;\">d\u00e9COUVREZ LA formation R\u00e9\u00e9ducation neuro-motrice de l\u2019enfant ordinaire et extraordinaire de la naissance \u00e0 la marche<\/span><\/h1>\n<p>[\/et_pb_text][\/et_pb_column][\/et_pb_row][\/et_pb_section][et_pb_section fb_built=\u00a0\u00bb1&Prime; admin_label=\u00a0\u00bbsection\u00a0\u00bb _builder_version=\u00a0\u00bb4.16&Prime; custom_padding=\u00a0\u00bb0px|||||\u00a0\u00bb global_colors_info=\u00a0\u00bb{}\u00a0\u00bb][et_pb_row admin_label=\u00a0\u00bbrow\u00a0\u00bb _builder_version=\u00a0\u00bb4.16&Prime; background_size=\u00a0\u00bbinitial\u00a0\u00bb background_position=\u00a0\u00bbtop_left\u00a0\u00bb background_repeat=\u00a0\u00bbrepeat\u00a0\u00bb global_colors_info=\u00a0\u00bb{}\u00a0\u00bb][et_pb_column type=\u00a0\u00bb4_4&Prime; _builder_version=\u00a0\u00bb4.16&Prime; custom_padding=\u00a0\u00bb|||\u00a0\u00bb global_colors_info=\u00a0\u00bb{}\u00a0\u00bb custom_padding__hover=\u00a0\u00bb|||\u00a0\u00bb][et_pb_text admin_label=\u00a0\u00bbTexte\u00a0\u00bb _builder_version=\u00a0\u00bb4.19.5&Prime; text_font_size=\u00a0\u00bb15px\u00a0\u00bb header_2_font=\u00a0\u00bbAlata||||||||\u00a0\u00bb header_2_text_color=\u00a0\u00bb#21214c\u00a0\u00bb header_2_line_height=\u00a0\u00bb1.4em\u00a0\u00bb background_size=\u00a0\u00bbinitial\u00a0\u00bb background_position=\u00a0\u00bbtop_left\u00a0\u00bb background_repeat=\u00a0\u00bbrepeat\u00a0\u00bb hover_enabled=\u00a0\u00bb0&Prime; use_border_color=\u00a0\u00bboff\u00a0\u00bb border_color=\u00a0\u00bb#ffffff\u00a0\u00bb border_style=\u00a0\u00bbsolid\u00a0\u00bb global_colors_info=\u00a0\u00bb{}\u00a0\u00bb sticky_enabled=\u00a0\u00bb0&Prime;]<\/p>\n<p>&nbsp;<\/p>\n<p><span style=\"font-weight: 400;\">L\u2019un des principes de la <strong>r\u00e9\u00e9ducation neuro-motrice de l\u2019enfant<\/strong> est que chaque \u00e9tape du d\u00e9veloppement doit se faire dans un ordre bien d\u00e9fini, pour amener naturellement l\u2019enfant \u00e0 \u00e9voluer vers un d\u00e9veloppement moteur \u00ab harmonieux \u00bb.<\/span><\/p>\n<p><span style=\"font-weight: 400;\">Au cours de ses s\u00e9ances de r\u00e9\u00e9ducation, le kin\u00e9sith\u00e9rapeute agit principalement sur le tonus musculaire du b\u00e9b\u00e9. Gr\u00e2ce \u00e0 une gestuelle pr\u00e9cise et des exercices ludiques, le b\u00e9b\u00e9 va renforcer son tonus musculaire. Dans d\u2019autres cas, le kin\u00e9sith\u00e9rapeute va limiter une activit\u00e9 musculaire trop importante ou d\u00e9construire des sch\u00e9mas, influenc\u00e9s par les r\u00e9flexes archa\u00efques.<\/span><\/p>\n<p><span style=\"font-weight: 400;\">Ainsi, le kin\u00e9sith\u00e9rapeute va aider l\u2019enfant \u00e0 franchir chaque \u00e9tape motrice, c\u2019est ce que nous appelons la motricit\u00e9 accompagn\u00e9e. Passer par chaque \u00e9tape est essentielle au bon d\u00e9veloppement de l\u2019enfant, chacune \u00e9tant une pr\u00e9paration \u00e0 la suivante.<\/span><\/p>\n<p><span style=\"font-weight: 400;\">C\u2019est un plaisir d\u2019accueillir aujourd\u2019hui Tatjana Buffet-Wendelstadt, kin\u00e9sith\u00e9rapeute D.E depuis plus de 30 ans sp\u00e9cialis\u00e9e dans la prise en charge des enfants pr\u00e9sentant des troubles du d\u00e9veloppement moteur. Nous d\u00e9couvrirons son parcours et la formation qu\u2019elle propose au sein de l\u2019organisme de formation<\/span><a href=\"https:\/\/pediaevolution-formation.fr\/\" target=\"_blank\" rel=\"noopener\"> <span style=\"font-weight: 400;\">Pedia Evolution<\/span><\/a><span style=\"font-weight: 400;\">: \u00ab<strong> R\u00e9\u00e9ducation neuro-motrice de l\u2019enfant ordinaire et extraordinaire de la naissance \u00e0 la marche<\/strong>. \u00bb<\/span><\/p>\n<p>&nbsp;<\/p>\n<h2><span style=\"font-weight: 400;\">Pouvez-vous vous pr\u00e9senter et nous dire ce qui vous a amen\u00e9 \u00e0 vous former \u00e0 la r\u00e9\u00e9ducation neuro-motrice de l\u2019enfant?<\/span><\/h2>\n<p><span style=\"font-weight: 400;\">Je suis Tatjana Buffet-Wendelstadt sp\u00e9cialis\u00e9e en p\u00e9diatrie dans la <strong>r\u00e9\u00e9ducation neuromotrice de l\u2019enfant<\/strong> et dans la prise en charge des d\u00e9formations cr\u00e2niennes et troubles alimentaires p\u00e9diatriques (TPA).\u00a0 Apr\u00e8s l\u2019obtention de mon dipl\u00f4me de kin\u00e9sith\u00e9rapeute en 1988 et ma formation bobath Allemagne, je me suis install\u00e9e en lib\u00e9ral. J\u2019exerce aujourd\u2019hui mon activit\u00e9 au sein du \u00ab cabinet Pas \u00e0 Pas \u00bb situ\u00e9 \u00e0 Baillargues dans la r\u00e9gion de Montpellier en collaboration avec d\u2019autres professionnels de sant\u00e9 (ost\u00e9opathes, orthophoniste, chirurgien dentiste)<\/span><\/p>\n<p><span style=\"font-weight: 400;\">C\u2019est lors d\u2019un stage de fin d\u2019\u00e9tude en Allemagne que j\u2019ai d\u00e9couvert la p\u00e9diatrie et le principe de \u00ab motricit\u00e9 libre \u00bb largement r\u00e9pandu en Allemagne. J\u2019ai pris beaucoup de plaisir \u00e0 travailler au contact des plus petits, \u00e0 comprendre le fonctionnement et la sp\u00e9cificit\u00e9 de l\u2019enfant. Cela repr\u00e9sente\u00a0 une vraie satisfaction d\u2019obtenir rapidement des r\u00e9sultats efficaces et durables.<\/span><\/p>\n<p><span style=\"font-weight: 400;\">C\u2019est donc tout naturellement que je me suis sp\u00e9cialis\u00e9e dans ce domaine.<\/span><\/p>\n<h2><span style=\"font-weight: 400;\">Comment s\u2019int\u00e8gre la prise en charge neuro-motrice de l\u2019enfant par le kin\u00e9sith\u00e9rapeute dans le parcours de soin?<\/span><\/h2>\n<p><span style=\"font-weight: 400;\">C\u2019est d\u2019abord les parents ou l\u2019\u00e9quipe m\u00e9dicale qui constatent que l\u2019enfant a des difficult\u00e9s au quotidien ou un retard av\u00e9r\u00e9 dans son d\u00e9veloppement moteur (l\u2019enfant ne se retourne pas, il ne s\u2019assoit pas\u2026).<\/span><\/p>\n<p><span style=\"font-weight: 400;\">Le motif de la consultation initiale peut aussi \u00eatre li\u00e9 \u00e0 une symptomatologie bien sp\u00e9cifique de type plagio\/brachyc\u00e9phalie ou trouble de l\u2019oralit\u00e9 qui peut elle-m\u00eame \u00eatre associ\u00e9e \u00e0 un trouble du d\u00e9veloppement moteur. En travaillant sur la motricit\u00e9 globale, on parvient bien souvent \u00e0 corriger le trouble li\u00e9 au motif de consultation initial.<\/span><\/p>\n<h2><span style=\"font-weight: 400;\">La r\u00e9\u00e9ducation neuromotrice de l\u2019enfant ne concerne-t-elle que les enfants avec des pathologies? Quels sont les b\u00e9n\u00e9fices pour les enfants ordinaires?<\/span><\/h2>\n<p><span style=\"font-weight: 400;\">La <strong>r\u00e9\u00e9ducation neuromotrice<\/strong> est l\u2019affaire de tous, enfant \u00ab extraordinaire \u00bb pr\u00e9sentant une maladie g\u00e9n\u00e9tique ou neurologique ou enfant \u00ab ordinaire \u00bb avec un \u2018simple\u2019 retard du d\u00e9veloppement, la mise en place d\u2019une r\u00e9\u00e9ducation s\u2019av\u00e8re indispensable pour obtenir un d\u00e9veloppement moteur \u00ab harmonieux \u00bb.<\/span><\/p>\n<p><span style=\"font-weight: 400;\">On sait aujourd\u2019hui que le d\u00e9veloppement moteur de l\u2019enfant constitue la base du bien-\u00eatre corporel, essentiel aux futurs apprentissages acad\u00e9miques.<\/span><\/p>\n<h2><span style=\"font-weight: 400;\">Quels sont les objectifs de la formation? Avec quelles comp\u00e9tences le kin\u00e9s repart-il?<\/span><\/h2>\n<p><b>Cette formation<\/b><span style=\"font-weight: 400;\"> essentiellement pratique permet de d\u00e9velopper une <strong>expertise dans la r\u00e9\u00e9ducation neuromotrice du b\u00e9b\u00e9 et de l\u2019enfant<\/strong> :<\/span><\/p>\n<ul>\n<li><span style=\"font-weight: 400;\"><\/span><span style=\"font-weight: 400;\"> \u00a0 \u00a0 \u00a0 <\/span><span style=\"font-weight: 400;\">Ma\u00eetriser le d\u00e9veloppement moteur de l\u2019enfant de la naissance \u00e0 la marche<\/span><\/li>\n<li><span style=\"font-weight: 400;\"><\/span><span style=\"font-weight: 400;\"> \u00a0 \u00a0 \u00a0 <\/span><span style=\"font-weight: 400;\">Identifier les troubles du d\u00e9veloppement associ\u00e9s<\/span><\/li>\n<li><span style=\"font-weight: 400;\"><\/span><span style=\"font-weight: 400;\"> \u00a0 \u00a0 \u00a0 <\/span><span style=\"font-weight: 400;\">Am\u00e9liorer la pratique gr\u00e2ce \u00e0 des s\u00e9ances sur nouveau-n\u00e9 et enfant<\/span><\/li>\n<li><span style=\"font-weight: 400;\"><\/span><span style=\"font-weight: 400;\"> \u00a0 \u00a0 \u00a0 <\/span><span style=\"font-weight: 400;\">Savoir comment guider les parents et l\u2019entourage de l\u2019enfant<\/span><\/li>\n<\/ul>\n<p><span style=\"font-weight: 400;\">Le futur stagiaire d\u00e9veloppe sa facult\u00e9 d\u2019adaptation et son esprit d\u2019analyse pour \u00e9tablir un bilan et construire sp\u00e9cifiquement une prise en charge adapt\u00e9e \u00e0 l\u2019enfant.<\/span><\/p>\n<p><span style=\"font-weight: 400;\">\u00a0<\/span><\/p>\n<h2><span style=\"font-weight: 400;\">La formation est-elle uniquement r\u00e9serv\u00e9e aux Kin\u00e9s? Comment faire pour en profiter?<\/span><\/h2>\n<p><span style=\"font-weight: 400;\">Cette formation cible principalement les kin\u00e9sith\u00e9rapeutes D.E souhaitant aller plus loin dans leur prise en charge ou se <strong>sp\u00e9cialiser en p\u00e9diatrie<\/strong>.<\/span><\/p>\n<p><span style=\"font-weight: 400;\">Cependant, elle est aussi ouverte \u00e0 d\u2019autres professionnels de sant\u00e9, tels que les chiropracteurs qui peuvent s&rsquo;ils le souhaitent int\u00e9grer cette formation.<\/span><\/p>\n<p><span style=\"font-weight: 400;\">Pour s&rsquo;inscrire, rien de plus facile, sur notre site internet \u00ab <\/span><a href=\"https:\/\/pediaevolution-formation.fr\/project\/reeducation-neuro-motrice-de-lenfant-ordinaire-et-extraordinaire-de-la-naissance-a-la-marche\/\" target=\"_blank\" rel=\"noopener\"><span style=\"font-weight: 400;\">Pedia Evolution<\/span><\/a><span style=\"font-weight: 400;\"> \u00bb, remplissez et soumettez le formulaire d\u2019inscription sur la page de votre formation. Un membre de l\u2019\u00e9quipe vous r\u00e9pondra et vous fera parvenir les documents n\u00e9cessaires \u00e0 votre inscription.<\/span><\/p>\n<p><span style=\"font-weight: 400;\">Cette formation est aussi \u00e9ligible \u00e0 une prise en charge DPC\/FIF PL selon crit\u00e8res.<\/span><\/p>\n<h2><span style=\"font-weight: 400;\">Comment voyez-vous l\u2019\u00e9volution du m\u00e9tier de kin\u00e9sith\u00e9rapeute lib\u00e9ral dans les ann\u00e9es \u00e0 venir?<\/span><\/h2>\n<p><span style=\"font-weight: 400;\">Les kin\u00e9sith\u00e9rapeutes ont aujourd\u2019hui conscience de la difficult\u00e9 et des sp\u00e9cificit\u00e9s de la <strong>prise en charge p\u00e9diatrique<\/strong> (c\u2019est aussi vrai dans d\u2019autres domaines tel que la maxilo-faciale\u2026).<\/span><\/p>\n<p><span style=\"font-weight: 400;\">\u00a0Les parents ont aussi des attentes et se tournent plus facilement vers les professionnels \u00e0 l\u2019\u00e9coute de leur enfant.<\/span><\/p>\n<p><span style=\"font-weight: 400;\">Ils ont eux aussi conscience de l\u2019importance de mettre en place, parfois d\u00e8s la naissance, une r\u00e9\u00e9ducation adapt\u00e9e et des enjeux pour les acquisitions futures de leur enfant.<\/span><\/p>\n<p><span style=\"font-weight: 400;\">Les kin\u00e9sith\u00e9rapeutes et l\u2019\u00e9quipe soignante en g\u00e9n\u00e9ral, doivent pouvoir r\u00e9pondre \u00e0 ses attentes.<\/span><\/p>\n<p><span style=\"font-weight: 400;\">Avec l\u2019\u00e9quipe de Pedia Evolution nous y voyons l\u00e0 un r\u00e9el besoin de d\u00e9velopper des comp\u00e9tences autour de la prise en charge p\u00e9diatrique et des enjeux de formation pour y r\u00e9pondre.<\/span><\/p>\n<p>&nbsp;<\/p>\n<p>[\/et_pb_text][\/et_pb_column][\/et_pb_row][\/et_pb_section]<\/p>\n","protected":false},"excerpt":{"rendered":"<p>La r\u00e9\u00e9ducation neuro-motrice de l\u2019enfant s\u2019appuie sur les principes de la \u00ab motricit\u00e9 libre \u00bb. D\u00e9couvrez ici une interview passionnante.<\/p>\n","protected":false},"author":1,"featured_media":1312,"comment_status":"open","ping_status":"open","sticky":false,"template":"","format":"standard","meta":{"_et_pb_use_builder":"on","_et_pb_old_content":"","_et_gb_content_width":"2880","_monsterinsights_skip_tracking":false,"_monsterinsights_sitenote_active":false,"_monsterinsights_sitenote_note":"","_monsterinsights_sitenote_category":0,"_jetpack_memberships_contains_paid_content":false,"footnotes":""},"categories":[4],"tags":[38,12,39,40],"class_list":["post-1309","post","type-post","status-publish","format-standard","has-post-thumbnail","hentry","category-formations","tag-formation","tag-kinesitherapie","tag-neuro-motricite","tag-pediatrie"],"yoast_head":"<!-- This site is optimized with the Yoast SEO plugin v27.4 - https:\/\/yoast.com\/product\/yoast-seo-wordpress\/ -->\n<title>R\u00e9\u00e9ducation neuro-motrice de l&#039;enfant ordinaire et extraordinaire<\/title>\n<meta name=\"description\" content=\"La r\u00e9\u00e9ducation neuro-motrice de l\u2019enfant s\u2019appuie sur les principes de la \u00ab motricit\u00e9 libre \u00bb. D\u00e9couvrez ici une interview passionnante.\" \/>\n<meta name=\"robots\" content=\"index, follow, max-snippet:-1, max-image-preview:large, max-video-preview:-1\" \/>\n<link rel=\"canonical\" href=\"https:\/\/kineoweb.fr\/kineoblog\/reeducation-neuro-motrice-de-lenfant\/\" \/>\n<meta property=\"og:locale\" content=\"fr_FR\" \/>\n<meta property=\"og:type\" content=\"article\" \/>\n<meta property=\"og:title\" content=\"R\u00e9\u00e9ducation neuro-motrice de l&#039;enfant ordinaire et extraordinaire\" \/>\n<meta property=\"og:description\" content=\"La r\u00e9\u00e9ducation neuro-motrice de l\u2019enfant s\u2019appuie sur les principes de la \u00ab motricit\u00e9 libre \u00bb. D\u00e9couvrez ici une interview passionnante.\" \/>\n<meta property=\"og:url\" content=\"https:\/\/kineoweb.fr\/kineoblog\/reeducation-neuro-motrice-de-lenfant\/\" \/>\n<meta property=\"og:site_name\" content=\"Kin\u00e9Oblog\" \/>\n<meta property=\"article:publisher\" content=\"https:\/\/www.facebook.com\/Kin%c3%a9Oweb-1551479311825491\/?ref=aymt_homepage_panel\" \/>\n<meta property=\"article:published_time\" content=\"2023-02-07T07:18:20+00:00\" \/>\n<meta property=\"article:modified_time\" content=\"2023-02-07T07:45:00+00:00\" \/>\n<meta property=\"og:image\" content=\"https:\/\/kineoweb.fr\/kineoblog\/wp-content\/uploads\/sites\/2\/2023\/02\/reeducation-neuro-motrice-de-l-enfant-BLOG.png\" \/>\n\t<meta property=\"og:image:width\" content=\"1280\" \/>\n\t<meta property=\"og:image:height\" content=\"720\" \/>\n\t<meta property=\"og:image:type\" content=\"image\/png\" \/>\n<meta name=\"author\" content=\"kineoweb\" \/>\n<meta name=\"twitter:card\" content=\"summary_large_image\" \/>\n<meta name=\"twitter:label1\" content=\"\u00c9crit par\" \/>\n\t<meta name=\"twitter:data1\" content=\"kineoweb\" \/>\n\t<meta name=\"twitter:label2\" content=\"Dur\u00e9e de lecture estim\u00e9e\" \/>\n\t<meta name=\"twitter:data2\" content=\"5 minutes\" \/>\n<script type=\"application\/ld+json\" class=\"yoast-schema-graph\">{\"@context\":\"https:\\\/\\\/schema.org\",\"@graph\":[{\"@type\":\"Article\",\"@id\":\"https:\\\/\\\/kineoweb.fr\\\/kineoblog\\\/reeducation-neuro-motrice-de-lenfant\\\/#article\",\"isPartOf\":{\"@id\":\"https:\\\/\\\/kineoweb.fr\\\/kineoblog\\\/reeducation-neuro-motrice-de-lenfant\\\/\"},\"author\":{\"name\":\"kineoweb\",\"@id\":\"https:\\\/\\\/kineoweb.fr\\\/kineoblog\\\/#\\\/schema\\\/person\\\/276328f3f20d571a6313a40a82bab4ea\"},\"headline\":\"R\u00e9\u00e9ducation neuro-motrice de l&rsquo;enfant ordinaire et extraordinaire\",\"datePublished\":\"2023-02-07T07:18:20+00:00\",\"dateModified\":\"2023-02-07T07:45:00+00:00\",\"mainEntityOfPage\":{\"@id\":\"https:\\\/\\\/kineoweb.fr\\\/kineoblog\\\/reeducation-neuro-motrice-de-lenfant\\\/\"},\"wordCount\":1327,\"commentCount\":0,\"image\":{\"@id\":\"https:\\\/\\\/kineoweb.fr\\\/kineoblog\\\/reeducation-neuro-motrice-de-lenfant\\\/#primaryimage\"},\"thumbnailUrl\":\"https:\\\/\\\/i0.wp.com\\\/kineoweb.fr\\\/kineoblog\\\/wp-content\\\/uploads\\\/sites\\\/2\\\/2023\\\/02\\\/reeducation-neuro-motrice-de-l-enfant-BLOG.png?fit=1280%2C720&ssl=1\",\"keywords\":[\"formation\",\"kin\u00e9sith\u00e9rapie\",\"neuro-motricit\u00e9\",\"p\u00e9diatrie\"],\"articleSection\":[\"Formations\"],\"inLanguage\":\"fr-FR\",\"potentialAction\":[{\"@type\":\"CommentAction\",\"name\":\"Comment\",\"target\":[\"https:\\\/\\\/kineoweb.fr\\\/kineoblog\\\/reeducation-neuro-motrice-de-lenfant\\\/#respond\"]}]},{\"@type\":\"WebPage\",\"@id\":\"https:\\\/\\\/kineoweb.fr\\\/kineoblog\\\/reeducation-neuro-motrice-de-lenfant\\\/\",\"url\":\"https:\\\/\\\/kineoweb.fr\\\/kineoblog\\\/reeducation-neuro-motrice-de-lenfant\\\/\",\"name\":\"R\u00e9\u00e9ducation neuro-motrice de l'enfant ordinaire et extraordinaire\",\"isPartOf\":{\"@id\":\"https:\\\/\\\/kineoweb.fr\\\/kineoblog\\\/#website\"},\"primaryImageOfPage\":{\"@id\":\"https:\\\/\\\/kineoweb.fr\\\/kineoblog\\\/reeducation-neuro-motrice-de-lenfant\\\/#primaryimage\"},\"image\":{\"@id\":\"https:\\\/\\\/kineoweb.fr\\\/kineoblog\\\/reeducation-neuro-motrice-de-lenfant\\\/#primaryimage\"},\"thumbnailUrl\":\"https:\\\/\\\/i0.wp.com\\\/kineoweb.fr\\\/kineoblog\\\/wp-content\\\/uploads\\\/sites\\\/2\\\/2023\\\/02\\\/reeducation-neuro-motrice-de-l-enfant-BLOG.png?fit=1280%2C720&ssl=1\",\"datePublished\":\"2023-02-07T07:18:20+00:00\",\"dateModified\":\"2023-02-07T07:45:00+00:00\",\"author\":{\"@id\":\"https:\\\/\\\/kineoweb.fr\\\/kineoblog\\\/#\\\/schema\\\/person\\\/276328f3f20d571a6313a40a82bab4ea\"},\"description\":\"La r\u00e9\u00e9ducation neuro-motrice de l\u2019enfant s\u2019appuie sur les principes de la \u00ab motricit\u00e9 libre \u00bb. D\u00e9couvrez ici une interview passionnante.\",\"breadcrumb\":{\"@id\":\"https:\\\/\\\/kineoweb.fr\\\/kineoblog\\\/reeducation-neuro-motrice-de-lenfant\\\/#breadcrumb\"},\"inLanguage\":\"fr-FR\",\"potentialAction\":[{\"@type\":\"ReadAction\",\"target\":[\"https:\\\/\\\/kineoweb.fr\\\/kineoblog\\\/reeducation-neuro-motrice-de-lenfant\\\/\"]}]},{\"@type\":\"ImageObject\",\"inLanguage\":\"fr-FR\",\"@id\":\"https:\\\/\\\/kineoweb.fr\\\/kineoblog\\\/reeducation-neuro-motrice-de-lenfant\\\/#primaryimage\",\"url\":\"https:\\\/\\\/i0.wp.com\\\/kineoweb.fr\\\/kineoblog\\\/wp-content\\\/uploads\\\/sites\\\/2\\\/2023\\\/02\\\/reeducation-neuro-motrice-de-l-enfant-BLOG.png?fit=1280%2C720&ssl=1\",\"contentUrl\":\"https:\\\/\\\/i0.wp.com\\\/kineoweb.fr\\\/kineoblog\\\/wp-content\\\/uploads\\\/sites\\\/2\\\/2023\\\/02\\\/reeducation-neuro-motrice-de-l-enfant-BLOG.png?fit=1280%2C720&ssl=1\",\"width\":1280,\"height\":720,\"caption\":\"r\u00e9\u00e9ducation neuro-motrice de l'enfant\"},{\"@type\":\"BreadcrumbList\",\"@id\":\"https:\\\/\\\/kineoweb.fr\\\/kineoblog\\\/reeducation-neuro-motrice-de-lenfant\\\/#breadcrumb\",\"itemListElement\":[{\"@type\":\"ListItem\",\"position\":1,\"name\":\"Accueil\",\"item\":\"https:\\\/\\\/kineoweb.fr\\\/kineoblog\\\/\"},{\"@type\":\"ListItem\",\"position\":2,\"name\":\"R\u00e9\u00e9ducation neuro-motrice de l&rsquo;enfant ordinaire et extraordinaire\"}]},{\"@type\":\"WebSite\",\"@id\":\"https:\\\/\\\/kineoweb.fr\\\/kineoblog\\\/#website\",\"url\":\"https:\\\/\\\/kineoweb.fr\\\/kineoblog\\\/\",\"name\":\"Kin\u00e9Oblog\",\"description\":\"Conseils et informations pour les Kin\u00e9s et Ost\u00e9os\",\"potentialAction\":[{\"@type\":\"SearchAction\",\"target\":{\"@type\":\"EntryPoint\",\"urlTemplate\":\"https:\\\/\\\/kineoweb.fr\\\/kineoblog\\\/?s={search_term_string}\"},\"query-input\":{\"@type\":\"PropertyValueSpecification\",\"valueRequired\":true,\"valueName\":\"search_term_string\"}}],\"inLanguage\":\"fr-FR\"},{\"@type\":\"Person\",\"@id\":\"https:\\\/\\\/kineoweb.fr\\\/kineoblog\\\/#\\\/schema\\\/person\\\/276328f3f20d571a6313a40a82bab4ea\",\"name\":\"kineoweb\",\"image\":{\"@type\":\"ImageObject\",\"inLanguage\":\"fr-FR\",\"@id\":\"https:\\\/\\\/secure.gravatar.com\\\/avatar\\\/63966abb47ac008849350af90453384a20b61d9f1b4cc0fc20b34cdd2c666586?s=96&d=mm&r=g\",\"url\":\"https:\\\/\\\/secure.gravatar.com\\\/avatar\\\/63966abb47ac008849350af90453384a20b61d9f1b4cc0fc20b34cdd2c666586?s=96&d=mm&r=g\",\"contentUrl\":\"https:\\\/\\\/secure.gravatar.com\\\/avatar\\\/63966abb47ac008849350af90453384a20b61d9f1b4cc0fc20b34cdd2c666586?s=96&d=mm&r=g\",\"caption\":\"kineoweb\"},\"url\":\"https:\\\/\\\/kineoweb.fr\\\/kineoblog\\\/author\\\/kineoweb\\\/\"}]}<\/script>\n<!-- \/ Yoast SEO plugin. -->","yoast_head_json":{"title":"R\u00e9\u00e9ducation neuro-motrice de l'enfant ordinaire et extraordinaire","description":"La r\u00e9\u00e9ducation neuro-motrice de l\u2019enfant s\u2019appuie sur les principes de la \u00ab motricit\u00e9 libre \u00bb. D\u00e9couvrez ici une interview passionnante.","robots":{"index":"index","follow":"follow","max-snippet":"max-snippet:-1","max-image-preview":"max-image-preview:large","max-video-preview":"max-video-preview:-1"},"canonical":"https:\/\/kineoweb.fr\/kineoblog\/reeducation-neuro-motrice-de-lenfant\/","og_locale":"fr_FR","og_type":"article","og_title":"R\u00e9\u00e9ducation neuro-motrice de l'enfant ordinaire et extraordinaire","og_description":"La r\u00e9\u00e9ducation neuro-motrice de l\u2019enfant s\u2019appuie sur les principes de la \u00ab motricit\u00e9 libre \u00bb. D\u00e9couvrez ici une interview passionnante.","og_url":"https:\/\/kineoweb.fr\/kineoblog\/reeducation-neuro-motrice-de-lenfant\/","og_site_name":"Kin\u00e9Oblog","article_publisher":"https:\/\/www.facebook.com\/Kin%c3%a9Oweb-1551479311825491\/?ref=aymt_homepage_panel","article_published_time":"2023-02-07T07:18:20+00:00","article_modified_time":"2023-02-07T07:45:00+00:00","og_image":[{"width":1280,"height":720,"url":"https:\/\/kineoweb.fr\/kineoblog\/wp-content\/uploads\/sites\/2\/2023\/02\/reeducation-neuro-motrice-de-l-enfant-BLOG.png","type":"image\/png"}],"author":"kineoweb","twitter_card":"summary_large_image","twitter_misc":{"\u00c9crit par":"kineoweb","Dur\u00e9e de lecture estim\u00e9e":"5 minutes"},"schema":{"@context":"https:\/\/schema.org","@graph":[{"@type":"Article","@id":"https:\/\/kineoweb.fr\/kineoblog\/reeducation-neuro-motrice-de-lenfant\/#article","isPartOf":{"@id":"https:\/\/kineoweb.fr\/kineoblog\/reeducation-neuro-motrice-de-lenfant\/"},"author":{"name":"kineoweb","@id":"https:\/\/kineoweb.fr\/kineoblog\/#\/schema\/person\/276328f3f20d571a6313a40a82bab4ea"},"headline":"R\u00e9\u00e9ducation neuro-motrice de l&rsquo;enfant ordinaire et extraordinaire","datePublished":"2023-02-07T07:18:20+00:00","dateModified":"2023-02-07T07:45:00+00:00","mainEntityOfPage":{"@id":"https:\/\/kineoweb.fr\/kineoblog\/reeducation-neuro-motrice-de-lenfant\/"},"wordCount":1327,"commentCount":0,"image":{"@id":"https:\/\/kineoweb.fr\/kineoblog\/reeducation-neuro-motrice-de-lenfant\/#primaryimage"},"thumbnailUrl":"https:\/\/i0.wp.com\/kineoweb.fr\/kineoblog\/wp-content\/uploads\/sites\/2\/2023\/02\/reeducation-neuro-motrice-de-l-enfant-BLOG.png?fit=1280%2C720&ssl=1","keywords":["formation","kin\u00e9sith\u00e9rapie","neuro-motricit\u00e9","p\u00e9diatrie"],"articleSection":["Formations"],"inLanguage":"fr-FR","potentialAction":[{"@type":"CommentAction","name":"Comment","target":["https:\/\/kineoweb.fr\/kineoblog\/reeducation-neuro-motrice-de-lenfant\/#respond"]}]},{"@type":"WebPage","@id":"https:\/\/kineoweb.fr\/kineoblog\/reeducation-neuro-motrice-de-lenfant\/","url":"https:\/\/kineoweb.fr\/kineoblog\/reeducation-neuro-motrice-de-lenfant\/","name":"R\u00e9\u00e9ducation neuro-motrice de l'enfant ordinaire et extraordinaire","isPartOf":{"@id":"https:\/\/kineoweb.fr\/kineoblog\/#website"},"primaryImageOfPage":{"@id":"https:\/\/kineoweb.fr\/kineoblog\/reeducation-neuro-motrice-de-lenfant\/#primaryimage"},"image":{"@id":"https:\/\/kineoweb.fr\/kineoblog\/reeducation-neuro-motrice-de-lenfant\/#primaryimage"},"thumbnailUrl":"https:\/\/i0.wp.com\/kineoweb.fr\/kineoblog\/wp-content\/uploads\/sites\/2\/2023\/02\/reeducation-neuro-motrice-de-l-enfant-BLOG.png?fit=1280%2C720&ssl=1","datePublished":"2023-02-07T07:18:20+00:00","dateModified":"2023-02-07T07:45:00+00:00","author":{"@id":"https:\/\/kineoweb.fr\/kineoblog\/#\/schema\/person\/276328f3f20d571a6313a40a82bab4ea"},"description":"La r\u00e9\u00e9ducation neuro-motrice de l\u2019enfant s\u2019appuie sur les principes de la \u00ab motricit\u00e9 libre \u00bb. D\u00e9couvrez ici une interview passionnante.","breadcrumb":{"@id":"https:\/\/kineoweb.fr\/kineoblog\/reeducation-neuro-motrice-de-lenfant\/#breadcrumb"},"inLanguage":"fr-FR","potentialAction":[{"@type":"ReadAction","target":["https:\/\/kineoweb.fr\/kineoblog\/reeducation-neuro-motrice-de-lenfant\/"]}]},{"@type":"ImageObject","inLanguage":"fr-FR","@id":"https:\/\/kineoweb.fr\/kineoblog\/reeducation-neuro-motrice-de-lenfant\/#primaryimage","url":"https:\/\/i0.wp.com\/kineoweb.fr\/kineoblog\/wp-content\/uploads\/sites\/2\/2023\/02\/reeducation-neuro-motrice-de-l-enfant-BLOG.png?fit=1280%2C720&ssl=1","contentUrl":"https:\/\/i0.wp.com\/kineoweb.fr\/kineoblog\/wp-content\/uploads\/sites\/2\/2023\/02\/reeducation-neuro-motrice-de-l-enfant-BLOG.png?fit=1280%2C720&ssl=1","width":1280,"height":720,"caption":"r\u00e9\u00e9ducation neuro-motrice de l'enfant"},{"@type":"BreadcrumbList","@id":"https:\/\/kineoweb.fr\/kineoblog\/reeducation-neuro-motrice-de-lenfant\/#breadcrumb","itemListElement":[{"@type":"ListItem","position":1,"name":"Accueil","item":"https:\/\/kineoweb.fr\/kineoblog\/"},{"@type":"ListItem","position":2,"name":"R\u00e9\u00e9ducation neuro-motrice de l&rsquo;enfant ordinaire et extraordinaire"}]},{"@type":"WebSite","@id":"https:\/\/kineoweb.fr\/kineoblog\/#website","url":"https:\/\/kineoweb.fr\/kineoblog\/","name":"Kin\u00e9Oblog","description":"Conseils et informations pour les Kin\u00e9s et Ost\u00e9os","potentialAction":[{"@type":"SearchAction","target":{"@type":"EntryPoint","urlTemplate":"https:\/\/kineoweb.fr\/kineoblog\/?s={search_term_string}"},"query-input":{"@type":"PropertyValueSpecification","valueRequired":true,"valueName":"search_term_string"}}],"inLanguage":"fr-FR"},{"@type":"Person","@id":"https:\/\/kineoweb.fr\/kineoblog\/#\/schema\/person\/276328f3f20d571a6313a40a82bab4ea","name":"kineoweb","image":{"@type":"ImageObject","inLanguage":"fr-FR","@id":"https:\/\/secure.gravatar.com\/avatar\/63966abb47ac008849350af90453384a20b61d9f1b4cc0fc20b34cdd2c666586?s=96&d=mm&r=g","url":"https:\/\/secure.gravatar.com\/avatar\/63966abb47ac008849350af90453384a20b61d9f1b4cc0fc20b34cdd2c666586?s=96&d=mm&r=g","contentUrl":"https:\/\/secure.gravatar.com\/avatar\/63966abb47ac008849350af90453384a20b61d9f1b4cc0fc20b34cdd2c666586?s=96&d=mm&r=g","caption":"kineoweb"},"url":"https:\/\/kineoweb.fr\/kineoblog\/author\/kineoweb\/"}]}},"jetpack_featured_media_url":"https:\/\/i0.wp.com\/kineoweb.fr\/kineoblog\/wp-content\/uploads\/sites\/2\/2023\/02\/reeducation-neuro-motrice-de-l-enfant-BLOG.png?fit=1280%2C720&ssl=1","jetpack_sharing_enabled":true,"_links":{"self":[{"href":"https:\/\/kineoweb.fr\/kineoblog\/wp-json\/wp\/v2\/posts\/1309","targetHints":{"allow":["GET"]}}],"collection":[{"href":"https:\/\/kineoweb.fr\/kineoblog\/wp-json\/wp\/v2\/posts"}],"about":[{"href":"https:\/\/kineoweb.fr\/kineoblog\/wp-json\/wp\/v2\/types\/post"}],"author":[{"embeddable":true,"href":"https:\/\/kineoweb.fr\/kineoblog\/wp-json\/wp\/v2\/users\/1"}],"replies":[{"embeddable":true,"href":"https:\/\/kineoweb.fr\/kineoblog\/wp-json\/wp\/v2\/comments?post=1309"}],"version-history":[{"count":4,"href":"https:\/\/kineoweb.fr\/kineoblog\/wp-json\/wp\/v2\/posts\/1309\/revisions"}],"predecessor-version":[{"id":1319,"href":"https:\/\/kineoweb.fr\/kineoblog\/wp-json\/wp\/v2\/posts\/1309\/revisions\/1319"}],"wp:featuredmedia":[{"embeddable":true,"href":"https:\/\/kineoweb.fr\/kineoblog\/wp-json\/wp\/v2\/media\/1312"}],"wp:attachment":[{"href":"https:\/\/kineoweb.fr\/kineoblog\/wp-json\/wp\/v2\/media?parent=1309"}],"wp:term":[{"taxonomy":"category","embeddable":true,"href":"https:\/\/kineoweb.fr\/kineoblog\/wp-json\/wp\/v2\/categories?post=1309"},{"taxonomy":"post_tag","embeddable":true,"href":"https:\/\/kineoweb.fr\/kineoblog\/wp-json\/wp\/v2\/tags?post=1309"}],"curies":[{"name":"wp","href":"https:\/\/api.w.org\/{rel}","templated":true}]}}