{"id":1281,"date":"2023-01-10T10:35:45","date_gmt":"2023-01-10T09:35:45","guid":{"rendered":"https:\/\/kineoweb.fr\/kineoblog\/?p=1281"},"modified":"2023-01-11T18:49:26","modified_gmt":"2023-01-11T17:49:26","slug":"la-minute-peps","status":"publish","type":"post","link":"https:\/\/kineoweb.fr\/kineoblog\/la-minute-peps\/","title":{"rendered":"La Minute PEP&rsquo;S: Pr\u00e9vention des TMS en entreprise"},"content":{"rendered":"<p>[et_pb_section fb_built=\u00a0\u00bb1&Prime; _builder_version=\u00a0\u00bb4.19.0&Prime; _module_preset=\u00a0\u00bbdefault\u00a0\u00bb custom_padding=\u00a0\u00bb1px|||||\u00a0\u00bb global_colors_info=\u00a0\u00bb{}\u00a0\u00bb][et_pb_row _builder_version=\u00a0\u00bb4.19.0&Prime; _module_preset=\u00a0\u00bbdefault\u00a0\u00bb global_colors_info=\u00a0\u00bb{}\u00a0\u00bb][et_pb_column type=\u00a0\u00bb4_4&Prime; _builder_version=\u00a0\u00bb4.19.0&Prime; _module_preset=\u00a0\u00bbdefault\u00a0\u00bb global_colors_info=\u00a0\u00bb{}\u00a0\u00bb][et_pb_image src=\u00a0\u00bbhttps:\/\/kineoweb.fr\/kineoblog\/wp-content\/uploads\/sites\/2\/2023\/01\/la-minute-peps-blog.png\u00a0\u00bb alt=\u00a0\u00bbLa Minute PEP&rsquo;S\u00a0\u00bb title_text=\u00a0\u00bbla minute peps blog\u00a0\u00bb align=\u00a0\u00bbcenter\u00a0\u00bb _builder_version=\u00a0\u00bb4.19.4&Prime; _module_preset=\u00a0\u00bbdefault\u00a0\u00bb global_colors_info=\u00a0\u00bb{}\u00a0\u00bb][\/et_pb_image][\/et_pb_column][\/et_pb_row][et_pb_row _builder_version=\u00a0\u00bb4.19.0&Prime; _module_preset=\u00a0\u00bbdefault\u00a0\u00bb global_colors_info=\u00a0\u00bb{}\u00a0\u00bb][et_pb_column type=\u00a0\u00bb4_4&Prime; _builder_version=\u00a0\u00bb4.19.0&Prime; _module_preset=\u00a0\u00bbdefault\u00a0\u00bb global_colors_info=\u00a0\u00bb{}\u00a0\u00bb][et_pb_text _builder_version=\u00a0\u00bb4.19.2&Prime; _module_preset=\u00a0\u00bbdefault\u00a0\u00bb header_font=\u00a0\u00bbAlata|||on|||||\u00a0\u00bb header_text_color=\u00a0\u00bb#ff4e62&Prime; header_line_height=\u00a0\u00bb1.4em\u00a0\u00bb global_colors_info=\u00a0\u00bb{}\u00a0\u00bb]<\/p>\n<h1 style=\"text-align: center;\">LA MINUTE MINUTE PEP&rsquo;S: PREVENTION DES TMS EN ENTREPRISE<\/h1>\n<p>[\/et_pb_text][\/et_pb_column][\/et_pb_row][\/et_pb_section][et_pb_section fb_built=\u00a0\u00bb1&Prime; admin_label=\u00a0\u00bbsection\u00a0\u00bb _builder_version=\u00a0\u00bb4.16&Prime; custom_padding=\u00a0\u00bb0px|||||\u00a0\u00bb global_colors_info=\u00a0\u00bb{}\u00a0\u00bb][et_pb_row admin_label=\u00a0\u00bbrow\u00a0\u00bb _builder_version=\u00a0\u00bb4.16&Prime; background_size=\u00a0\u00bbinitial\u00a0\u00bb background_position=\u00a0\u00bbtop_left\u00a0\u00bb background_repeat=\u00a0\u00bbrepeat\u00a0\u00bb global_colors_info=\u00a0\u00bb{}\u00a0\u00bb][et_pb_column type=\u00a0\u00bb4_4&Prime; _builder_version=\u00a0\u00bb4.16&Prime; custom_padding=\u00a0\u00bb|||\u00a0\u00bb global_colors_info=\u00a0\u00bb{}\u00a0\u00bb custom_padding__hover=\u00a0\u00bb|||\u00a0\u00bb][et_pb_text admin_label=\u00a0\u00bbTexte\u00a0\u00bb _builder_version=\u00a0\u00bb4.19.4&Prime; text_font_size=\u00a0\u00bb15px\u00a0\u00bb header_2_font=\u00a0\u00bbAlata||||||||\u00a0\u00bb header_2_text_color=\u00a0\u00bb#21214c\u00a0\u00bb header_2_line_height=\u00a0\u00bb1.4em\u00a0\u00bb background_size=\u00a0\u00bbinitial\u00a0\u00bb background_position=\u00a0\u00bbtop_left\u00a0\u00bb background_repeat=\u00a0\u00bbrepeat\u00a0\u00bb use_border_color=\u00a0\u00bboff\u00a0\u00bb border_color=\u00a0\u00bb#ffffff\u00a0\u00bb border_style=\u00a0\u00bbsolid\u00a0\u00bb global_colors_info=\u00a0\u00bb{}\u00a0\u00bb]<\/p>\n<p><span style=\"font-weight: 400;\">Pour se faire une id\u00e9e de l&rsquo;enjeu auquel fait face <strong>La Minute PEP&rsquo;S<\/strong> rappelons quelques chiffres. En 2021, les <strong>troubles musculosquelettiques<\/strong> (TMS) repr\u00e9sentaient<\/span><a href=\"https:\/\/assurance-maladie.ameli.fr\/qui-sommes-nous\/publications-reference\/assurance-maladie-risques-professionnels\/rapports-annuels\" target=\"_blank\" rel=\"noopener\"> <span style=\"font-weight: 400;\">88% des maladies professionnelles<\/span><\/a><span style=\"font-weight: 400;\"> et 30% des arr\u00eats de travail.\u00a0 Parmi les TMS le poignet avec le <a href=\"https:\/\/kineoweb.fr\/kineoblog\/syndrome-du-canal-carpien-3-astuces-pour-sen-prevenir\/\" target=\"_blank\" rel=\"noopener\">syndrome du canal carpien<\/a>, et l&rsquo;\u00e9paule sont les plus concern\u00e9s, suivi de pr\u00e8s du bas du dos. C\u2019est donc \u00e0 la fois un sujet de sant\u00e9 publique majeur et un immense d\u00e9fi \u00e9conomique pour les entreprises et l\u2019\u00c9tat.<\/span><\/p>\n<p><span style=\"font-weight: 400;\">D\u2019un c\u00f4t\u00e9, pour les<strong> personnes qui souffrent de TMS<\/strong>, la douleur physique a \u00e9galement un effet psychologique majeur. De l\u2019autre c\u00f4t\u00e9, pour les entreprises c\u2019est un<\/span> <span style=\"font-weight: 400;\">co\u00fbt financier mais \u00e9galement humain important, car pour \u00eatre performante, l\u2019entreprise (publique ou priv\u00e9e) a besoin d\u2019hommes et de femmes qualifi\u00e9s et surtout en bonne sant\u00e9.<\/span><\/p>\n<p><span style=\"font-weight: 400;\">C\u2019est dans ce contexte que na\u00eet en 2017 le concept de<\/span><a href=\"https:\/\/www.laminutepeps.com\/\" target=\"_blank\" rel=\"noopener\"><span style=\"font-weight: 400;\"> La Minute PEP\u2019S<\/span><\/a><span style=\"font-weight: 400;\">, port\u00e9 par Anne-H\u00e9l\u00e8ne Goualou, que nous aurons grand plaisir \u00e0 lire dans cet article-interview.<\/span><\/p>\n<p><span style=\"font-weight: 400;\">\u00a0<\/span><\/p>\n<h2><span style=\"font-weight: 400;\">Pouvez-vous vous pr\u00e9senter et nous dire comment est n\u00e9e La Minute PEP\u2019S ?<\/span><\/h2>\n<p><span style=\"font-weight: 400;\">\u00a0<\/span><span style=\"font-weight: 400;\">La <strong>Minute PEP\u2019S<\/strong>, pour un <strong>Personnel En Pleine Sant\u00e9<\/strong>, est n\u00e9e \u00e0 la suite d\u2019un d\u00e9sistement d\u2019un patient ! <\/span><span style=\"font-weight: 400;\">Pendant ce cr\u00e9neau libre, une infirmi\u00e8re du travail, V\u00e9ronique Dubois du groupe SWM \u2013 Mativ, se pr\u00e9sente \u00e0 moi. <\/span><span style=\"font-weight: 400;\">Elle savait que je pratiquais la <strong>m\u00e9thode McKenzie<\/strong> et voulais mettre en place ce type de programme au sein de son entreprise. <\/span><span style=\"font-weight: 400;\">L\u2019objectif \u00e9tait de rendre les salari\u00e9s acteurs de leur sant\u00e9.<\/span><\/p>\n<p><span style=\"font-weight: 400;\">Pour moi, c\u2019\u00e9tait une \u00e9vidence et un v\u00e9ritable honneur ! <\/span><span style=\"font-weight: 400;\">J\u2019ai saut\u00e9 \u00e0 pieds joints dans l\u2019aventure, cr\u00e9ant avec elle une collaboration unique.<\/span><\/p>\n<p><span style=\"font-weight: 400;\">Par la suite, nous avons diffus\u00e9 la d\u00e9marche au sein des autres sites du groupe. <\/span><span style=\"font-weight: 400;\">Il est devenu rapidement \u00e9vident pour moi de prendre contact avec des kin\u00e9sith\u00e9rapeutes ayant suivi le m\u00eame cursus professionnel. <\/span><span style=\"font-weight: 400;\">Je voulais leur transmettre le concept que j\u2019avais d\u00e9velopp\u00e9.<\/span><\/p>\n<p><span style=\"font-weight: 400;\">Un ph\u00e9nom\u00e8ne de bouche-\u00e0-oreille s\u2019est alors lanc\u00e9. <\/span><span style=\"font-weight: 400;\">De nouvelles entreprises m\u2019ont ensuite contact\u00e9e afin de mettre en place ce projet innovant. <\/span><span style=\"font-weight: 400;\">J\u2019ai continu\u00e9 \u00e0 diffuser la d\u00e9marche aupr\u00e8s d\u2019autres confr\u00e8res, donnant naissance \u00e0 une \u00e9quipe de kin\u00e9sith\u00e9rapeutes motiv\u00e9s sur tout le territoire national.<\/span><\/p>\n<p><span style=\"font-weight: 400;\">\u00a0<\/span><\/p>\n<h2><span style=\"font-weight: 400;\">La minute PEP\u2019S cible la pr\u00e9vention des TMS en entreprise, on pourrait penser que ce sont principalement les employ\u00e9s amen\u00e9s \u00e0 porter des charges qui sont concern\u00e9s. Quelles sont les entreprises que cela peut int\u00e9resser particuli\u00e8rement ?<\/span><\/h2>\n<p><span style=\"font-weight: 400;\">Vraiment toutes !<\/span><\/p>\n<p><span style=\"font-weight: 400;\">\u00c0 partir du moment o\u00f9 nous partageons cette vision de la <strong>pr\u00e9vention<\/strong> et qu\u2019il y a une volont\u00e9 de la part des collaborateurs, toutes les entreprises peuvent adh\u00e9rer \u00e0 ce concept. <\/span><span style=\"font-weight: 400;\">De nombreuses solutions collectives ont \u00e9t\u00e9 apport\u00e9es pour favoriser le bien-\u00eatre au travail, comme : l\u2019adaptation des postes de travail, l\u2019ergonomie, le mat\u00e9riel de manutention, et la prise en compte des contraintes organisationnelles et des risques PsychoSociaux.<\/span><\/p>\n<p><span style=\"font-weight: 400;\">Mais elles atteignent certaines limites : l\u2019id\u00e9e est d\u2019aller au-del\u00e0.<\/span><\/p>\n<p><span style=\"font-weight: 400;\">Lorsque tout cela a \u00e9t\u00e9 mis en place, c\u2019est \u00e0 nous, kin\u00e9sith\u00e9rapeutes, d\u2019apporter notre expertise pour permettre \u00e0 l\u2019Homme de s\u2019adapter au travail afin de rendre la pr\u00e9vention plus optimale. <\/span><span style=\"font-weight: 400;\">Une <strong>pr\u00e9vention personnalis\u00e9e<\/strong> va ainsi r\u00e9pondre aux probl\u00e9matiques individuelles, permettant \u00e0 chacun de devenir expert de son corps. <\/span><span style=\"font-weight: 400;\">C\u2019est une demande forte des collaborateurs. <\/span><span style=\"font-weight: 400;\">En effet, ils souhaitent acc\u00e9der \u00e0 des conseils correspondant \u00e0 leurs ant\u00e9c\u00e9dents, \u00e0 leurs situations personnelles et professionnelles.<\/span><\/p>\n<p><span style=\"font-weight: 400;\">Nous sommes tous uniques.<\/span><\/p>\n<p><span style=\"font-weight: 400;\">De plus, tous les secteurs se retrouvent touch\u00e9s par les <strong>TMS<\/strong> : une personne sur un poste de bureautique va se retrouver dans des postures maintenues, une personne sur un poste physique va avoir des mouvements r\u00e9p\u00e9t\u00e9s, pouvant entra\u00eener un d\u00e9s\u00e9quilibre des contraintes biom\u00e9caniques.<\/span><\/p>\n<p><span style=\"font-weight: 400;\">\u00a0<\/span><\/p>\n<h2><span style=\"font-weight: 400;\">Quelles solutions proposez-vous et comment cela se d\u00e9roule concr\u00e8tement ?<\/span><\/h2>\n<p><span style=\"font-weight: 400;\">Afin de permettre la sensibilisation des \u00e9quipes \u00e0 notre concept, nous r\u00e9alisons une pr\u00e9sentation sur un format pr\u00e9vu de 1h30 \u00e0 2h pour un groupe de 15 personnes maximum. <\/span><\/p>\n<p><span style=\"font-size: 15px;\">Le but est d\u2019initier chacun pour qu\u2019il soit ensuite en capacit\u00e9 de r\u00e9aliser un auto Check-up de son propre corps. <\/span><span style=\"font-size: 15px;\">Il d\u00e9couvre des mouvements pr\u00e9ventifs cl\u00e9s. <\/span><span style=\"font-size: 15px;\">Il les teste pour constater de fa\u00e7on imm\u00e9diate leur efficacit\u00e9. <\/span><\/p>\n<p><span style=\"font-size: 15px;\">Nous apportons aussi des notions plus g\u00e9n\u00e9rales sur les <strong>TMS<\/strong>, sur leurs facteurs d\u2019apparition, et sur le \u00ab mode d\u2019emploi du corps \u00bb. <\/span><span style=\"font-size: 15px;\">Nous nous basons sur les croyances communes pour ensuite diffuser les derni\u00e8res recommandations av\u00e9r\u00e9es sur l\u2019activit\u00e9 physique, le sommeil, l\u2019alimentation, le stress, le port de charge,<\/span><a href=\"https:\/\/www.laminutepeps.com\/posture-magique-prevenir-troubles-musculo-squelettiques\/\" style=\"font-size: 15px;\" target=\"_blank\" rel=\"noopener\"> la posture<\/a><span style=\"font-size: 15px;\"> et la s\u00e9dentarit\u00e9.<\/span><\/p>\n<p><span style=\"font-weight: 400;\">Gr\u00e2ce \u00e0 notre concept, nous voulons et pouvons montrer aux salari\u00e9s qu\u2019<strong>\u00eatre acteur de sa pr\u00e9vention devient facile<\/strong> !<\/span><\/p>\n<p><span style=\"font-weight: 400;\">\u00a0<\/span><span style=\"font-size: 15px;\">Pour y mettre encore plus de <strong>PEP\u2019S<\/strong>, il peut \u00eatre mis en place par la suite un format de consultations de 30 minutes r\u00e9alis\u00e9es dans l\u2019entreprise, pour chaque collaborateur volontaire. <\/span><span style=\"font-size: 15px;\">Il nous suffit de peu de mat\u00e9riel : une salle discr\u00e8te et deux chaises. <\/span><span style=\"font-size: 15px;\">C\u2019est ensuite parti pour une session bilan et 4 s\u00e9ances de suivi sur 5 semaines. <\/span><\/p>\n<p><span style=\"font-size: 15px;\">L\u2019objectif est de mener l\u2019enqu\u00eate avec chaque salari\u00e9. <\/span><span style=\"font-size: 15px;\">Il devient alors d\u00e9tective priv\u00e9 de son corps dont l\u2019objectif est de trouver les mouvements pr\u00e9ventifs et les conseils efficaces pour lui sp\u00e9cifiquement. <\/span><span style=\"font-size: 15px;\">L\u2019avantage est qu\u2019ils sont simples, rapides et applicables \u00e0 tout moment ! <\/span><span style=\"font-size: 15px;\">Aucune technique manuelle du praticien n\u2019est utilis\u00e9e.<\/span><\/p>\n<p><span style=\"font-weight: 400;\">Nous r\u00e9alisons des <strong>programmes d\u2019instants pr\u00e9ventifs<\/strong> : La mise en route PEP\u2019S lorsque cela nous est demand\u00e9. <\/span><span style=\"font-size: 15px;\">Le plus : y inclure les capacit\u00e9s d\u2019auto Check-up du corps avec une capacit\u00e9 d\u2019analyse des mouvements int\u00e9ressants pour le poste ou sa situation personnelle.<\/span><\/p>\n<p><span style=\"font-weight: 400;\">\u00a0<\/span><\/p>\n<h2><span style=\"font-weight: 400;\">Tous les kin\u00e9s peuvent-ils rejoindre le r\u00e9seau PEP\u2019S? Comment cela se passe concr\u00e8tement?<\/span><\/h2>\n<p><span style=\"font-weight: 400;\">\u00a0<\/span><span style=\"font-size: 15px;\">Je dirais oui et non.<\/span><\/p>\n<p><span style=\"font-weight: 400;\">Nous avons choisi de d\u00e9velopper le concept autour de notre cursus commun de formation <strong>McKenzie<\/strong>. <\/span><span style=\"font-size: 15px;\">Tous les <strong>Pepseurs<\/strong> doivent le suivre avant d\u2019int\u00e9grer le r\u00e9seau ou les<strong> programmes PEP\u2019S<\/strong>. <\/span><span style=\"font-size: 15px;\">Nous avons de plus en plus de coll\u00e8gues qui se lancent dans ce cursus <strong>McKenzie<\/strong> afin de rejoindre l\u2019\u00e9quipe pour avancer au plus t\u00f4t avec nous.<\/span><\/p>\n<p><span style=\"font-weight: 400;\">C\u2019est un r\u00e9el plaisir de les accueillir. <\/span><span style=\"font-size: 15px;\">Ils font preuve d\u2019une motivation incroyable !<\/span><\/p>\n<p><span style=\"font-weight: 400;\">\u00a0<\/span><\/p>\n<h2><span style=\"font-weight: 400;\">Pourquoi la m\u00e9thode McKenzie vous semble la plus appropri\u00e9e pour la pr\u00e9vention en entreprise?<\/span><\/h2>\n<p><span style=\"font-weight: 400;\">\u00a0<\/span><span style=\"font-size: 15px;\">L&rsquo;objectif principal est de permettre \u00e0 chaque collaborateur de devenir expert de son corps et d\u2019acc\u00e9der \u00e0 des mouvements personnalis\u00e9s. <\/span><span style=\"font-size: 15px;\">La <\/span><strong style=\"font-size: 15px;\">m\u00e9thode McKenzie<\/strong><span style=\"font-size: 15px;\"> \u00e9tant une <strong>m\u00e9thode d\u2019auto-traitement<\/strong>, favorisant l\u2019autonomie de la personne consult\u00e9e. <\/span><span style=\"font-weight: 400;\">Elle para\u00eet donc assez \u00e9vidente pour le milieu de l\u2019entreprise, facilitant l\u2019apprentissage des salari\u00e9s pour anticiper leurs douleurs. <\/span><span style=\"font-weight: 400;\">Ce cursus nous permet d\u2019int\u00e9grer le m\u00eame raisonnement bas\u00e9 sur les mouvements dans le concept pr\u00e9ventif.<\/span><\/p>\n<p><span style=\"font-weight: 400;\">Nous rencontrons de nombreux salari\u00e9s pr\u00e9sentant des g\u00eanes dans leur quotidien, que nous appelons \u00ab d\u00e9rangements \u00bb. <\/span><span style=\"font-weight: 400;\">Il s\u2019agit en fait d\u2019un <strong>d\u00e9s\u00e9quilibre biom\u00e9canique<\/strong> entre les gestes et les postures qu\u2019ils r\u00e9alisent de fa\u00e7on exag\u00e9r\u00e9e par rapport \u00e0 ceux qu\u2019ils n\u2019effectuent pas assez. <\/span><span style=\"font-weight: 400;\">Nous avons \u00e9galement tous en t\u00eate la notion de r\u00e9exposition graduelle \u00e0 la contrainte qui est inclus dans la r\u00e9flexion <strong>McKenzie<\/strong>.<\/span><\/p>\n<p><span style=\"font-weight: 400;\">\u00a0<\/span><span style=\"font-weight: 400;\">Pour autant, nous sommes tr\u00e8s nombreux \u00e0 utiliser une bo\u00eete \u00e0 outils compl\u00e9mentaire gr\u00e2ce \u00e0 nos connaissances, par exemple, en neurodynamique, sur la douleur, avec la Clinique du Coureur ou bien m\u00eame en entretien motivationnel.<\/span><\/p>\n<p><span style=\"font-weight: 400;\">Cela nous permet d\u2019obtenir <strong>une vision globale bas\u00e9e sur le mod\u00e8le biopsychosocial<\/strong>.<\/span><\/p>\n<p><span style=\"font-weight: 400;\">\u00a0<\/span><\/p>\n<h2><span style=\"font-weight: 400;\">De plus en plus d\u2019entreprises mettent en place des actions pr\u00e9ventives, comment faire pour acc\u00e9l\u00e9rer le mouvement ?<\/span><\/h2>\n<p><span style=\"font-weight: 400;\">\u00a0<\/span><span style=\"font-weight: 400;\">J\u2019ai la solution ! <\/span><span style=\"font-weight: 400;\">En diffusant notre vague jaune <strong>La Minute PEP\u2019S<\/strong> ! <\/span><\/p>\n<p><span style=\"font-weight: 400;\">Notre souhait premier est en effet de cr\u00e9er un r\u00e9seau favorisant la qualit\u00e9 et le partage \u00e0 travers le territoire national. <\/span><span style=\"font-weight: 400;\">Ainsi, les entreprises auront acc\u00e8s \u00e0 des kin\u00e9sith\u00e9rapeutes locaux Certifi\u00e9s PEP\u2019S. <\/span><span style=\"font-weight: 400;\">Avec les Pepseurs qui m\u2019accompagnent, nous croyons en la force du collectif et du r\u00e9seau.<\/span><\/p>\n<p><span style=\"font-weight: 400;\">Je mesure aussi la chance que j\u2019ai de rencontrer de nombreux professionnels du domaine de la pr\u00e9vention qui avancent maintenant \u00e0 nos c\u00f4t\u00e9s. <\/span><span style=\"font-weight: 400;\">Le but est d\u2019apporter une vision innovante de la pr\u00e9vention.<\/span><\/p>\n<p><span style=\"font-weight: 400;\">\u00a0<\/span><\/p>\n<h2><span style=\"font-weight: 400;\">La partie \u00e9ducationnelle et pr\u00e9ventive fait partie int\u00e9grante du travail de kin\u00e9sith\u00e9rapeute, quelles \u00e9volutions permettraient selon vous d\u2019\u00eatre plus efficaces sur ces 2 volets ?<\/span><\/h2>\n<p><span style=\"font-weight: 400;\">Je constate que nombreux sont les kin\u00e9sith\u00e9rapeutes qui se tournent vers moi pour conna\u00eetre mon retour d\u2019exp\u00e9rience sur nos droits et nos devoirs. <\/span><span style=\"font-weight: 400;\">Cela n\u2019a pas non plus \u00e9t\u00e9 \u00e9vident pour moi au d\u00e9part de mon investissement en pr\u00e9vention.<\/span><\/p>\n<p><span style=\"font-weight: 400;\">Le milieu de l\u2019entreprise est tr\u00e8s diff\u00e9rent de nos cabinets. <\/span><span style=\"font-weight: 400;\">C\u2019est d\u2019ailleurs dans cet esprit d\u2019\u00e9change que se d\u00e9veloppe une formidable entraide au sein de La Minute PEP\u2019S. <\/span><span style=\"font-weight: 400;\">Je pense qu\u2019il serait judicieux de guider davantage les kin\u00e9sith\u00e9rapeutes sur cette capacit\u00e9 de d\u00e9veloppement afin qu\u2019ils osent aller vers ces volets de leurs comp\u00e9tences. <\/span><span style=\"font-weight: 400;\">Il est important pour moi de leur apporter des \u00e9l\u00e9ments concrets sur le sujet.<\/span><\/p>\n<p><span style=\"font-weight: 400;\">Si nous osions voir plus loin, pourquoi ne pas le pr\u00e9voir d\u00e8s le cursus initial ? J<\/span><span style=\"font-weight: 400;\">\u2019ai le souvenir de cours juridiques et ergonomiques lors de ma formation initiale, mais ils ne donnaient pas du tout d\u2019informations sur ces \u00e9l\u00e9ments.<\/span><\/p>\n<p><span style=\"font-weight: 400;\">\u00a0<\/span><span style=\"font-weight: 400;\">Enfin, il serait essentiel d\u2019informer davantage les entreprises et les structures concern\u00e9es de l\u2019expertise de la profession de kin\u00e9sith\u00e9rapeute en mati\u00e8re de pr\u00e9vention.<\/span><\/p>\n<p><span style=\"font-weight: 400;\">\u00a0<\/span><\/p>\n<p><span style=\"font-weight: 400;\">\u00a0<\/span><\/p>\n<h2><span style=\"font-weight: 400;\">En 2021, La Minute PEP\u2019S et son r\u00e9seau deviennent laur\u00e9ats nationaux pour le prix Harmonie Boost. Comment voyez-vous l\u2019avenir de la Minute PEP\u2019S?<\/span><\/h2>\n<p><span style=\"font-weight: 400;\">Cette ann\u00e9e 2021 fut incroyable ! <\/span><span style=\"font-weight: 400;\">Devenir Laur\u00e9ats nationaux et dans le m\u00eame temps \u00eatre de plus en plus nombreux au sein de l\u2019\u00e9quipe \u00e9tait inimaginable pour moi.<\/span><\/p>\n<p><span style=\"font-weight: 400;\">Ce qui fait notre force aujourd\u2019hui, c\u2019est que nous sommes pr\u00e8s de 30 kin\u00e9sith\u00e9rapeutes qui partageons la m\u00eame vision, avec cette impression de se conna\u00eetre depuis toujours ! <\/span><span style=\"font-weight: 400;\">J\u2019affectionne particuli\u00e8rement le moment o\u00f9 l\u2019un de mes confr\u00e8res m\u2019appelle pour me raconter avec extase sa premi\u00e8re journ\u00e9e en entreprise.<\/span><\/p>\n<p><span style=\"font-weight: 400;\">Nous sommes une grande famille. <\/span><span style=\"font-weight: 400;\">Je veux que cette harmonie perdure.<\/span><\/p>\n<p><span style=\"font-weight: 400;\">Mon souhait pour l\u2019avenir est que notre r\u00e9seau continue \u00e0 s\u2019\u00e9tendre doucement tout en pr\u00e9servant nos valeurs. <\/span><span style=\"font-weight: 400;\">Cela permettrait \u00e0 ce que de plus en plus d\u2019entreprises fran\u00e7aises nous d\u00e9couvrent pour aider leurs \u00e9quipes \u00e0 devenir actrices de leur pr\u00e9vention. <\/span><span style=\"font-weight: 400;\">Si elles ont acc\u00e8s \u00e0 notre philosophie, peut-\u00eatre que nous, kin\u00e9sith\u00e9rapeutes, auront une action durable pour agir \u00e0 la source afin de pr\u00e9server la sant\u00e9 de tous ?<\/span><\/p>\n<p><span style=\"font-weight: 400;\">Cette phrase mantra de<strong> La Minute PEP\u2019S<\/strong> est peut-\u00eatre la cl\u00e9 de cet avenir ?<\/span><\/p>\n<p><span style=\"font-weight: 400;\">\u00a0<\/span><i><span style=\"font-weight: 400;\">\u00ab Si vous \u00e9coutez votre corps lorsqu\u2019il vous chuchote, vous n\u2019aurez plus \u00e0 l\u2019entendre crier ! \u00bb<\/span><\/i><\/p>\n<p><i><span style=\"font-weight: 400;\">\u00a0<\/span><\/i><span style=\"font-size: 15px;\">Suivez-nous sur<\/span><a href=\"https:\/\/www.linkedin.com\/company\/la-minute-peps\/\" style=\"font-size: 15px;\" target=\"_blank\" rel=\"noopener\"> LinkedIn<\/a><span style=\"font-size: 15px;\"> afin de faire bouger les lignes ensemble pour acc\u00e9der \u00e0 une pr\u00e9vention \u00e0 l\u2019\u00e9coute de l\u2019Humain.<\/span><\/p>\n<p><span style=\"font-weight: 400;\">Auteure : Anne-H\u00e9l\u00e8ne Goualou<\/span><\/p>\n<p><span style=\"font-weight: 400;\">CEO de La Minute PEP\u2019S<\/span><\/p>\n<p>&nbsp;<\/p>\n<p>[\/et_pb_text][\/et_pb_column][\/et_pb_row][\/et_pb_section]<\/p>\n","protected":false},"excerpt":{"rendered":"<p>Anne-H\u00e9l\u00e8ne GOUALOU nous pr\u00e9sente la Minute PEP&rsquo;s qui accompagne les entreprises dans la pr\u00e9vention des TMS<\/p>\n","protected":false},"author":1,"featured_media":1283,"comment_status":"open","ping_status":"open","sticky":false,"template":"","format":"standard","meta":{"_et_pb_use_builder":"on","_et_pb_old_content":"","_et_gb_content_width":"2880","_monsterinsights_skip_tracking":false,"_monsterinsights_sitenote_active":false,"_monsterinsights_sitenote_note":"","_monsterinsights_sitenote_category":0,"_jetpack_memberships_contains_paid_content":false,"footnotes":""},"categories":[3],"tags":[34,12,32,31,33,30],"class_list":["post-1281","post","type-post","status-publish","format-standard","has-post-thumbnail","hentry","category-prevention","tag-ergonomie","tag-kinesitherapie","tag-mckenzie","tag-prevention","tag-reeducation","tag-tms"],"yoast_head":"<!-- This site is optimized with the Yoast SEO plugin v27.4 - https:\/\/yoast.com\/product\/yoast-seo-wordpress\/ -->\n<title>La Minute PEP&#039;S: Pr\u00e9vention des TMS en entreprise - Kin\u00e9Oblog<\/title>\n<meta name=\"description\" content=\"Anne-H\u00e9l\u00e8ne GOUALOU nous pr\u00e9sente la Minute PEP&#039;s qui accompagne les entreprises dans la pr\u00e9vention des TMS\" \/>\n<meta name=\"robots\" content=\"index, follow, max-snippet:-1, max-image-preview:large, max-video-preview:-1\" \/>\n<link rel=\"canonical\" href=\"https:\/\/kineoweb.fr\/kineoblog\/la-minute-peps\/\" \/>\n<meta property=\"og:locale\" content=\"fr_FR\" \/>\n<meta property=\"og:type\" content=\"article\" \/>\n<meta property=\"og:title\" content=\"La Minute PEP&#039;S: Pr\u00e9vention des TMS en entreprise - Kin\u00e9Oblog\" \/>\n<meta property=\"og:description\" content=\"Anne-H\u00e9l\u00e8ne GOUALOU nous pr\u00e9sente la Minute PEP&#039;s qui accompagne les entreprises dans la pr\u00e9vention des TMS\" \/>\n<meta property=\"og:url\" content=\"https:\/\/kineoweb.fr\/kineoblog\/la-minute-peps\/\" \/>\n<meta property=\"og:site_name\" content=\"Kin\u00e9Oblog\" \/>\n<meta property=\"article:publisher\" content=\"https:\/\/www.facebook.com\/Kin%c3%a9Oweb-1551479311825491\/?ref=aymt_homepage_panel\" \/>\n<meta property=\"article:published_time\" content=\"2023-01-10T09:35:45+00:00\" \/>\n<meta property=\"article:modified_time\" content=\"2023-01-11T17:49:26+00:00\" \/>\n<meta property=\"og:image\" content=\"https:\/\/kineoweb.fr\/kineoblog\/wp-content\/uploads\/sites\/2\/2023\/01\/la-minute-peps-post.png\" \/>\n\t<meta property=\"og:image:width\" content=\"1080\" \/>\n\t<meta property=\"og:image:height\" content=\"1080\" \/>\n\t<meta property=\"og:image:type\" content=\"image\/png\" \/>\n<meta name=\"author\" content=\"kineoweb\" \/>\n<meta name=\"twitter:card\" content=\"summary_large_image\" \/>\n<meta name=\"twitter:label1\" content=\"\u00c9crit par\" \/>\n\t<meta name=\"twitter:data1\" content=\"kineoweb\" \/>\n\t<meta name=\"twitter:label2\" content=\"Dur\u00e9e de lecture estim\u00e9e\" \/>\n\t<meta name=\"twitter:data2\" content=\"10 minutes\" \/>\n<script type=\"application\/ld+json\" class=\"yoast-schema-graph\">{\"@context\":\"https:\\\/\\\/schema.org\",\"@graph\":[{\"@type\":\"Article\",\"@id\":\"https:\\\/\\\/kineoweb.fr\\\/kineoblog\\\/la-minute-peps\\\/#article\",\"isPartOf\":{\"@id\":\"https:\\\/\\\/kineoweb.fr\\\/kineoblog\\\/la-minute-peps\\\/\"},\"author\":{\"name\":\"kineoweb\",\"@id\":\"https:\\\/\\\/kineoweb.fr\\\/kineoblog\\\/#\\\/schema\\\/person\\\/276328f3f20d571a6313a40a82bab4ea\"},\"headline\":\"La Minute PEP&rsquo;S: Pr\u00e9vention des TMS en entreprise\",\"datePublished\":\"2023-01-10T09:35:45+00:00\",\"dateModified\":\"2023-01-11T17:49:26+00:00\",\"mainEntityOfPage\":{\"@id\":\"https:\\\/\\\/kineoweb.fr\\\/kineoblog\\\/la-minute-peps\\\/\"},\"wordCount\":2229,\"commentCount\":2,\"image\":{\"@id\":\"https:\\\/\\\/kineoweb.fr\\\/kineoblog\\\/la-minute-peps\\\/#primaryimage\"},\"thumbnailUrl\":\"https:\\\/\\\/i0.wp.com\\\/kineoweb.fr\\\/kineoblog\\\/wp-content\\\/uploads\\\/sites\\\/2\\\/2023\\\/01\\\/la-minute-peps-post.png?fit=1080%2C1080&ssl=1\",\"keywords\":[\"Ergonomie\",\"kin\u00e9sith\u00e9rapie\",\"McKenzie\",\"Pr\u00e9vention\",\"R\u00e9\u00e9ducation\",\"TMS\"],\"articleSection\":[\"Pr\u00e9vention\"],\"inLanguage\":\"fr-FR\",\"potentialAction\":[{\"@type\":\"CommentAction\",\"name\":\"Comment\",\"target\":[\"https:\\\/\\\/kineoweb.fr\\\/kineoblog\\\/la-minute-peps\\\/#respond\"]}]},{\"@type\":\"WebPage\",\"@id\":\"https:\\\/\\\/kineoweb.fr\\\/kineoblog\\\/la-minute-peps\\\/\",\"url\":\"https:\\\/\\\/kineoweb.fr\\\/kineoblog\\\/la-minute-peps\\\/\",\"name\":\"La Minute PEP'S: Pr\u00e9vention des TMS en entreprise - Kin\u00e9Oblog\",\"isPartOf\":{\"@id\":\"https:\\\/\\\/kineoweb.fr\\\/kineoblog\\\/#website\"},\"primaryImageOfPage\":{\"@id\":\"https:\\\/\\\/kineoweb.fr\\\/kineoblog\\\/la-minute-peps\\\/#primaryimage\"},\"image\":{\"@id\":\"https:\\\/\\\/kineoweb.fr\\\/kineoblog\\\/la-minute-peps\\\/#primaryimage\"},\"thumbnailUrl\":\"https:\\\/\\\/i0.wp.com\\\/kineoweb.fr\\\/kineoblog\\\/wp-content\\\/uploads\\\/sites\\\/2\\\/2023\\\/01\\\/la-minute-peps-post.png?fit=1080%2C1080&ssl=1\",\"datePublished\":\"2023-01-10T09:35:45+00:00\",\"dateModified\":\"2023-01-11T17:49:26+00:00\",\"author\":{\"@id\":\"https:\\\/\\\/kineoweb.fr\\\/kineoblog\\\/#\\\/schema\\\/person\\\/276328f3f20d571a6313a40a82bab4ea\"},\"description\":\"Anne-H\u00e9l\u00e8ne GOUALOU nous pr\u00e9sente la Minute PEP's qui accompagne les entreprises dans la pr\u00e9vention des TMS\",\"breadcrumb\":{\"@id\":\"https:\\\/\\\/kineoweb.fr\\\/kineoblog\\\/la-minute-peps\\\/#breadcrumb\"},\"inLanguage\":\"fr-FR\",\"potentialAction\":[{\"@type\":\"ReadAction\",\"target\":[\"https:\\\/\\\/kineoweb.fr\\\/kineoblog\\\/la-minute-peps\\\/\"]}]},{\"@type\":\"ImageObject\",\"inLanguage\":\"fr-FR\",\"@id\":\"https:\\\/\\\/kineoweb.fr\\\/kineoblog\\\/la-minute-peps\\\/#primaryimage\",\"url\":\"https:\\\/\\\/i0.wp.com\\\/kineoweb.fr\\\/kineoblog\\\/wp-content\\\/uploads\\\/sites\\\/2\\\/2023\\\/01\\\/la-minute-peps-post.png?fit=1080%2C1080&ssl=1\",\"contentUrl\":\"https:\\\/\\\/i0.wp.com\\\/kineoweb.fr\\\/kineoblog\\\/wp-content\\\/uploads\\\/sites\\\/2\\\/2023\\\/01\\\/la-minute-peps-post.png?fit=1080%2C1080&ssl=1\",\"width\":1080,\"height\":1080,\"caption\":\"La Minute PEP'S\"},{\"@type\":\"BreadcrumbList\",\"@id\":\"https:\\\/\\\/kineoweb.fr\\\/kineoblog\\\/la-minute-peps\\\/#breadcrumb\",\"itemListElement\":[{\"@type\":\"ListItem\",\"position\":1,\"name\":\"Accueil\",\"item\":\"https:\\\/\\\/kineoweb.fr\\\/kineoblog\\\/\"},{\"@type\":\"ListItem\",\"position\":2,\"name\":\"La Minute PEP&rsquo;S: Pr\u00e9vention des TMS en entreprise\"}]},{\"@type\":\"WebSite\",\"@id\":\"https:\\\/\\\/kineoweb.fr\\\/kineoblog\\\/#website\",\"url\":\"https:\\\/\\\/kineoweb.fr\\\/kineoblog\\\/\",\"name\":\"Kin\u00e9Oblog\",\"description\":\"Conseils et informations pour les Kin\u00e9s et Ost\u00e9os\",\"potentialAction\":[{\"@type\":\"SearchAction\",\"target\":{\"@type\":\"EntryPoint\",\"urlTemplate\":\"https:\\\/\\\/kineoweb.fr\\\/kineoblog\\\/?s={search_term_string}\"},\"query-input\":{\"@type\":\"PropertyValueSpecification\",\"valueRequired\":true,\"valueName\":\"search_term_string\"}}],\"inLanguage\":\"fr-FR\"},{\"@type\":\"Person\",\"@id\":\"https:\\\/\\\/kineoweb.fr\\\/kineoblog\\\/#\\\/schema\\\/person\\\/276328f3f20d571a6313a40a82bab4ea\",\"name\":\"kineoweb\",\"image\":{\"@type\":\"ImageObject\",\"inLanguage\":\"fr-FR\",\"@id\":\"https:\\\/\\\/secure.gravatar.com\\\/avatar\\\/63966abb47ac008849350af90453384a20b61d9f1b4cc0fc20b34cdd2c666586?s=96&d=mm&r=g\",\"url\":\"https:\\\/\\\/secure.gravatar.com\\\/avatar\\\/63966abb47ac008849350af90453384a20b61d9f1b4cc0fc20b34cdd2c666586?s=96&d=mm&r=g\",\"contentUrl\":\"https:\\\/\\\/secure.gravatar.com\\\/avatar\\\/63966abb47ac008849350af90453384a20b61d9f1b4cc0fc20b34cdd2c666586?s=96&d=mm&r=g\",\"caption\":\"kineoweb\"},\"url\":\"https:\\\/\\\/kineoweb.fr\\\/kineoblog\\\/author\\\/kineoweb\\\/\"}]}<\/script>\n<!-- \/ Yoast SEO plugin. -->","yoast_head_json":{"title":"La Minute PEP'S: Pr\u00e9vention des TMS en entreprise - Kin\u00e9Oblog","description":"Anne-H\u00e9l\u00e8ne GOUALOU nous pr\u00e9sente la Minute PEP's qui accompagne les entreprises dans la pr\u00e9vention des TMS","robots":{"index":"index","follow":"follow","max-snippet":"max-snippet:-1","max-image-preview":"max-image-preview:large","max-video-preview":"max-video-preview:-1"},"canonical":"https:\/\/kineoweb.fr\/kineoblog\/la-minute-peps\/","og_locale":"fr_FR","og_type":"article","og_title":"La Minute PEP'S: Pr\u00e9vention des TMS en entreprise - Kin\u00e9Oblog","og_description":"Anne-H\u00e9l\u00e8ne GOUALOU nous pr\u00e9sente la Minute PEP's qui accompagne les entreprises dans la pr\u00e9vention des TMS","og_url":"https:\/\/kineoweb.fr\/kineoblog\/la-minute-peps\/","og_site_name":"Kin\u00e9Oblog","article_publisher":"https:\/\/www.facebook.com\/Kin%c3%a9Oweb-1551479311825491\/?ref=aymt_homepage_panel","article_published_time":"2023-01-10T09:35:45+00:00","article_modified_time":"2023-01-11T17:49:26+00:00","og_image":[{"width":1080,"height":1080,"url":"https:\/\/kineoweb.fr\/kineoblog\/wp-content\/uploads\/sites\/2\/2023\/01\/la-minute-peps-post.png","type":"image\/png"}],"author":"kineoweb","twitter_card":"summary_large_image","twitter_misc":{"\u00c9crit par":"kineoweb","Dur\u00e9e de lecture estim\u00e9e":"10 minutes"},"schema":{"@context":"https:\/\/schema.org","@graph":[{"@type":"Article","@id":"https:\/\/kineoweb.fr\/kineoblog\/la-minute-peps\/#article","isPartOf":{"@id":"https:\/\/kineoweb.fr\/kineoblog\/la-minute-peps\/"},"author":{"name":"kineoweb","@id":"https:\/\/kineoweb.fr\/kineoblog\/#\/schema\/person\/276328f3f20d571a6313a40a82bab4ea"},"headline":"La Minute PEP&rsquo;S: Pr\u00e9vention des TMS en entreprise","datePublished":"2023-01-10T09:35:45+00:00","dateModified":"2023-01-11T17:49:26+00:00","mainEntityOfPage":{"@id":"https:\/\/kineoweb.fr\/kineoblog\/la-minute-peps\/"},"wordCount":2229,"commentCount":2,"image":{"@id":"https:\/\/kineoweb.fr\/kineoblog\/la-minute-peps\/#primaryimage"},"thumbnailUrl":"https:\/\/i0.wp.com\/kineoweb.fr\/kineoblog\/wp-content\/uploads\/sites\/2\/2023\/01\/la-minute-peps-post.png?fit=1080%2C1080&ssl=1","keywords":["Ergonomie","kin\u00e9sith\u00e9rapie","McKenzie","Pr\u00e9vention","R\u00e9\u00e9ducation","TMS"],"articleSection":["Pr\u00e9vention"],"inLanguage":"fr-FR","potentialAction":[{"@type":"CommentAction","name":"Comment","target":["https:\/\/kineoweb.fr\/kineoblog\/la-minute-peps\/#respond"]}]},{"@type":"WebPage","@id":"https:\/\/kineoweb.fr\/kineoblog\/la-minute-peps\/","url":"https:\/\/kineoweb.fr\/kineoblog\/la-minute-peps\/","name":"La Minute PEP'S: Pr\u00e9vention des TMS en entreprise - Kin\u00e9Oblog","isPartOf":{"@id":"https:\/\/kineoweb.fr\/kineoblog\/#website"},"primaryImageOfPage":{"@id":"https:\/\/kineoweb.fr\/kineoblog\/la-minute-peps\/#primaryimage"},"image":{"@id":"https:\/\/kineoweb.fr\/kineoblog\/la-minute-peps\/#primaryimage"},"thumbnailUrl":"https:\/\/i0.wp.com\/kineoweb.fr\/kineoblog\/wp-content\/uploads\/sites\/2\/2023\/01\/la-minute-peps-post.png?fit=1080%2C1080&ssl=1","datePublished":"2023-01-10T09:35:45+00:00","dateModified":"2023-01-11T17:49:26+00:00","author":{"@id":"https:\/\/kineoweb.fr\/kineoblog\/#\/schema\/person\/276328f3f20d571a6313a40a82bab4ea"},"description":"Anne-H\u00e9l\u00e8ne GOUALOU nous pr\u00e9sente la Minute PEP's qui accompagne les entreprises dans la pr\u00e9vention des TMS","breadcrumb":{"@id":"https:\/\/kineoweb.fr\/kineoblog\/la-minute-peps\/#breadcrumb"},"inLanguage":"fr-FR","potentialAction":[{"@type":"ReadAction","target":["https:\/\/kineoweb.fr\/kineoblog\/la-minute-peps\/"]}]},{"@type":"ImageObject","inLanguage":"fr-FR","@id":"https:\/\/kineoweb.fr\/kineoblog\/la-minute-peps\/#primaryimage","url":"https:\/\/i0.wp.com\/kineoweb.fr\/kineoblog\/wp-content\/uploads\/sites\/2\/2023\/01\/la-minute-peps-post.png?fit=1080%2C1080&ssl=1","contentUrl":"https:\/\/i0.wp.com\/kineoweb.fr\/kineoblog\/wp-content\/uploads\/sites\/2\/2023\/01\/la-minute-peps-post.png?fit=1080%2C1080&ssl=1","width":1080,"height":1080,"caption":"La Minute PEP'S"},{"@type":"BreadcrumbList","@id":"https:\/\/kineoweb.fr\/kineoblog\/la-minute-peps\/#breadcrumb","itemListElement":[{"@type":"ListItem","position":1,"name":"Accueil","item":"https:\/\/kineoweb.fr\/kineoblog\/"},{"@type":"ListItem","position":2,"name":"La Minute PEP&rsquo;S: Pr\u00e9vention des TMS en entreprise"}]},{"@type":"WebSite","@id":"https:\/\/kineoweb.fr\/kineoblog\/#website","url":"https:\/\/kineoweb.fr\/kineoblog\/","name":"Kin\u00e9Oblog","description":"Conseils et informations pour les Kin\u00e9s et Ost\u00e9os","potentialAction":[{"@type":"SearchAction","target":{"@type":"EntryPoint","urlTemplate":"https:\/\/kineoweb.fr\/kineoblog\/?s={search_term_string}"},"query-input":{"@type":"PropertyValueSpecification","valueRequired":true,"valueName":"search_term_string"}}],"inLanguage":"fr-FR"},{"@type":"Person","@id":"https:\/\/kineoweb.fr\/kineoblog\/#\/schema\/person\/276328f3f20d571a6313a40a82bab4ea","name":"kineoweb","image":{"@type":"ImageObject","inLanguage":"fr-FR","@id":"https:\/\/secure.gravatar.com\/avatar\/63966abb47ac008849350af90453384a20b61d9f1b4cc0fc20b34cdd2c666586?s=96&d=mm&r=g","url":"https:\/\/secure.gravatar.com\/avatar\/63966abb47ac008849350af90453384a20b61d9f1b4cc0fc20b34cdd2c666586?s=96&d=mm&r=g","contentUrl":"https:\/\/secure.gravatar.com\/avatar\/63966abb47ac008849350af90453384a20b61d9f1b4cc0fc20b34cdd2c666586?s=96&d=mm&r=g","caption":"kineoweb"},"url":"https:\/\/kineoweb.fr\/kineoblog\/author\/kineoweb\/"}]}},"jetpack_featured_media_url":"https:\/\/i0.wp.com\/kineoweb.fr\/kineoblog\/wp-content\/uploads\/sites\/2\/2023\/01\/la-minute-peps-post.png?fit=1080%2C1080&ssl=1","jetpack_sharing_enabled":true,"_links":{"self":[{"href":"https:\/\/kineoweb.fr\/kineoblog\/wp-json\/wp\/v2\/posts\/1281","targetHints":{"allow":["GET"]}}],"collection":[{"href":"https:\/\/kineoweb.fr\/kineoblog\/wp-json\/wp\/v2\/posts"}],"about":[{"href":"https:\/\/kineoweb.fr\/kineoblog\/wp-json\/wp\/v2\/types\/post"}],"author":[{"embeddable":true,"href":"https:\/\/kineoweb.fr\/kineoblog\/wp-json\/wp\/v2\/users\/1"}],"replies":[{"embeddable":true,"href":"https:\/\/kineoweb.fr\/kineoblog\/wp-json\/wp\/v2\/comments?post=1281"}],"version-history":[{"count":5,"href":"https:\/\/kineoweb.fr\/kineoblog\/wp-json\/wp\/v2\/posts\/1281\/revisions"}],"predecessor-version":[{"id":1291,"href":"https:\/\/kineoweb.fr\/kineoblog\/wp-json\/wp\/v2\/posts\/1281\/revisions\/1291"}],"wp:featuredmedia":[{"embeddable":true,"href":"https:\/\/kineoweb.fr\/kineoblog\/wp-json\/wp\/v2\/media\/1283"}],"wp:attachment":[{"href":"https:\/\/kineoweb.fr\/kineoblog\/wp-json\/wp\/v2\/media?parent=1281"}],"wp:term":[{"taxonomy":"category","embeddable":true,"href":"https:\/\/kineoweb.fr\/kineoblog\/wp-json\/wp\/v2\/categories?post=1281"},{"taxonomy":"post_tag","embeddable":true,"href":"https:\/\/kineoweb.fr\/kineoblog\/wp-json\/wp\/v2\/tags?post=1281"}],"curies":[{"name":"wp","href":"https:\/\/api.w.org\/{rel}","templated":true}]}}