{"id":1254,"date":"2022-12-13T11:20:10","date_gmt":"2022-12-13T10:20:10","guid":{"rendered":"https:\/\/kineoweb.fr\/kineoblog\/?p=1254"},"modified":"2022-12-22T09:35:32","modified_gmt":"2022-12-22T08:35:32","slug":"forum-professions-liberales","status":"publish","type":"post","link":"https:\/\/kineoweb.fr\/kineoblog\/forum-professions-liberales\/","title":{"rendered":"Connaissez-vous le Forum des professions lib\u00e9rales?"},"content":{"rendered":"<p>[et_pb_section fb_built=\u00a0\u00bb1&Prime; _builder_version=\u00a0\u00bb4.19.0&Prime; _module_preset=\u00a0\u00bbdefault\u00a0\u00bb custom_padding=\u00a0\u00bb1px|||||\u00a0\u00bb global_colors_info=\u00a0\u00bb{}\u00a0\u00bb][et_pb_row _builder_version=\u00a0\u00bb4.19.0&Prime; _module_preset=\u00a0\u00bbdefault\u00a0\u00bb global_colors_info=\u00a0\u00bb{}\u00a0\u00bb][et_pb_column type=\u00a0\u00bb4_4&Prime; _builder_version=\u00a0\u00bb4.19.0&Prime; _module_preset=\u00a0\u00bbdefault\u00a0\u00bb global_colors_info=\u00a0\u00bb{}\u00a0\u00bb][et_pb_image src=\u00a0\u00bbhttps:\/\/kineoweb.fr\/kineoblog\/wp-content\/uploads\/sites\/2\/2022\/12\/Forum-des-professions-liberales.jpg\u00a0\u00bb alt=\u00a0\u00bbForum des professions lib\u00e9rales\u00a0\u00bb title_text=\u00a0\u00bbForum des professions liberales\u00a0\u00bb align=\u00a0\u00bbcenter\u00a0\u00bb _builder_version=\u00a0\u00bb4.19.2&Prime; _module_preset=\u00a0\u00bbdefault\u00a0\u00bb global_colors_info=\u00a0\u00bb{}\u00a0\u00bb][\/et_pb_image][\/et_pb_column][\/et_pb_row][et_pb_row _builder_version=\u00a0\u00bb4.19.0&Prime; _module_preset=\u00a0\u00bbdefault\u00a0\u00bb global_colors_info=\u00a0\u00bb{}\u00a0\u00bb][et_pb_column type=\u00a0\u00bb4_4&Prime; _builder_version=\u00a0\u00bb4.19.0&Prime; _module_preset=\u00a0\u00bbdefault\u00a0\u00bb global_colors_info=\u00a0\u00bb{}\u00a0\u00bb][et_pb_text _builder_version=\u00a0\u00bb4.19.2&Prime; _module_preset=\u00a0\u00bbdefault\u00a0\u00bb header_font=\u00a0\u00bbAlata|||on|||||\u00a0\u00bb header_text_color=\u00a0\u00bb#ff4e62&Prime; header_line_height=\u00a0\u00bb1.4em\u00a0\u00bb global_colors_info=\u00a0\u00bb{}\u00a0\u00bb]<\/p>\n<h1 style=\"text-align: center;\"><span style=\"font-weight: 400;\">Connaissez-vous le Forum des professions lib\u00e9rales?<\/span><\/h1>\n<p>[\/et_pb_text][\/et_pb_column][\/et_pb_row][\/et_pb_section][et_pb_section fb_built=\u00a0\u00bb1&Prime; admin_label=\u00a0\u00bbsection\u00a0\u00bb _builder_version=\u00a0\u00bb4.16&Prime; custom_padding=\u00a0\u00bb0px|||||\u00a0\u00bb global_colors_info=\u00a0\u00bb{}\u00a0\u00bb][et_pb_row admin_label=\u00a0\u00bbrow\u00a0\u00bb _builder_version=\u00a0\u00bb4.16&Prime; background_size=\u00a0\u00bbinitial\u00a0\u00bb background_position=\u00a0\u00bbtop_left\u00a0\u00bb background_repeat=\u00a0\u00bbrepeat\u00a0\u00bb global_colors_info=\u00a0\u00bb{}\u00a0\u00bb][et_pb_column type=\u00a0\u00bb4_4&Prime; _builder_version=\u00a0\u00bb4.16&Prime; custom_padding=\u00a0\u00bb|||\u00a0\u00bb global_colors_info=\u00a0\u00bb{}\u00a0\u00bb custom_padding__hover=\u00a0\u00bb|||\u00a0\u00bb][et_pb_text admin_label=\u00a0\u00bbTexte\u00a0\u00bb _builder_version=\u00a0\u00bb4.19.4&Prime; text_font_size=\u00a0\u00bb15px\u00a0\u00bb header_2_font=\u00a0\u00bbAlata||||||||\u00a0\u00bb header_2_text_color=\u00a0\u00bb#21214c\u00a0\u00bb header_2_line_height=\u00a0\u00bb1.4em\u00a0\u00bb background_size=\u00a0\u00bbinitial\u00a0\u00bb background_position=\u00a0\u00bbtop_left\u00a0\u00bb background_repeat=\u00a0\u00bbrepeat\u00a0\u00bb hover_enabled=\u00a0\u00bb0&Prime; use_border_color=\u00a0\u00bboff\u00a0\u00bb border_color=\u00a0\u00bb#ffffff\u00a0\u00bb border_style=\u00a0\u00bbsolid\u00a0\u00bb global_colors_info=\u00a0\u00bb{}\u00a0\u00bb sticky_enabled=\u00a0\u00bb0&Prime;]<\/p>\n<p><span style=\"font-weight: 400;\">Connaissez-vous le <\/span><b>Forum des Professions Lib\u00e9rales<\/b><span style=\"font-weight: 400;\">? Le m\u00e9tier de Kin\u00e9sith\u00e9rapeute lib\u00e9ral ne se limite pas aux soins dispens\u00e9s aux patients, c\u2019est une<\/span><a href=\"https:\/\/kineoweb.fr\/kineoblog\/formation-gestion-entrepreneuriale-kine\/\" target=\"_blank\" rel=\"noopener\"> <span style=\"font-weight: 400;\">v\u00e9ritable aventure entrepreneuriale<\/span><\/a><span style=\"font-weight: 400;\">. Comme dans toute aventure il est important d\u2019avoir les \u00e9quipements ad\u00e9quats et propres \u00e0 chaque situation. Il est parfois difficile de savoir o\u00f9 trouver l\u2019information et les ressources qui correspondent \u00e0 votre situation sp\u00e9cifique.<\/span><\/p>\n<p><span style=\"font-weight: 400;\">Aujourd\u2019hui c\u2019est un plaisir de laisser la parole \u00e0 Thibaut, analyste comptable et fondateur du<\/span><a href=\"https:\/\/forum-des-professions-liberales.fr\/\" target=\"_blank\" rel=\"noopener\"> <b>Forum des Professions Lib\u00e9rales<\/b><\/a><span style=\"font-weight: 400;\">. Vous d\u00e9couvrirez ici un espace \u00e0 la fois convivial et efficace pour toutes ces questions et ces besoins r\u00e9currents qui jalonnent la vie d\u2019un kin\u00e9sith\u00e9rapeute lib\u00e9ral du projet de travailler en lib\u00e9ral au pilotage de l\u2019activit\u00e9.<\/span><\/p>\n<h2><span style=\"font-weight: 400;\">Pouvez-vous vous pr\u00e9senter et nous dire comment Le Forum des Professions Lib\u00e9rales est n\u00e9?<\/span><\/h2>\n<p><span style=\"font-weight: 400;\">Bonjour, tout d\u2019abord je tiens \u00e0 vous remercier de me permettre de pr\u00e9senter le <\/span><b>Forum Des Professions Lib\u00e9rales<\/b><span style=\"font-weight: 400;\"> \u00e0 vos lecteurs.\u00a0<\/span><\/p>\n<p><span style=\"font-weight: 400;\">Pour ma part, je suis analyste comptable dans une association de gestion agr\u00e9\u00e9e \u00e0 Montpellier (AGAPL). Depuis une dizaine d&rsquo;ann\u00e9es (oui le temps passe vite) je contr\u00f4le <\/span><b>les d\u00e9clarations des professionnels lib\u00e9raux<\/b><span style=\"font-weight: 400;\">. Nous les accompagnons dans la r\u00e9alisation de leurs obligations administratives et fiscales.\u00a0<\/span><\/p>\n<p><span style=\"font-weight: 400;\">Durant cette p\u00e9riode j\u2019ai pu identifier les besoins de ces professionnels.<\/span><\/p>\n<ul>\n<li style=\"font-weight: 400;\" aria-level=\"1\">\n<h3><span style=\"font-weight: 400;\">Le <\/span><b>professionnel lib\u00e9ral<\/b><span style=\"font-weight: 400;\"> manque d\u2019information<\/span><\/h3>\n<\/li>\n<\/ul>\n<p><span style=\"font-weight: 400;\">Les questions qui me sont pos\u00e9es dans le cadre de mon activit\u00e9 salari\u00e9e sont r\u00e9currentes. Pourquoi ne pas r\u00e9pondre \u00e0 ces interrogations fiscales, sociales, comptables ou administratives <\/span><span style=\"font-weight: 400;\">et faire en sorte que les r\u00e9ponses soient accessibles au plus grand nombre ?<\/span><\/p>\n<ul>\n<li style=\"font-weight: 400;\" aria-level=\"1\">\n<h3><span style=\"font-weight: 400;\">Le <\/span><b>professionnel lib\u00e9ral<\/b><span style=\"font-weight: 400;\"> doit bien s\u2019entourer<\/span><\/h3>\n<\/li>\n<\/ul>\n<p><span style=\"font-weight: 400;\">On me demande souvent si je connais un assureur ou un expert-comptable.\u00a0<\/span><\/p>\n<p><span style=\"font-weight: 400;\">Le second besoin est identifi\u00e9 : bien s\u2019entourer.\u00a0<\/span><\/p>\n<p><span style=\"font-weight: 400;\">Je me suis donc dit qu\u2019il serait int\u00e9ressant de r\u00e9f\u00e9rencer des professionnels de l\u2019expertise comptable et de l&rsquo;assurance sp\u00e9cialis\u00e9s dans la <\/span><b>profession lib\u00e9rale.\u00a0<\/b><\/p>\n<ul>\n<li style=\"font-weight: 400;\" aria-level=\"1\">\n<h3><span style=\"font-weight: 400;\">Les autres besoins des <\/span><b>professionnels lib\u00e9raux<\/b><\/h3>\n<\/li>\n<\/ul>\n<p><span style=\"font-weight: 400;\">Puis, \u00e0 force de tra\u00eener sur les groupes, les forums, j\u2019ai d\u00e9couvert une multitude d&rsquo;autres besoins. (Visibilit\u00e9, besoin de trouver un rempla\u00e7ant, petites annonces vente de mat\u00e9riel\u2026)<\/span><\/p>\n<h2><span style=\"font-weight: 400;\">Comment fonctionne le Forum des Professions Lib\u00e9rales?<\/span><\/h2>\n<p><span style=\"font-weight: 400;\">Le site se d\u00e9compose en quatre parties majeures.\u00a0<\/span><\/p>\n<ul>\n<li style=\"font-weight: 400;\" aria-level=\"1\">\n<h3><span style=\"font-weight: 400;\">Le Forum<\/span><\/h3>\n<\/li>\n<\/ul>\n<p><span style=\"font-weight: 400;\">Vous pouvez poser vos questions aux autres membres de la communaut\u00e9 ou simplement consulter les sujets trait\u00e9s. Pensez \u00e0 la petite \u201cloupe\u201d qui vous permettra de trouver rapidement la r\u00e9ponse \u00e0 votre interrogation.\u00a0<\/span><\/p>\n<ul>\n<li style=\"font-weight: 400;\" aria-level=\"1\">\n<h3><span style=\"font-weight: 400;\">Le blog\u00a0<\/span><\/h3>\n<\/li>\n<\/ul>\n<p><span style=\"font-weight: 400;\">Tenez-vous \u00e0 jour de l\u2019<\/span><b>actualit\u00e9 des professionnels lib\u00e9raux<\/b><span style=\"font-weight: 400;\">. Nous r\u00e9digeons r\u00e9guli\u00e8rement des articles sur des th\u00e8mes vari\u00e9s. Nous sommes sans cesse \u00e0 la recherche de nouvelles actualit\u00e9s mais aussi de bons plans et alternatives \u00e0 ce que vous connaissez d\u00e9j\u00e0.<\/span><\/p>\n<p><span style=\"font-weight: 400;\"><\/span><\/p>\n<ul>\n<li style=\"font-weight: 400;\" aria-level=\"2\">\n<h3>Les portraits<span style=\"font-weight: 400;\"><\/span><span style=\"font-weight: 400;\"><\/span><\/h3>\n<\/li>\n<\/ul>\n<p><span style=\"font-weight: 400;\"><\/span><\/p>\n<ul>\n<li style=\"font-weight: 400;\" aria-level=\"2\"><span style=\"font-weight: 400;\">Nous avons aussi cr\u00e9\u00e9 une sous rubrique \u201cPortrait\u201d qui permettra au <\/span><b>professionnel lib\u00e9ral <\/b><span style=\"font-weight: 400;\">de <\/span><a href=\"https:\/\/kineoweb.fr\/kineoblog\/pourquoi-creer-un-site-web-kine\/\" target=\"_blank\" rel=\"noopener\"><span style=\"font-weight: 400;\">d\u00e9velopper sa visibilit\u00e9 sur internet<\/span><\/a><span style=\"font-weight: 400;\">\u00a0<\/span><\/li>\n<\/ul>\n<ul>\n<li style=\"font-weight: 400;\" aria-level=\"1\"><span style=\"font-weight: 400;\">Trouver\u2026<\/span><\/li>\n<\/ul>\n<p><span style=\"font-weight: 400;\">Vous souhaitez rencontrer un expert-comptable, un assureur? C\u2019est tr\u00e8s simple, rendez-vous sur la page profil du professionnel. Nous avons demand\u00e9 \u00e0 nos partenaires de d\u00e9velopper au maximum leur annonce pour que vous ayez une premi\u00e8re approche d\u00e8s la lecture de la pr\u00e9sentation. Si vous souhaitez les contacter, rendez-vous sur l\u2019onglet \u201ccontact\u201d, renseignez le formulaire et le tour est jou\u00e9.<\/span><\/p>\n<p><span style=\"font-weight: 400;\">Vous avez aussi la possibilit\u00e9 de consulter la liste des logiciels comptables et administratifs, des magasins de mat\u00e9riel professionnel et de formations.\u00a0<\/span><\/p>\n<ul>\n<li style=\"font-weight: 400;\" aria-level=\"1\">\n<h3><span style=\"font-weight: 400;\">Petites Annonces<\/span><\/h3>\n<\/li>\n<\/ul>\n<p><span style=\"font-weight: 400;\">La rubrique \u201cpetites annonces\u201d a \u00e9t\u00e9 cr\u00e9\u00e9e pour r\u00e9pondre \u00e0 plusieurs points\u00a0<\/span><\/p>\n<ul>\n<li style=\"font-weight: 400;\" aria-checked=\"false\" aria-level=\"1\"><span style=\"font-weight: 400;\">Je recherche un rempla\u00e7ant (pour partir au ski)<\/span><\/li>\n<li style=\"font-weight: 400;\" aria-checked=\"false\" aria-level=\"1\"><span style=\"font-weight: 400;\">Je suis rempla\u00e7ant et je cherche un poste \u00e0 pourvoir<\/span><\/li>\n<li style=\"font-weight: 400;\" aria-checked=\"false\" aria-level=\"1\"><span style=\"font-weight: 400;\">Je ne me sers plus de mon mat\u00e9riel professionnel, je peux vous le vendre\u00a0<\/span><\/li>\n<\/ul>\n<h2><span style=\"font-weight: 400;\">Quels sont les exemples de probl\u00e9matiques des kin\u00e9s lib\u00e9raux auxquels ils peuvent trouver une r\u00e9ponse ?<\/span><\/h2>\n<ul>\n<li style=\"font-weight: 400;\" aria-level=\"1\">\n<h3><span style=\"font-weight: 400;\">Installation en lib\u00e9ral, les d\u00e9marches<\/span><\/h3>\n<\/li>\n<\/ul>\n<p><span style=\"font-weight: 400;\">S\u2019installer en lib\u00e9ral peut s\u2019av\u00e9rer compliqu\u00e9 pour un kin\u00e9sith\u00e9rapeute <\/span><a href=\"https:\/\/forum-des-professions-liberales.fr\/fiches-metiers-bnc\/masseur-kine\/\" target=\"_blank\" rel=\"noopener\"><span style=\"font-weight: 400;\">(fiche m\u00e9tier ici)<\/span><\/a><span style=\"font-weight: 400;\"> ou un ost\u00e9opathe mal inform\u00e9. Vous aurez \u00e0 entreprendre de nombreuses d\u00e9marches. Nous vous donnons les cl\u00e9s pour r\u00e9ussir votre installation dans l\u2019article <\/span><b>PROFESSION LIBERALE : ce qu\u2019il faut savoir pour se lancer<\/b><\/p>\n<p>&nbsp;<\/p>\n<ul>\n<li style=\"font-weight: 400;\" aria-level=\"1\">\n<h3><span style=\"font-weight: 400;\">Questions fiscales, sociales, comptables, administratives<\/span><\/h3>\n<\/li>\n<\/ul>\n<p><span style=\"font-weight: 400;\">La comptabilit\u00e9 des BNC n\u2019est pas tr\u00e8s compliqu\u00e9e,enfin pour quelqu&rsquo;un qui a certaines notions. Cependant il existe \u00e9norm\u00e9ment de particularit\u00e9s en fiscalit\u00e9 et en social. L\u2019\u00e9change entre professionnels vous facilitera grandement la t\u00e2che. Le forum est l\u00e0 pour \u00e7a!<\/span><\/p>\n<ul>\n<li style=\"font-weight: 400;\" aria-level=\"1\">\n<h3><span style=\"font-weight: 400;\">Trouver un expert-comptable, un expert-comptable en ligne (comptaSant\u00e9, Dougs) ou un logiciel comptable (indy)\u00a0<\/span><\/h3>\n<\/li>\n<\/ul>\n<p><span style=\"font-weight: 400;\">En tant que professionnel lib\u00e9ral, plusieurs choix de gestion comptable s\u2019offrent \u00e0 vous. Si vous vous sentez pr\u00eat \u00e0 faire votre comptabilit\u00e9 par vos propres moyens, les robots comptables comme indy sont faits pour vous. Sinon vous pouvez choisir un expert-comptable ou un expert comptable en ligne pour plus de s\u00e9r\u00e9nit\u00e9.<\/span><\/p>\n<ul>\n<li style=\"font-weight: 400;\" aria-level=\"1\">\n<h3><span style=\"font-weight: 400;\">Trouver un assureur pour les contrats Madelin, PER, rcp, multirisque\u2026<\/span><\/h3>\n<\/li>\n<\/ul>\n<p><span style=\"font-weight: 400;\">Prot\u00e9ger son activit\u00e9 et pr\u00e9parer son avenir est tr\u00e8s important. Des dispositifs tr\u00e8s avantageux (d\u00e9ductibles fiscalement) ont \u00e9t\u00e9 cr\u00e9\u00e9s pour inciter les professionnels lib\u00e9raux \u00e0 mieux se prot\u00e9ger. Nous vous conseillons donc de vous rapprocher d\u2019un agent d\u2019assurance, ou d\u2019un courtier.<\/span><\/p>\n<ul>\n<li style=\"font-weight: 400;\" aria-level=\"1\">\n<h3><span style=\"font-weight: 400;\">D\u00e9velopper sa visibilit\u00e9 (portrait)<\/span><\/h3>\n<\/li>\n<\/ul>\n<p><span style=\"font-weight: 400;\">Nous donnons la possibilit\u00e9 \u00e0 nos membres de d\u00e9poser une pr\u00e9sentation, avec formulaire de contact. L\u2019int\u00e9r\u00eat est double puisqu\u2019il vous permettra de cr\u00e9er une v\u00e9ritable page web et ainsi gagner en visibilit\u00e9 sur internet. Cela renforcera aussi le r\u00e9f\u00e9rencement de <\/span><a href=\"https:\/\/kineoweb.fr\/notre-offre\/\" target=\"_blank\" rel=\"noopener\"><span style=\"font-weight: 400;\">votre site web<\/span><\/a><span style=\"font-weight: 400;\">.\u00a0<\/span><\/p>\n<ul>\n<li style=\"font-weight: 400;\" aria-level=\"1\">\n<h3><span style=\"font-weight: 400;\">Trouver un rempla\u00e7ant ou un poste de rempla\u00e7ant<\/span><\/h3>\n<\/li>\n<\/ul>\n<p><span style=\"font-weight: 400;\">Il est parfois compliqu\u00e9 pour un kin\u00e9\/ost\u00e9o de trouver un rempla\u00e7ant, alors si vous avez besoin de souffler, nous avons mis en place un syst\u00e8me de petite annonce que nous partagerons ensuite sur nos r\u00e9seaux. Vous multipliez ainsi vos chances de trouver un rempla\u00e7ant.<\/span><\/p>\n<ul>\n<li style=\"font-weight: 400;\" aria-level=\"1\">\n<h3><span style=\"font-weight: 400;\">Vendre ou acheter du mat\u00e9riel d\u2019occasion<\/span><\/h3>\n<\/li>\n<\/ul>\n<p><span style=\"font-weight: 400;\">Le mat\u00e9riel professionnel est un poste important pour un kin\u00e9\/ost\u00e9o. Votre ancien mat\u00e9riel pourrait \u00eatre utilis\u00e9 par un autre kin\u00e9. D\u00e9posez donc votre annonce, pour que ce mat\u00e9riel trouve une seconde vie!\u00a0<\/span><\/p>\n<h2><span style=\"font-weight: 400;\">Comment les kin\u00e9s peuvent-ils acc\u00e9der aux ressources et aux outils du Forum des Professions Lib\u00e9rales ?<\/span><\/h2>\n<p><span style=\"font-weight: 400;\">Sur le <\/span><b>Forum Des Professions Lib\u00e9rales<\/b><span style=\"font-weight: 400;\">, toutes les ressources et outils sont totalement gratuits. Aucune page n\u2019est restreinte. Ainsi vous pouvez consulter l\u2019ensemble des posts du forum, lire les articles, contacter un expert-comptable, ou un assureur.<\/span><\/p>\n<p><span style=\"font-weight: 400;\">Toutefois, si vous souhaitez interagir sur le forum, d\u00e9poser votre portrait ou une annonce, vous devez cr\u00e9er un compte ou vous connecter directement avec le compte Facebook connect.<\/span><\/p>\n<h2><span style=\"font-weight: 400;\">Comment le Forum des Professions Lib\u00e9rales aide-t-il dans la mise en relation entre kin\u00e9sith\u00e9rapeute et les professionnels qui peuvent les accompagner?\u00a0<\/span><\/h2>\n<p><span style=\"font-weight: 400;\">Deux solutions s\u2019offrent \u00e0 vous :<\/span><\/p>\n<ul>\n<li style=\"font-weight: 400;\" aria-level=\"1\"><span style=\"font-weight: 400;\">contacter directement le professionnel via l\u2019onglet contact\u00a0 (expert-comptable ou assureur)\u00a0<\/span><\/li>\n<li style=\"font-weight: 400;\" aria-level=\"1\"><span style=\"font-weight: 400;\">Faire une demande aupr\u00e8s du forum des professions lib\u00e9rales. Nous transmettrons alors vos coordonn\u00e9es aux professionnels exer\u00e7ant \u00e0 proximit\u00e9 du lieu de votre activit\u00e9.<\/span><\/li>\n<\/ul>\n<h2><span style=\"font-weight: 400;\">Quels sont les b\u00e9n\u00e9fices pour un kin\u00e9sith\u00e9rapeute d\u2019utiliser le Forum des Professions Lib\u00e9rales ?\u00a0<\/span><\/h2>\n<p><span style=\"font-weight: 400;\">Tout d\u2019abord, le site est totalement GRATUIT. Ensuite mon objectif est de centraliser l\u2019information. Le kin\u00e9sith\u00e9rapeute gagnera, ce qui \u00e0 mon sens est le plus pr\u00e9cieux : <\/span><b>du temps.\u00a0<\/b><\/p>\n<p><span style=\"font-weight: 400;\">Mais chacun trouvera son propre int\u00e9r\u00eat \u00e0 rejoindre le <\/span><b>Forum Des Professions Lib\u00e9rales<\/b><span style=\"font-weight: 400;\">. Certains se lancent et ont besoin d\u2019\u00eatre accompagn\u00e9s, d\u2019autres ont besoin de d\u00e9velopper leur patient\u00e8le, la visibilit\u00e9 est donc primordiale. D\u2019autres ont besoin de souffler et cherchent un rempla\u00e7ant.\u00a0<\/span><\/p>\n<p><span style=\"font-weight: 400;\">\u00a0<\/span><\/p>\n<p><b>FDPL<\/b><span style=\"font-weight: 400;\"> a \u00e9t\u00e9 cr\u00e9\u00e9 pour vous, construisons ensemble la plus grande communaut\u00e9 de professionnels lib\u00e9raux : <a href=\"https:\/\/forum-des-professions-liberales.fr\/sign-up\/?redirect_to=https%3A%2F%2Fforum-des-professions-liberales.fr%2F\" target=\"_blank\" rel=\"noopener\">rejoignez-nous<\/a> !\u00a0<\/span><\/p>\n<p><span style=\"font-weight: 400;\">\u00a0<\/span><\/p>\n<p>[\/et_pb_text][\/et_pb_column][\/et_pb_row][\/et_pb_section]<\/p>\n","protected":false},"excerpt":{"rendered":"<p>Connaissez-vous le Forum des Professions Lib\u00e9rales? C&rsquo;est Thibault, son fondateur, qui vous le pr\u00e9sente ici \ud83d\udc47<\/p>\n","protected":false},"author":1,"featured_media":1255,"comment_status":"open","ping_status":"open","sticky":false,"template":"","format":"standard","meta":{"_et_pb_use_builder":"on","_et_pb_old_content":"","_et_gb_content_width":"2880","_monsterinsights_skip_tracking":false,"_monsterinsights_sitenote_active":false,"_monsterinsights_sitenote_note":"","_monsterinsights_sitenote_category":0,"_jetpack_memberships_contains_paid_content":false,"footnotes":""},"categories":[1],"tags":[27,28,26,12,21,24],"class_list":["post-1254","post","type-post","status-publish","format-standard","has-post-thumbnail","hentry","category-e-therapeutes","tag-creation-cabinet-liberal","tag-demarches-entrepreneurs","tag-forum-des-professions-liberales","tag-kinesitherapie","tag-site-web","tag-site-web-kine"],"yoast_head":"<!-- This site is optimized with the Yoast SEO plugin v27.4 - https:\/\/yoast.com\/product\/yoast-seo-wordpress\/ -->\n<title>Connaissez-vous le Forum des professions lib\u00e9rales? - Kin\u00e9Oblog<\/title>\n<meta name=\"description\" content=\"Connaissez-vous le Forum des Professions Lib\u00e9rales? C&#039;est Thibault, son fondateur, qui vous le pr\u00e9sente ici \ud83d\udc47\" \/>\n<meta name=\"robots\" content=\"index, follow, max-snippet:-1, max-image-preview:large, max-video-preview:-1\" \/>\n<link rel=\"canonical\" href=\"https:\/\/kineoweb.fr\/kineoblog\/forum-professions-liberales\/\" \/>\n<meta property=\"og:locale\" content=\"fr_FR\" \/>\n<meta property=\"og:type\" content=\"article\" \/>\n<meta property=\"og:title\" content=\"Connaissez-vous le Forum des professions lib\u00e9rales? - Kin\u00e9Oblog\" \/>\n<meta property=\"og:description\" content=\"Connaissez-vous le Forum des Professions Lib\u00e9rales? C&#039;est Thibault, son fondateur, qui vous le pr\u00e9sente ici \ud83d\udc47\" \/>\n<meta property=\"og:url\" content=\"https:\/\/kineoweb.fr\/kineoblog\/forum-professions-liberales\/\" \/>\n<meta property=\"og:site_name\" content=\"Kin\u00e9Oblog\" \/>\n<meta property=\"article:publisher\" content=\"https:\/\/www.facebook.com\/Kin%c3%a9Oweb-1551479311825491\/?ref=aymt_homepage_panel\" \/>\n<meta property=\"article:published_time\" content=\"2022-12-13T10:20:10+00:00\" \/>\n<meta property=\"article:modified_time\" content=\"2022-12-22T08:35:32+00:00\" \/>\n<meta property=\"og:image\" content=\"https:\/\/kineoweb.fr\/kineoblog\/wp-content\/uploads\/sites\/2\/2022\/12\/Forum-des-professions-liberales.jpg\" \/>\n\t<meta property=\"og:image:width\" content=\"960\" \/>\n\t<meta property=\"og:image:height\" content=\"541\" \/>\n\t<meta property=\"og:image:type\" content=\"image\/jpeg\" \/>\n<meta name=\"author\" content=\"kineoweb\" \/>\n<meta name=\"twitter:card\" content=\"summary_large_image\" \/>\n<meta name=\"twitter:label1\" content=\"\u00c9crit par\" \/>\n\t<meta name=\"twitter:data1\" content=\"kineoweb\" \/>\n\t<meta name=\"twitter:label2\" content=\"Dur\u00e9e de lecture estim\u00e9e\" \/>\n\t<meta name=\"twitter:data2\" content=\"7 minutes\" \/>\n<script type=\"application\/ld+json\" class=\"yoast-schema-graph\">{\"@context\":\"https:\\\/\\\/schema.org\",\"@graph\":[{\"@type\":\"Article\",\"@id\":\"https:\\\/\\\/kineoweb.fr\\\/kineoblog\\\/forum-professions-liberales\\\/#article\",\"isPartOf\":{\"@id\":\"https:\\\/\\\/kineoweb.fr\\\/kineoblog\\\/forum-professions-liberales\\\/\"},\"author\":{\"name\":\"kineoweb\",\"@id\":\"https:\\\/\\\/kineoweb.fr\\\/kineoblog\\\/#\\\/schema\\\/person\\\/276328f3f20d571a6313a40a82bab4ea\"},\"headline\":\"Connaissez-vous le Forum des professions lib\u00e9rales?\",\"datePublished\":\"2022-12-13T10:20:10+00:00\",\"dateModified\":\"2022-12-22T08:35:32+00:00\",\"mainEntityOfPage\":{\"@id\":\"https:\\\/\\\/kineoweb.fr\\\/kineoblog\\\/forum-professions-liberales\\\/\"},\"wordCount\":1615,\"commentCount\":0,\"image\":{\"@id\":\"https:\\\/\\\/kineoweb.fr\\\/kineoblog\\\/forum-professions-liberales\\\/#primaryimage\"},\"thumbnailUrl\":\"https:\\\/\\\/i0.wp.com\\\/kineoweb.fr\\\/kineoblog\\\/wp-content\\\/uploads\\\/sites\\\/2\\\/2022\\\/12\\\/Forum-des-professions-liberales.jpg?fit=960%2C541&ssl=1\",\"keywords\":[\"cr\u00e9ation cabinet lib\u00e9ral\",\"d\u00e9marches entrepreneurs\",\"forum des professions lib\u00e9rales\",\"kin\u00e9sith\u00e9rapie\",\"site web\",\"site web kin\u00e9\"],\"articleSection\":[\"Th\u00e9rapeutes connect\u00e9s\"],\"inLanguage\":\"fr-FR\",\"potentialAction\":[{\"@type\":\"CommentAction\",\"name\":\"Comment\",\"target\":[\"https:\\\/\\\/kineoweb.fr\\\/kineoblog\\\/forum-professions-liberales\\\/#respond\"]}]},{\"@type\":\"WebPage\",\"@id\":\"https:\\\/\\\/kineoweb.fr\\\/kineoblog\\\/forum-professions-liberales\\\/\",\"url\":\"https:\\\/\\\/kineoweb.fr\\\/kineoblog\\\/forum-professions-liberales\\\/\",\"name\":\"Connaissez-vous le Forum des professions lib\u00e9rales? - Kin\u00e9Oblog\",\"isPartOf\":{\"@id\":\"https:\\\/\\\/kineoweb.fr\\\/kineoblog\\\/#website\"},\"primaryImageOfPage\":{\"@id\":\"https:\\\/\\\/kineoweb.fr\\\/kineoblog\\\/forum-professions-liberales\\\/#primaryimage\"},\"image\":{\"@id\":\"https:\\\/\\\/kineoweb.fr\\\/kineoblog\\\/forum-professions-liberales\\\/#primaryimage\"},\"thumbnailUrl\":\"https:\\\/\\\/i0.wp.com\\\/kineoweb.fr\\\/kineoblog\\\/wp-content\\\/uploads\\\/sites\\\/2\\\/2022\\\/12\\\/Forum-des-professions-liberales.jpg?fit=960%2C541&ssl=1\",\"datePublished\":\"2022-12-13T10:20:10+00:00\",\"dateModified\":\"2022-12-22T08:35:32+00:00\",\"author\":{\"@id\":\"https:\\\/\\\/kineoweb.fr\\\/kineoblog\\\/#\\\/schema\\\/person\\\/276328f3f20d571a6313a40a82bab4ea\"},\"description\":\"Connaissez-vous le Forum des Professions Lib\u00e9rales? C'est Thibault, son fondateur, qui vous le pr\u00e9sente ici \ud83d\udc47\",\"breadcrumb\":{\"@id\":\"https:\\\/\\\/kineoweb.fr\\\/kineoblog\\\/forum-professions-liberales\\\/#breadcrumb\"},\"inLanguage\":\"fr-FR\",\"potentialAction\":[{\"@type\":\"ReadAction\",\"target\":[\"https:\\\/\\\/kineoweb.fr\\\/kineoblog\\\/forum-professions-liberales\\\/\"]}]},{\"@type\":\"ImageObject\",\"inLanguage\":\"fr-FR\",\"@id\":\"https:\\\/\\\/kineoweb.fr\\\/kineoblog\\\/forum-professions-liberales\\\/#primaryimage\",\"url\":\"https:\\\/\\\/i0.wp.com\\\/kineoweb.fr\\\/kineoblog\\\/wp-content\\\/uploads\\\/sites\\\/2\\\/2022\\\/12\\\/Forum-des-professions-liberales.jpg?fit=960%2C541&ssl=1\",\"contentUrl\":\"https:\\\/\\\/i0.wp.com\\\/kineoweb.fr\\\/kineoblog\\\/wp-content\\\/uploads\\\/sites\\\/2\\\/2022\\\/12\\\/Forum-des-professions-liberales.jpg?fit=960%2C541&ssl=1\",\"width\":960,\"height\":541,\"caption\":\"Forum des professions lib\u00e9rales\"},{\"@type\":\"BreadcrumbList\",\"@id\":\"https:\\\/\\\/kineoweb.fr\\\/kineoblog\\\/forum-professions-liberales\\\/#breadcrumb\",\"itemListElement\":[{\"@type\":\"ListItem\",\"position\":1,\"name\":\"Accueil\",\"item\":\"https:\\\/\\\/kineoweb.fr\\\/kineoblog\\\/\"},{\"@type\":\"ListItem\",\"position\":2,\"name\":\"Connaissez-vous le Forum des professions lib\u00e9rales?\"}]},{\"@type\":\"WebSite\",\"@id\":\"https:\\\/\\\/kineoweb.fr\\\/kineoblog\\\/#website\",\"url\":\"https:\\\/\\\/kineoweb.fr\\\/kineoblog\\\/\",\"name\":\"Kin\u00e9Oblog\",\"description\":\"Conseils et informations pour les Kin\u00e9s et Ost\u00e9os\",\"potentialAction\":[{\"@type\":\"SearchAction\",\"target\":{\"@type\":\"EntryPoint\",\"urlTemplate\":\"https:\\\/\\\/kineoweb.fr\\\/kineoblog\\\/?s={search_term_string}\"},\"query-input\":{\"@type\":\"PropertyValueSpecification\",\"valueRequired\":true,\"valueName\":\"search_term_string\"}}],\"inLanguage\":\"fr-FR\"},{\"@type\":\"Person\",\"@id\":\"https:\\\/\\\/kineoweb.fr\\\/kineoblog\\\/#\\\/schema\\\/person\\\/276328f3f20d571a6313a40a82bab4ea\",\"name\":\"kineoweb\",\"image\":{\"@type\":\"ImageObject\",\"inLanguage\":\"fr-FR\",\"@id\":\"https:\\\/\\\/secure.gravatar.com\\\/avatar\\\/63966abb47ac008849350af90453384a20b61d9f1b4cc0fc20b34cdd2c666586?s=96&d=mm&r=g\",\"url\":\"https:\\\/\\\/secure.gravatar.com\\\/avatar\\\/63966abb47ac008849350af90453384a20b61d9f1b4cc0fc20b34cdd2c666586?s=96&d=mm&r=g\",\"contentUrl\":\"https:\\\/\\\/secure.gravatar.com\\\/avatar\\\/63966abb47ac008849350af90453384a20b61d9f1b4cc0fc20b34cdd2c666586?s=96&d=mm&r=g\",\"caption\":\"kineoweb\"},\"url\":\"https:\\\/\\\/kineoweb.fr\\\/kineoblog\\\/author\\\/kineoweb\\\/\"}]}<\/script>\n<!-- \/ Yoast SEO plugin. -->","yoast_head_json":{"title":"Connaissez-vous le Forum des professions lib\u00e9rales? - Kin\u00e9Oblog","description":"Connaissez-vous le Forum des Professions Lib\u00e9rales? C'est Thibault, son fondateur, qui vous le pr\u00e9sente ici \ud83d\udc47","robots":{"index":"index","follow":"follow","max-snippet":"max-snippet:-1","max-image-preview":"max-image-preview:large","max-video-preview":"max-video-preview:-1"},"canonical":"https:\/\/kineoweb.fr\/kineoblog\/forum-professions-liberales\/","og_locale":"fr_FR","og_type":"article","og_title":"Connaissez-vous le Forum des professions lib\u00e9rales? - Kin\u00e9Oblog","og_description":"Connaissez-vous le Forum des Professions Lib\u00e9rales? C'est Thibault, son fondateur, qui vous le pr\u00e9sente ici \ud83d\udc47","og_url":"https:\/\/kineoweb.fr\/kineoblog\/forum-professions-liberales\/","og_site_name":"Kin\u00e9Oblog","article_publisher":"https:\/\/www.facebook.com\/Kin%c3%a9Oweb-1551479311825491\/?ref=aymt_homepage_panel","article_published_time":"2022-12-13T10:20:10+00:00","article_modified_time":"2022-12-22T08:35:32+00:00","og_image":[{"width":960,"height":541,"url":"https:\/\/kineoweb.fr\/kineoblog\/wp-content\/uploads\/sites\/2\/2022\/12\/Forum-des-professions-liberales.jpg","type":"image\/jpeg"}],"author":"kineoweb","twitter_card":"summary_large_image","twitter_misc":{"\u00c9crit par":"kineoweb","Dur\u00e9e de lecture estim\u00e9e":"7 minutes"},"schema":{"@context":"https:\/\/schema.org","@graph":[{"@type":"Article","@id":"https:\/\/kineoweb.fr\/kineoblog\/forum-professions-liberales\/#article","isPartOf":{"@id":"https:\/\/kineoweb.fr\/kineoblog\/forum-professions-liberales\/"},"author":{"name":"kineoweb","@id":"https:\/\/kineoweb.fr\/kineoblog\/#\/schema\/person\/276328f3f20d571a6313a40a82bab4ea"},"headline":"Connaissez-vous le Forum des professions lib\u00e9rales?","datePublished":"2022-12-13T10:20:10+00:00","dateModified":"2022-12-22T08:35:32+00:00","mainEntityOfPage":{"@id":"https:\/\/kineoweb.fr\/kineoblog\/forum-professions-liberales\/"},"wordCount":1615,"commentCount":0,"image":{"@id":"https:\/\/kineoweb.fr\/kineoblog\/forum-professions-liberales\/#primaryimage"},"thumbnailUrl":"https:\/\/i0.wp.com\/kineoweb.fr\/kineoblog\/wp-content\/uploads\/sites\/2\/2022\/12\/Forum-des-professions-liberales.jpg?fit=960%2C541&ssl=1","keywords":["cr\u00e9ation cabinet lib\u00e9ral","d\u00e9marches entrepreneurs","forum des professions lib\u00e9rales","kin\u00e9sith\u00e9rapie","site web","site web kin\u00e9"],"articleSection":["Th\u00e9rapeutes connect\u00e9s"],"inLanguage":"fr-FR","potentialAction":[{"@type":"CommentAction","name":"Comment","target":["https:\/\/kineoweb.fr\/kineoblog\/forum-professions-liberales\/#respond"]}]},{"@type":"WebPage","@id":"https:\/\/kineoweb.fr\/kineoblog\/forum-professions-liberales\/","url":"https:\/\/kineoweb.fr\/kineoblog\/forum-professions-liberales\/","name":"Connaissez-vous le Forum des professions lib\u00e9rales? - Kin\u00e9Oblog","isPartOf":{"@id":"https:\/\/kineoweb.fr\/kineoblog\/#website"},"primaryImageOfPage":{"@id":"https:\/\/kineoweb.fr\/kineoblog\/forum-professions-liberales\/#primaryimage"},"image":{"@id":"https:\/\/kineoweb.fr\/kineoblog\/forum-professions-liberales\/#primaryimage"},"thumbnailUrl":"https:\/\/i0.wp.com\/kineoweb.fr\/kineoblog\/wp-content\/uploads\/sites\/2\/2022\/12\/Forum-des-professions-liberales.jpg?fit=960%2C541&ssl=1","datePublished":"2022-12-13T10:20:10+00:00","dateModified":"2022-12-22T08:35:32+00:00","author":{"@id":"https:\/\/kineoweb.fr\/kineoblog\/#\/schema\/person\/276328f3f20d571a6313a40a82bab4ea"},"description":"Connaissez-vous le Forum des Professions Lib\u00e9rales? C'est Thibault, son fondateur, qui vous le pr\u00e9sente ici \ud83d\udc47","breadcrumb":{"@id":"https:\/\/kineoweb.fr\/kineoblog\/forum-professions-liberales\/#breadcrumb"},"inLanguage":"fr-FR","potentialAction":[{"@type":"ReadAction","target":["https:\/\/kineoweb.fr\/kineoblog\/forum-professions-liberales\/"]}]},{"@type":"ImageObject","inLanguage":"fr-FR","@id":"https:\/\/kineoweb.fr\/kineoblog\/forum-professions-liberales\/#primaryimage","url":"https:\/\/i0.wp.com\/kineoweb.fr\/kineoblog\/wp-content\/uploads\/sites\/2\/2022\/12\/Forum-des-professions-liberales.jpg?fit=960%2C541&ssl=1","contentUrl":"https:\/\/i0.wp.com\/kineoweb.fr\/kineoblog\/wp-content\/uploads\/sites\/2\/2022\/12\/Forum-des-professions-liberales.jpg?fit=960%2C541&ssl=1","width":960,"height":541,"caption":"Forum des professions lib\u00e9rales"},{"@type":"BreadcrumbList","@id":"https:\/\/kineoweb.fr\/kineoblog\/forum-professions-liberales\/#breadcrumb","itemListElement":[{"@type":"ListItem","position":1,"name":"Accueil","item":"https:\/\/kineoweb.fr\/kineoblog\/"},{"@type":"ListItem","position":2,"name":"Connaissez-vous le Forum des professions lib\u00e9rales?"}]},{"@type":"WebSite","@id":"https:\/\/kineoweb.fr\/kineoblog\/#website","url":"https:\/\/kineoweb.fr\/kineoblog\/","name":"Kin\u00e9Oblog","description":"Conseils et informations pour les Kin\u00e9s et Ost\u00e9os","potentialAction":[{"@type":"SearchAction","target":{"@type":"EntryPoint","urlTemplate":"https:\/\/kineoweb.fr\/kineoblog\/?s={search_term_string}"},"query-input":{"@type":"PropertyValueSpecification","valueRequired":true,"valueName":"search_term_string"}}],"inLanguage":"fr-FR"},{"@type":"Person","@id":"https:\/\/kineoweb.fr\/kineoblog\/#\/schema\/person\/276328f3f20d571a6313a40a82bab4ea","name":"kineoweb","image":{"@type":"ImageObject","inLanguage":"fr-FR","@id":"https:\/\/secure.gravatar.com\/avatar\/63966abb47ac008849350af90453384a20b61d9f1b4cc0fc20b34cdd2c666586?s=96&d=mm&r=g","url":"https:\/\/secure.gravatar.com\/avatar\/63966abb47ac008849350af90453384a20b61d9f1b4cc0fc20b34cdd2c666586?s=96&d=mm&r=g","contentUrl":"https:\/\/secure.gravatar.com\/avatar\/63966abb47ac008849350af90453384a20b61d9f1b4cc0fc20b34cdd2c666586?s=96&d=mm&r=g","caption":"kineoweb"},"url":"https:\/\/kineoweb.fr\/kineoblog\/author\/kineoweb\/"}]}},"jetpack_featured_media_url":"https:\/\/i0.wp.com\/kineoweb.fr\/kineoblog\/wp-content\/uploads\/sites\/2\/2022\/12\/Forum-des-professions-liberales.jpg?fit=960%2C541&ssl=1","jetpack_sharing_enabled":true,"_links":{"self":[{"href":"https:\/\/kineoweb.fr\/kineoblog\/wp-json\/wp\/v2\/posts\/1254","targetHints":{"allow":["GET"]}}],"collection":[{"href":"https:\/\/kineoweb.fr\/kineoblog\/wp-json\/wp\/v2\/posts"}],"about":[{"href":"https:\/\/kineoweb.fr\/kineoblog\/wp-json\/wp\/v2\/types\/post"}],"author":[{"embeddable":true,"href":"https:\/\/kineoweb.fr\/kineoblog\/wp-json\/wp\/v2\/users\/1"}],"replies":[{"embeddable":true,"href":"https:\/\/kineoweb.fr\/kineoblog\/wp-json\/wp\/v2\/comments?post=1254"}],"version-history":[{"count":7,"href":"https:\/\/kineoweb.fr\/kineoblog\/wp-json\/wp\/v2\/posts\/1254\/revisions"}],"predecessor-version":[{"id":1272,"href":"https:\/\/kineoweb.fr\/kineoblog\/wp-json\/wp\/v2\/posts\/1254\/revisions\/1272"}],"wp:featuredmedia":[{"embeddable":true,"href":"https:\/\/kineoweb.fr\/kineoblog\/wp-json\/wp\/v2\/media\/1255"}],"wp:attachment":[{"href":"https:\/\/kineoweb.fr\/kineoblog\/wp-json\/wp\/v2\/media?parent=1254"}],"wp:term":[{"taxonomy":"category","embeddable":true,"href":"https:\/\/kineoweb.fr\/kineoblog\/wp-json\/wp\/v2\/categories?post=1254"},{"taxonomy":"post_tag","embeddable":true,"href":"https:\/\/kineoweb.fr\/kineoblog\/wp-json\/wp\/v2\/tags?post=1254"}],"curies":[{"name":"wp","href":"https:\/\/api.w.org\/{rel}","templated":true}]}}