{"id":1232,"date":"2022-11-22T12:39:57","date_gmt":"2022-11-22T11:39:57","guid":{"rendered":"https:\/\/kineoweb.fr\/kineoblog\/?p=1232"},"modified":"2022-11-22T12:39:58","modified_gmt":"2022-11-22T11:39:58","slug":"approche-globaliste-kinesitherapie","status":"publish","type":"post","link":"https:\/\/kineoweb.fr\/kineoblog\/approche-globaliste-kinesitherapie\/","title":{"rendered":"Approche globaliste en kin\u00e9sith\u00e9rapie"},"content":{"rendered":"<p>[et_pb_section fb_built=\u00a0\u00bb1&Prime; _builder_version=\u00a0\u00bb4.19.0&Prime; _module_preset=\u00a0\u00bbdefault\u00a0\u00bb custom_padding=\u00a0\u00bb1px|||||\u00a0\u00bb global_colors_info=\u00a0\u00bb{}\u00a0\u00bb][et_pb_row _builder_version=\u00a0\u00bb4.19.0&Prime; _module_preset=\u00a0\u00bbdefault\u00a0\u00bb global_colors_info=\u00a0\u00bb{}\u00a0\u00bb][et_pb_column type=\u00a0\u00bb4_4&Prime; _builder_version=\u00a0\u00bb4.19.0&Prime; _module_preset=\u00a0\u00bbdefault\u00a0\u00bb global_colors_info=\u00a0\u00bb{}\u00a0\u00bb][et_pb_image src=\u00a0\u00bbhttps:\/\/kineoweb.fr\/kineoblog\/wp-content\/uploads\/sites\/2\/2022\/11\/approche-globaliste-en-kinesitherapie.jpg\u00a0\u00bb alt=\u00a0\u00bbapproche globaliste en kin\u00e9sith\u00e9rapie\u00a0\u00bb title_text=\u00a0\u00bbente\u0302te article kine\u0301oweb\u00a0\u00bb _builder_version=\u00a0\u00bb4.19.1&Prime; _module_preset=\u00a0\u00bbdefault\u00a0\u00bb hover_enabled=\u00a0\u00bb0&Prime; global_colors_info=\u00a0\u00bb{}\u00a0\u00bb sticky_enabled=\u00a0\u00bb0&Prime;][\/et_pb_image][\/et_pb_column][\/et_pb_row][et_pb_row _builder_version=\u00a0\u00bb4.19.0&Prime; _module_preset=\u00a0\u00bbdefault\u00a0\u00bb global_colors_info=\u00a0\u00bb{}\u00a0\u00bb][et_pb_column type=\u00a0\u00bb4_4&Prime; _builder_version=\u00a0\u00bb4.19.0&Prime; _module_preset=\u00a0\u00bbdefault\u00a0\u00bb global_colors_info=\u00a0\u00bb{}\u00a0\u00bb][et_pb_text _builder_version=\u00a0\u00bb4.19.1&Prime; _module_preset=\u00a0\u00bbdefault\u00a0\u00bb header_font=\u00a0\u00bbAlata|||on|||||\u00a0\u00bb header_text_color=\u00a0\u00bb#ff4e62&Prime; header_line_height=\u00a0\u00bb1.4em\u00a0\u00bb hover_enabled=\u00a0\u00bb0&Prime; global_colors_info=\u00a0\u00bb{}\u00a0\u00bb sticky_enabled=\u00a0\u00bb0&Prime;]<\/p>\n<h1 style=\"text-align: center;\"><span style=\"font-weight: 400;\">Approche globaliste en kin\u00e9sith\u00e9rapie<\/span><\/h1>\n<p>[\/et_pb_text][\/et_pb_column][\/et_pb_row][\/et_pb_section][et_pb_section fb_built=\u00a0\u00bb1&Prime; admin_label=\u00a0\u00bbsection\u00a0\u00bb _builder_version=\u00a0\u00bb4.16&Prime; global_colors_info=\u00a0\u00bb{}\u00a0\u00bb][et_pb_row admin_label=\u00a0\u00bbrow\u00a0\u00bb _builder_version=\u00a0\u00bb4.16&Prime; background_size=\u00a0\u00bbinitial\u00a0\u00bb background_position=\u00a0\u00bbtop_left\u00a0\u00bb background_repeat=\u00a0\u00bbrepeat\u00a0\u00bb global_colors_info=\u00a0\u00bb{}\u00a0\u00bb][et_pb_column type=\u00a0\u00bb4_4&Prime; _builder_version=\u00a0\u00bb4.16&Prime; custom_padding=\u00a0\u00bb|||\u00a0\u00bb global_colors_info=\u00a0\u00bb{}\u00a0\u00bb custom_padding__hover=\u00a0\u00bb|||\u00a0\u00bb][et_pb_text admin_label=\u00a0\u00bbTexte\u00a0\u00bb _builder_version=\u00a0\u00bb4.19.0&Prime; text_font_size=\u00a0\u00bb15px\u00a0\u00bb header_2_font=\u00a0\u00bbAlata||||||||\u00a0\u00bb header_2_text_color=\u00a0\u00bb#21214c\u00a0\u00bb header_2_line_height=\u00a0\u00bb1.4em\u00a0\u00bb background_size=\u00a0\u00bbinitial\u00a0\u00bb background_position=\u00a0\u00bbtop_left\u00a0\u00bb background_repeat=\u00a0\u00bbrepeat\u00a0\u00bb use_border_color=\u00a0\u00bboff\u00a0\u00bb border_color=\u00a0\u00bb#ffffff\u00a0\u00bb border_style=\u00a0\u00bbsolid\u00a0\u00bb global_colors_info=\u00a0\u00bb{}\u00a0\u00bb]<\/p>\n<p><span style=\"font-weight: 400;\">Le postulat d\u2019une <\/span><b>approche globaliste<\/b><span style=\"font-weight: 400;\"> en kin\u00e9sith\u00e9rapie pourrait se r\u00e9sumer ainsi:<\/span><\/p>\n<p><span style=\"font-weight: 400;\">\u201cIl ne sert \u00e0 rien de traiter le sympt\u00f4me sans une connaissance de l\u2019histoire du patient afin de comprendre la cause profonde\u201d (Jung, un voyage vers soi, Fr\u00e9d\u00e9ric Lenoir).\u00a0<\/span><\/p>\n<p><span style=\"font-weight: 400;\">Cette vision globale du patient s\u2019applique aussi parfaitement en kin\u00e9sith\u00e9rapie. Lors de l\u2019<\/span><a href=\"https:\/\/kineoweb.fr\/kineoblog\/methode-mezieres-une-approche-educationnelle-preventive-et-curative\/\"><span style=\"font-weight: 400;\">interview sur la m\u00e9thode M\u00e9zi\u00e8res<\/span><\/a><span style=\"font-weight: 400;\"> nous avons eu un aper\u00e7u de ce qu\u2019apporte une <\/span><b>approche globale<\/b><span style=\"font-weight: 400;\"> pour le patient et le kin\u00e9sith\u00e9rapeute. Cette relation va au-del\u00e0 de l\u2019approche th\u00e9rapeutique pour s\u2019\u00e9tendre dans une dimension \u00e9ducationnelle et pr\u00e9ventive qui permet au patient d\u2019\u00eatre plus attentif \u00e0 son corps et son \u00e9tat \u00e9motionnel.<\/span>\u00a0<\/p>\n<p><span style=\"font-weight: 400;\">Aujourd\u2019hui nous allons aborder quelques-unes des approches dites \u201cholistiques\u201d ou \u201cglobalistes\u201d qui mettent l\u2019accent sur une <\/span><b>vision globale du patient et de sa r\u00e9\u00e9ducation<\/b><span style=\"font-weight: 400;\">.<\/span><\/p>\n<p>&nbsp;<\/p>\n<h2><span style=\"font-weight: 400;\">M\u00e9thode M\u00e9zi\u00e8res<\/span><\/h2>\n<p><span style=\"font-weight: 400;\">Pour Fran\u00e7oise M\u00e9zi\u00e8res, toute partie du corps est reli\u00e9e au reste du corps gr\u00e2ce \u00e0 la solidarit\u00e9 des muscles, qui sont organis\u00e9s en cha\u00eenes. Pour diverses raisons, ces <\/span><b>cha\u00eenes musculaires<\/b><span style=\"font-weight: 400;\"> sont souvent trop tendues et raccourcies, ce qui entra\u00eene des restrictions de mouvement et une d\u00e9stabilisation de la statique du corps par adaptation et compensation. En cons\u00e9quence, le kin\u00e9sith\u00e9rapeute de la m\u00e9thode M\u00e9zi\u00e8res doit d\u00e9busquer la ou les causes primaires en remontant la cha\u00eene des compensations. L&rsquo;allongement, l&rsquo;assouplissement et la d\u00e9tente des cha\u00eenes musculaires contract\u00e9es et\/ou r\u00e9tract\u00e9es sont obtenus par des positions d&rsquo;\u00e9tirement qui lib\u00e8rent la respiration.<\/span><\/p>\n<p><span style=\"font-weight: 400;\">En plus de ses bienfaits th\u00e9rapeutiques, cette approche a un but \u00e9ducatif et pr\u00e9ventif. Elle \u00e9quilibre le syst\u00e8me neurov\u00e9g\u00e9tatif, r\u00e9harmonise le sch\u00e9ma corporel et favorise la prise de conscience de la somatisation. C\u2019est une m\u00e9thode en constante \u00e9volution qui s\u2019appuie sur les derni\u00e8res recherches et donn\u00e9es scientifiques tout en gardant son essence d\u2019une <\/span><b>approche globaliste de la r\u00e9\u00e9ducation.<\/b><\/p>\n<p><a href=\"https:\/\/methode-mezieres.fr\/\"><span style=\"font-weight: 400;\">https:\/\/methode-mezieres.fr\/<\/span><\/a><\/p>\n<p>&nbsp;<\/p>\n<h2><span style=\"font-weight: 400;\">M\u00e9thode GDS<\/span><\/h2>\n<p><span style=\"font-weight: 400;\">Godelieve DENYS-STRUYF a d\u00e9velopp\u00e9 sa m\u00e9thode dans les ann\u00e9es 1960. Son sens aigu de l&rsquo;observation, renforc\u00e9 par sa formation de portraitiste, lui a permis de d\u00e9finir et de mettre au point une m\u00e9thode globale de physioth\u00e9rapie qui int\u00e8gre le fonctionnement du corps et ses liens indissociables avec le comportement psychologique.<\/span><\/p>\n<p><span style=\"font-weight: 400;\">Dans l\u2019approche GDS nos postures, nos gestes et nos expressions communiquent inconsciemment avec l&rsquo;environnement par le biais de notre langage corporel. C&rsquo;est ce qu&rsquo;on appelle une forme de communication non verbale. Notre langage corporel exprime nos sentiments, nos \u00e9motions et notre approche de la vie. Lorsque nos familles musculaires sont bien r\u00e9gl\u00e9es et flexibles, nous sommes capables de nous adapter aux exigences de la vie. Lorsque ces familles sont surutilis\u00e9es, elles peuvent emp\u00eacher le corps d&rsquo;\u00eatre flexible. Ces cha\u00eenes de tensions myofasciales peuvent alors entra\u00eener une cascade de difficult\u00e9s articulaires. La m\u00e9thode GDS consid\u00e8re la physiologie du corps par rapport \u00e0 son langage, elle permet ainsi de voir comment un \u201clangage grav\u00e9\u201d peut aboutir \u00e0 un terrain affaibli au fil du temps.<\/span><\/p>\n<p><span style=\"font-weight: 400;\">La m\u00e9thode GDS est donc bas\u00e9e sur 2 volets: la partie biom\u00e9canique et la partie comportementale. Cette <\/span><b>approche globaliste en kin\u00e9sith\u00e9rapie<\/b><span style=\"font-weight: 400;\"> fait le lien entre le corp et l\u2019esprit pour une vision <\/span><b>holistique<\/b><span style=\"font-weight: 400;\"> de la r\u00e9\u00e9ducation<\/span><\/p>\n<p><span style=\"font-weight: 400;\"><a href=\"http:\/\/www.apgds.com\/\">http:\/\/www.apgds.com\/<\/a><a href=\"http:\/\/www.apgds.com\/\"><\/a><\/span><\/p>\n<p><span style=\"font-weight: 400;\"><\/span><\/p>\n<h2><span style=\"font-weight: 400;\">M\u00e9thode Busquet<\/span><\/h2>\n<p><span style=\"font-weight: 400;\">L\u00e9opold Busquet se forme \u00e0 la m\u00e9thode M\u00e9zi\u00e8re dans les ann\u00e9es 70. Dans les ann\u00e9es 90 c\u2019est sa femme Mich\u00e8le Busquet-Vanderheyden qui int\u00e8gre la description, l\u2019examen et le traitement de la <\/span><b>cha\u00eene visc\u00e9rale<\/b><span style=\"font-weight: 400;\">. Puis c\u2019est la <\/span><b>cha\u00eene neuro-vasculaire<\/b><span style=\"font-weight: 400;\"> qui est int\u00e9gr\u00e9e. C\u2019est en 2008 que na\u00eet la m\u00e9thode des <\/span><b>Cha\u00eenes Physiologiques\u00ae<\/b><span style=\"font-weight: 400;\"> pour mieux r\u00e9pondre \u00e0 l\u2019organisation qui associe les <\/span><b>cha\u00eenes musculaires aux cha\u00eenes visc\u00e9rale et neuro-vasculaire<\/b><span style=\"font-weight: 400;\">.<\/span><\/p>\n<p><span style=\"font-weight: 400;\">La m\u00e9thode Busquet s\u2019appuie donc sur l&rsquo;interaction entre les 5 cha\u00eenes musculaires, la cha\u00eene visc\u00e9rale et la cha\u00eene neuro-vasculaire pour une <strong>vision globale<\/strong> des \u201ccircuits anatomiques \u00e0 travers lesquels se propagent les forces organisatrices du corps\u201d. L&rsquo;<strong>analyse globale des cha\u00eenes physiologiques<\/strong> permet de mettre en place un traitement personnalis\u00e9 qui r\u00e9pond de mani\u00e8re simple, globale et coh\u00e9rente aux dysfonctionnements, d\u00e9formations et douleurs des patients, qui sont les signatures logiques de leurs probl\u00e8mes.<\/span><\/p>\n<p><a href=\"https:\/\/www.chaines-physiologiques.com\/\"><span style=\"font-weight: 400;\">https:\/\/www.chaines-physiologiques.com\/<\/span><\/a><\/p>\n<p>&nbsp;<\/p>\n<h2><span style=\"font-weight: 400;\">R\u00e9\u00e9ducation Posturale Globale<\/span><\/h2>\n<p><span style=\"font-weight: 400;\">Cr\u00e9\u00e9e par Philippe Souchard au d\u00e9but des ann\u00e9es 80, la m\u00e9thode RPG revalorise le r\u00f4le de la fonction statique qui est aussi importante que la fonction dynamique.\u00a0<\/span><\/p>\n<p><span style=\"font-weight: 400;\">Dans l\u2019approche RPG Chaque personne a ses propres besoins et exigences. Une m\u00eame affection aura un impact unique sur chaque personne. La douleur est automatiquement supprim\u00e9e par un ensemble de m\u00e9canismes compensatoires qui se d\u00e9clenchent en r\u00e9ponse \u00e0 toute hostilit\u00e9. Dans le cas d&rsquo;une entorse de la cheville ou d&rsquo;une \u00e9paule douloureuse, par exemple, nous compensons en boitant ou en n&rsquo;utilisant pas le membre endommag\u00e9. Ces compensations g\u00e9n\u00e8rent elles-m\u00eames plus de fatigue, des d\u00e9formations et des douleurs secondaires. Pour soigner une blessure, il faut aller \u00e0 la racine du probl\u00e8me.<\/span><\/p>\n<p><span style=\"font-weight: 400;\">\u201cPour assurer notre \u00e9quilibre ou nos gestes, nos muscles agissent de fa\u00e7on synergique, cr\u00e9ant ainsi des cha\u00eenes de coordination neuromusculaire. L\u2019\u00e9tirement d\u2019un muscle ou d\u2019un groupe musculaire cr\u00e9e obligatoirement des compensations, obligeant \u00e0 une mise en tension globale.\u201d<\/span><\/p>\n<p><span style=\"font-weight: 400;\">Lorsque le corps est victime d\u2019une agression (stress, coup, chute\u2026) les muscles r\u00e9pondent, leur tonus augmente et ils deviennent plus raides et plus courts. Contrairement \u00e0 ce que l&rsquo;on croit, un muscle raide et r\u00e9sistant n&rsquo;est pas plus puissant qu&rsquo;un muscle normal. Les muscles qui sont affaiblis (dynamiques) et ceux qui sont raccourcis (statiques), doivent \u00eatre renforc\u00e9s et allong\u00e9s en m\u00eame temps.\u00a0<\/span><\/p>\n<p><a href=\"https:\/\/rpg-souchard.com\/\"><span style=\"font-weight: 400;\">https:\/\/rpg-souchard.com\/<\/span><\/a><\/p>\n<p>&nbsp;<\/p>\n<h2><span style=\"font-weight: 400;\">McKenzie<\/span><\/h2>\n<p><span style=\"font-weight: 400;\">Cette m\u00e9thode mondialement reconnue a \u00e9t\u00e9 d\u00e9velopp\u00e9e par le N\u00e9o-Z\u00e9landais Robin McKenzie. Le MDT (<strong>Diagnostique et Th\u00e9rapie M\u00e9canique<\/strong>) se d\u00e9compose en 4 \u00e9tapes cl\u00e9s: L\u2019\u00e9valuation, la classification, le management et la pr\u00e9vention.\u00a0<\/span><\/p>\n<p><span style=\"font-weight: 400;\">La force de cette m\u00e9thode est d&rsquo;inclure pleinement le patient dans sa propre prise en charge. L\u2019objectif est donc d\u2019arriver \u00e0 l\u2019autotraitement afin de rendre totalement autonome le patient. La vis\u00e9e pr\u00e9ventive de la r\u00e9cidive est donc une partie int\u00e9grante de cette m\u00e9thode.<\/span><\/p>\n<p><span style=\"font-weight: 400;\">Le socle de cette approche est le bilan initial qui permet de d\u00e9terminer si la m\u00e9thode est appropri\u00e9e pour le patient. Dans le cas contraire, il permet d\u2019orienter le patient vers le bon sp\u00e9cialiste ou vers des examens compl\u00e9mentaires. Ce bilan initial permet \u00e9galement d\u2019\u00e9tablir un plan de traitement personnalis\u00e9 adapt\u00e9.<\/span><\/p>\n<p><a href=\"https:\/\/fr.mckenzieinstitute.org\/\"><span style=\"font-weight: 400;\">https:\/\/fr.mckenzieinstitute.org\/<\/span><\/a><\/p>\n<p>&nbsp;<\/p>\n<h2><span style=\"font-weight: 400;\">Le Rolfing\u00a0<\/span><\/h2>\n<p><span style=\"font-weight: 400;\">Le <strong>Rolfing\u00a9<\/strong>, aussi appel\u00e9 <strong>Int\u00e9gration Structurale<\/strong>, est une technique de travail corporel en profondeur d\u00e9velopp\u00e9e par Ida Rolf dans les ann\u00e9es 60. Elle vise \u00e0 r\u00e9\u00e9duquer la posture et le mouvement par une s\u00e9rie de manipulations et d\u2019exercices que le patient est \u00e9galement invit\u00e9 \u00e0 pratiquer par la suite en autonomie.\u00a0<\/span><\/p>\n<p><span style=\"font-weight: 400;\">Le <strong>Rolfing\u00a9<\/strong> peut aider \u00e0 soulager les douleurs musculo-squelettiques ou le confort corporel d&rsquo;une personne pour des raisons personnelles ou professionnelles. Cependant, tout travail de r\u00e9alignement doit \u00eatre accompagn\u00e9 de nouvelles habitudes de posture et de mouvement. Le th\u00e9rapeute ne fait pas tout le travail, il faut aussi pratiquer certains exercices ou au moins changer ses habitudes de posture. Sinon, le tissu conjonctif retrouvera ses \u00ab\u00a0mauvais plis\u00a0\u00bb en peu de temps. L&rsquo;objectif d&rsquo;un traitement <strong>Rolfing\u00a9<\/strong> est d&rsquo;\u00e9duquer les gens sur leurs mauvaises habitudes et de leur en proposer de nouvelles. Un traitement <strong>Rolfing\u00a9<\/strong> peut \u00eatre consid\u00e9r\u00e9 comme une r\u00e9\u00e9ducation du corps s&rsquo;il est ex\u00e9cut\u00e9 consciencieusement.<\/span><\/p>\n<p><span style=\"font-weight: 400;\">La <strong>m\u00e9thode Rolfing\u00a9<\/strong> permet au patient de d\u00e9velopper sa conscience corporelle en focalisant son attention sur sa respiration, sa posture, son mouvement. La conscience \u00e9motionnelle est \u00e9galement accrue soit en constant les points pr\u00e9c\u00e9dents et en les reliant \u00e0 notre \u00e9tat \u00e9motionnel soit inversement en partant de son \u00e9tat \u00e9motionnel pour constater les r\u00e9actions corporelles.<\/span><\/p>\n<p><a href=\"https:\/\/rolfing-therapie.fr\/\"><span style=\"font-weight: 400;\">https:\/\/rolfing-therapie.fr\/<\/span><\/a><\/p>\n<p>&nbsp;<\/p>\n<h2><span style=\"font-weight: 400;\">Conclusion sur l\u2019approche globaliste en kin\u00e9sith\u00e9rapie<\/span><\/h2>\n<p>\u00a0<span style=\"font-weight: 400;\">Les formations pour d\u00e9velopper une vision plus globale du corps et de la relation corps \/ esprit sont vari\u00e9es et apportent chacune leur sp\u00e9cificit\u00e9. La plupart s\u2019appuient sur les donn\u00e9es scientifiques actuelles mais \u00e9galement sur des donn\u00e9es empiriques avec plusieurs ann\u00e9es de recherche et de d\u00e9veloppement par la pratique.<\/span><\/p>\n<p>\u00a0<span style=\"font-weight: 400;\">Il existe \u00e9galement de nombreuses autres <\/span><b>approches globales<\/b><span style=\"font-weight: 400;\"> comme les gyms douces avec une <\/span><b>vision holistique<\/b><span style=\"font-weight: 400;\">: la m\u00e9thode Pilates, Erhenfried ou encore le Yoga th\u00e9rapeutique\u2026 Nous les aborderons dans un autre article.<\/span><\/p>\n<p><span style=\"font-weight: 400;\">N&rsquo;h\u00e9sitez pas \u00e0 proposer en commentaires d\u2019autres approches qui vous tiennent \u00e0 c\u0153ur ou de partager votre exp\u00e9rience personnelle.<\/span><\/p>\n<p>[\/et_pb_text][\/et_pb_column][\/et_pb_row][\/et_pb_section]<\/p>\n","protected":false},"excerpt":{"rendered":"<p>L&rsquo;approche globaliste en kin\u00e9sith\u00e9rapie se d\u00e9veloppe particuli\u00e8rement dans les ann\u00e9es 60. D\u00e9couvrez une pr\u00e9sentation de quelques-unes ici.<\/p>\n","protected":false},"author":1,"featured_media":1233,"comment_status":"open","ping_status":"open","sticky":false,"template":"","format":"standard","meta":{"_et_pb_use_builder":"on","_et_pb_old_content":"","_et_gb_content_width":"1080","_monsterinsights_skip_tracking":false,"_monsterinsights_sitenote_active":false,"_monsterinsights_sitenote_note":"","_monsterinsights_sitenote_category":0,"_jetpack_memberships_contains_paid_content":false,"footnotes":""},"categories":[4],"tags":[12,10,11,13,14],"class_list":["post-1232","post","type-post","status-publish","format-standard","has-post-thumbnail","hentry","category-formations","tag-kinesitherapie","tag-methode-mezieres","tag-postures","tag-reeducation-globaliste","tag-reeducation-holistique"],"yoast_head":"<!-- This site is optimized with the Yoast SEO plugin v27.4 - https:\/\/yoast.com\/product\/yoast-seo-wordpress\/ -->\n<title>Approche globaliste en kin\u00e9sith\u00e9rapie - Kin\u00e9Oblog<\/title>\n<meta name=\"description\" content=\"L&#039;approche globaliste en kin\u00e9sith\u00e9rapie se d\u00e9veloppe particuli\u00e8rement dans les ann\u00e9es 60. D\u00e9couvrez une pr\u00e9sentation de quelques-unes ici.\" \/>\n<meta name=\"robots\" content=\"index, follow, max-snippet:-1, max-image-preview:large, max-video-preview:-1\" \/>\n<link rel=\"canonical\" href=\"https:\/\/kineoweb.fr\/kineoblog\/approche-globaliste-kinesitherapie\/\" \/>\n<meta property=\"og:locale\" content=\"fr_FR\" \/>\n<meta property=\"og:type\" content=\"article\" \/>\n<meta property=\"og:title\" content=\"Approche globaliste en kin\u00e9sith\u00e9rapie - Kin\u00e9Oblog\" \/>\n<meta property=\"og:description\" content=\"L&#039;approche globaliste en kin\u00e9sith\u00e9rapie se d\u00e9veloppe particuli\u00e8rement dans les ann\u00e9es 60. D\u00e9couvrez une pr\u00e9sentation de quelques-unes ici.\" \/>\n<meta property=\"og:url\" content=\"https:\/\/kineoweb.fr\/kineoblog\/approche-globaliste-kinesitherapie\/\" \/>\n<meta property=\"og:site_name\" content=\"Kin\u00e9Oblog\" \/>\n<meta property=\"article:publisher\" content=\"https:\/\/www.facebook.com\/Kin%c3%a9Oweb-1551479311825491\/?ref=aymt_homepage_panel\" \/>\n<meta property=\"article:published_time\" content=\"2022-11-22T11:39:57+00:00\" \/>\n<meta property=\"article:modified_time\" content=\"2022-11-22T11:39:58+00:00\" \/>\n<meta property=\"og:image\" content=\"https:\/\/kineoweb.fr\/kineoblog\/wp-content\/uploads\/sites\/2\/2022\/11\/approche-globaliste-en-kinesitherapie.jpg\" \/>\n\t<meta property=\"og:image:width\" content=\"1280\" \/>\n\t<meta property=\"og:image:height\" content=\"720\" \/>\n\t<meta property=\"og:image:type\" content=\"image\/jpeg\" \/>\n<meta name=\"author\" content=\"kineoweb\" \/>\n<meta name=\"twitter:card\" content=\"summary_large_image\" \/>\n<meta name=\"twitter:label1\" content=\"\u00c9crit par\" \/>\n\t<meta name=\"twitter:data1\" content=\"kineoweb\" \/>\n<script type=\"application\/ld+json\" class=\"yoast-schema-graph\">{\"@context\":\"https:\\\/\\\/schema.org\",\"@graph\":[{\"@type\":\"Article\",\"@id\":\"https:\\\/\\\/kineoweb.fr\\\/kineoblog\\\/approche-globaliste-kinesitherapie\\\/#article\",\"isPartOf\":{\"@id\":\"https:\\\/\\\/kineoweb.fr\\\/kineoblog\\\/approche-globaliste-kinesitherapie\\\/\"},\"author\":{\"name\":\"kineoweb\",\"@id\":\"https:\\\/\\\/kineoweb.fr\\\/kineoblog\\\/#\\\/schema\\\/person\\\/276328f3f20d571a6313a40a82bab4ea\"},\"headline\":\"Approche globaliste en kin\u00e9sith\u00e9rapie\",\"datePublished\":\"2022-11-22T11:39:57+00:00\",\"dateModified\":\"2022-11-22T11:39:58+00:00\",\"mainEntityOfPage\":{\"@id\":\"https:\\\/\\\/kineoweb.fr\\\/kineoblog\\\/approche-globaliste-kinesitherapie\\\/\"},\"wordCount\":1812,\"commentCount\":1,\"image\":{\"@id\":\"https:\\\/\\\/kineoweb.fr\\\/kineoblog\\\/approche-globaliste-kinesitherapie\\\/#primaryimage\"},\"thumbnailUrl\":\"https:\\\/\\\/i0.wp.com\\\/kineoweb.fr\\\/kineoblog\\\/wp-content\\\/uploads\\\/sites\\\/2\\\/2022\\\/11\\\/approche-globaliste-en-kinesitherapie.jpg?fit=1280%2C720&ssl=1\",\"keywords\":[\"kin\u00e9sith\u00e9rapie\",\"m\u00e9thode M\u00e9zi\u00e8res\",\"Postures\",\"r\u00e9\u00e9ducation globaliste\",\"r\u00e9\u00e9ducation holistique\"],\"articleSection\":[\"Formations\"],\"inLanguage\":\"fr-FR\",\"potentialAction\":[{\"@type\":\"CommentAction\",\"name\":\"Comment\",\"target\":[\"https:\\\/\\\/kineoweb.fr\\\/kineoblog\\\/approche-globaliste-kinesitherapie\\\/#respond\"]}]},{\"@type\":\"WebPage\",\"@id\":\"https:\\\/\\\/kineoweb.fr\\\/kineoblog\\\/approche-globaliste-kinesitherapie\\\/\",\"url\":\"https:\\\/\\\/kineoweb.fr\\\/kineoblog\\\/approche-globaliste-kinesitherapie\\\/\",\"name\":\"Approche globaliste en kin\u00e9sith\u00e9rapie - Kin\u00e9Oblog\",\"isPartOf\":{\"@id\":\"https:\\\/\\\/kineoweb.fr\\\/kineoblog\\\/#website\"},\"primaryImageOfPage\":{\"@id\":\"https:\\\/\\\/kineoweb.fr\\\/kineoblog\\\/approche-globaliste-kinesitherapie\\\/#primaryimage\"},\"image\":{\"@id\":\"https:\\\/\\\/kineoweb.fr\\\/kineoblog\\\/approche-globaliste-kinesitherapie\\\/#primaryimage\"},\"thumbnailUrl\":\"https:\\\/\\\/i0.wp.com\\\/kineoweb.fr\\\/kineoblog\\\/wp-content\\\/uploads\\\/sites\\\/2\\\/2022\\\/11\\\/approche-globaliste-en-kinesitherapie.jpg?fit=1280%2C720&ssl=1\",\"datePublished\":\"2022-11-22T11:39:57+00:00\",\"dateModified\":\"2022-11-22T11:39:58+00:00\",\"author\":{\"@id\":\"https:\\\/\\\/kineoweb.fr\\\/kineoblog\\\/#\\\/schema\\\/person\\\/276328f3f20d571a6313a40a82bab4ea\"},\"description\":\"L'approche globaliste en kin\u00e9sith\u00e9rapie se d\u00e9veloppe particuli\u00e8rement dans les ann\u00e9es 60. D\u00e9couvrez une pr\u00e9sentation de quelques-unes ici.\",\"breadcrumb\":{\"@id\":\"https:\\\/\\\/kineoweb.fr\\\/kineoblog\\\/approche-globaliste-kinesitherapie\\\/#breadcrumb\"},\"inLanguage\":\"fr-FR\",\"potentialAction\":[{\"@type\":\"ReadAction\",\"target\":[\"https:\\\/\\\/kineoweb.fr\\\/kineoblog\\\/approche-globaliste-kinesitherapie\\\/\"]}]},{\"@type\":\"ImageObject\",\"inLanguage\":\"fr-FR\",\"@id\":\"https:\\\/\\\/kineoweb.fr\\\/kineoblog\\\/approche-globaliste-kinesitherapie\\\/#primaryimage\",\"url\":\"https:\\\/\\\/i0.wp.com\\\/kineoweb.fr\\\/kineoblog\\\/wp-content\\\/uploads\\\/sites\\\/2\\\/2022\\\/11\\\/approche-globaliste-en-kinesitherapie.jpg?fit=1280%2C720&ssl=1\",\"contentUrl\":\"https:\\\/\\\/i0.wp.com\\\/kineoweb.fr\\\/kineoblog\\\/wp-content\\\/uploads\\\/sites\\\/2\\\/2022\\\/11\\\/approche-globaliste-en-kinesitherapie.jpg?fit=1280%2C720&ssl=1\",\"width\":1280,\"height\":720,\"caption\":\"approche globaliste en kin\u00e9sith\u00e9rapie\"},{\"@type\":\"BreadcrumbList\",\"@id\":\"https:\\\/\\\/kineoweb.fr\\\/kineoblog\\\/approche-globaliste-kinesitherapie\\\/#breadcrumb\",\"itemListElement\":[{\"@type\":\"ListItem\",\"position\":1,\"name\":\"Accueil\",\"item\":\"https:\\\/\\\/kineoweb.fr\\\/kineoblog\\\/\"},{\"@type\":\"ListItem\",\"position\":2,\"name\":\"Approche globaliste en kin\u00e9sith\u00e9rapie\"}]},{\"@type\":\"WebSite\",\"@id\":\"https:\\\/\\\/kineoweb.fr\\\/kineoblog\\\/#website\",\"url\":\"https:\\\/\\\/kineoweb.fr\\\/kineoblog\\\/\",\"name\":\"Kin\u00e9Oblog\",\"description\":\"Conseils et informations pour les Kin\u00e9s et Ost\u00e9os\",\"potentialAction\":[{\"@type\":\"SearchAction\",\"target\":{\"@type\":\"EntryPoint\",\"urlTemplate\":\"https:\\\/\\\/kineoweb.fr\\\/kineoblog\\\/?s={search_term_string}\"},\"query-input\":{\"@type\":\"PropertyValueSpecification\",\"valueRequired\":true,\"valueName\":\"search_term_string\"}}],\"inLanguage\":\"fr-FR\"},{\"@type\":\"Person\",\"@id\":\"https:\\\/\\\/kineoweb.fr\\\/kineoblog\\\/#\\\/schema\\\/person\\\/276328f3f20d571a6313a40a82bab4ea\",\"name\":\"kineoweb\",\"image\":{\"@type\":\"ImageObject\",\"inLanguage\":\"fr-FR\",\"@id\":\"https:\\\/\\\/secure.gravatar.com\\\/avatar\\\/63966abb47ac008849350af90453384a20b61d9f1b4cc0fc20b34cdd2c666586?s=96&d=mm&r=g\",\"url\":\"https:\\\/\\\/secure.gravatar.com\\\/avatar\\\/63966abb47ac008849350af90453384a20b61d9f1b4cc0fc20b34cdd2c666586?s=96&d=mm&r=g\",\"contentUrl\":\"https:\\\/\\\/secure.gravatar.com\\\/avatar\\\/63966abb47ac008849350af90453384a20b61d9f1b4cc0fc20b34cdd2c666586?s=96&d=mm&r=g\",\"caption\":\"kineoweb\"},\"url\":\"https:\\\/\\\/kineoweb.fr\\\/kineoblog\\\/author\\\/kineoweb\\\/\"}]}<\/script>\n<!-- \/ Yoast SEO plugin. -->","yoast_head_json":{"title":"Approche globaliste en kin\u00e9sith\u00e9rapie - Kin\u00e9Oblog","description":"L'approche globaliste en kin\u00e9sith\u00e9rapie se d\u00e9veloppe particuli\u00e8rement dans les ann\u00e9es 60. D\u00e9couvrez une pr\u00e9sentation de quelques-unes ici.","robots":{"index":"index","follow":"follow","max-snippet":"max-snippet:-1","max-image-preview":"max-image-preview:large","max-video-preview":"max-video-preview:-1"},"canonical":"https:\/\/kineoweb.fr\/kineoblog\/approche-globaliste-kinesitherapie\/","og_locale":"fr_FR","og_type":"article","og_title":"Approche globaliste en kin\u00e9sith\u00e9rapie - Kin\u00e9Oblog","og_description":"L'approche globaliste en kin\u00e9sith\u00e9rapie se d\u00e9veloppe particuli\u00e8rement dans les ann\u00e9es 60. D\u00e9couvrez une pr\u00e9sentation de quelques-unes ici.","og_url":"https:\/\/kineoweb.fr\/kineoblog\/approche-globaliste-kinesitherapie\/","og_site_name":"Kin\u00e9Oblog","article_publisher":"https:\/\/www.facebook.com\/Kin%c3%a9Oweb-1551479311825491\/?ref=aymt_homepage_panel","article_published_time":"2022-11-22T11:39:57+00:00","article_modified_time":"2022-11-22T11:39:58+00:00","og_image":[{"width":1280,"height":720,"url":"https:\/\/kineoweb.fr\/kineoblog\/wp-content\/uploads\/sites\/2\/2022\/11\/approche-globaliste-en-kinesitherapie.jpg","type":"image\/jpeg"}],"author":"kineoweb","twitter_card":"summary_large_image","twitter_misc":{"\u00c9crit par":"kineoweb"},"schema":{"@context":"https:\/\/schema.org","@graph":[{"@type":"Article","@id":"https:\/\/kineoweb.fr\/kineoblog\/approche-globaliste-kinesitherapie\/#article","isPartOf":{"@id":"https:\/\/kineoweb.fr\/kineoblog\/approche-globaliste-kinesitherapie\/"},"author":{"name":"kineoweb","@id":"https:\/\/kineoweb.fr\/kineoblog\/#\/schema\/person\/276328f3f20d571a6313a40a82bab4ea"},"headline":"Approche globaliste en kin\u00e9sith\u00e9rapie","datePublished":"2022-11-22T11:39:57+00:00","dateModified":"2022-11-22T11:39:58+00:00","mainEntityOfPage":{"@id":"https:\/\/kineoweb.fr\/kineoblog\/approche-globaliste-kinesitherapie\/"},"wordCount":1812,"commentCount":1,"image":{"@id":"https:\/\/kineoweb.fr\/kineoblog\/approche-globaliste-kinesitherapie\/#primaryimage"},"thumbnailUrl":"https:\/\/i0.wp.com\/kineoweb.fr\/kineoblog\/wp-content\/uploads\/sites\/2\/2022\/11\/approche-globaliste-en-kinesitherapie.jpg?fit=1280%2C720&ssl=1","keywords":["kin\u00e9sith\u00e9rapie","m\u00e9thode M\u00e9zi\u00e8res","Postures","r\u00e9\u00e9ducation globaliste","r\u00e9\u00e9ducation holistique"],"articleSection":["Formations"],"inLanguage":"fr-FR","potentialAction":[{"@type":"CommentAction","name":"Comment","target":["https:\/\/kineoweb.fr\/kineoblog\/approche-globaliste-kinesitherapie\/#respond"]}]},{"@type":"WebPage","@id":"https:\/\/kineoweb.fr\/kineoblog\/approche-globaliste-kinesitherapie\/","url":"https:\/\/kineoweb.fr\/kineoblog\/approche-globaliste-kinesitherapie\/","name":"Approche globaliste en kin\u00e9sith\u00e9rapie - Kin\u00e9Oblog","isPartOf":{"@id":"https:\/\/kineoweb.fr\/kineoblog\/#website"},"primaryImageOfPage":{"@id":"https:\/\/kineoweb.fr\/kineoblog\/approche-globaliste-kinesitherapie\/#primaryimage"},"image":{"@id":"https:\/\/kineoweb.fr\/kineoblog\/approche-globaliste-kinesitherapie\/#primaryimage"},"thumbnailUrl":"https:\/\/i0.wp.com\/kineoweb.fr\/kineoblog\/wp-content\/uploads\/sites\/2\/2022\/11\/approche-globaliste-en-kinesitherapie.jpg?fit=1280%2C720&ssl=1","datePublished":"2022-11-22T11:39:57+00:00","dateModified":"2022-11-22T11:39:58+00:00","author":{"@id":"https:\/\/kineoweb.fr\/kineoblog\/#\/schema\/person\/276328f3f20d571a6313a40a82bab4ea"},"description":"L'approche globaliste en kin\u00e9sith\u00e9rapie se d\u00e9veloppe particuli\u00e8rement dans les ann\u00e9es 60. D\u00e9couvrez une pr\u00e9sentation de quelques-unes ici.","breadcrumb":{"@id":"https:\/\/kineoweb.fr\/kineoblog\/approche-globaliste-kinesitherapie\/#breadcrumb"},"inLanguage":"fr-FR","potentialAction":[{"@type":"ReadAction","target":["https:\/\/kineoweb.fr\/kineoblog\/approche-globaliste-kinesitherapie\/"]}]},{"@type":"ImageObject","inLanguage":"fr-FR","@id":"https:\/\/kineoweb.fr\/kineoblog\/approche-globaliste-kinesitherapie\/#primaryimage","url":"https:\/\/i0.wp.com\/kineoweb.fr\/kineoblog\/wp-content\/uploads\/sites\/2\/2022\/11\/approche-globaliste-en-kinesitherapie.jpg?fit=1280%2C720&ssl=1","contentUrl":"https:\/\/i0.wp.com\/kineoweb.fr\/kineoblog\/wp-content\/uploads\/sites\/2\/2022\/11\/approche-globaliste-en-kinesitherapie.jpg?fit=1280%2C720&ssl=1","width":1280,"height":720,"caption":"approche globaliste en kin\u00e9sith\u00e9rapie"},{"@type":"BreadcrumbList","@id":"https:\/\/kineoweb.fr\/kineoblog\/approche-globaliste-kinesitherapie\/#breadcrumb","itemListElement":[{"@type":"ListItem","position":1,"name":"Accueil","item":"https:\/\/kineoweb.fr\/kineoblog\/"},{"@type":"ListItem","position":2,"name":"Approche globaliste en kin\u00e9sith\u00e9rapie"}]},{"@type":"WebSite","@id":"https:\/\/kineoweb.fr\/kineoblog\/#website","url":"https:\/\/kineoweb.fr\/kineoblog\/","name":"Kin\u00e9Oblog","description":"Conseils et informations pour les Kin\u00e9s et Ost\u00e9os","potentialAction":[{"@type":"SearchAction","target":{"@type":"EntryPoint","urlTemplate":"https:\/\/kineoweb.fr\/kineoblog\/?s={search_term_string}"},"query-input":{"@type":"PropertyValueSpecification","valueRequired":true,"valueName":"search_term_string"}}],"inLanguage":"fr-FR"},{"@type":"Person","@id":"https:\/\/kineoweb.fr\/kineoblog\/#\/schema\/person\/276328f3f20d571a6313a40a82bab4ea","name":"kineoweb","image":{"@type":"ImageObject","inLanguage":"fr-FR","@id":"https:\/\/secure.gravatar.com\/avatar\/63966abb47ac008849350af90453384a20b61d9f1b4cc0fc20b34cdd2c666586?s=96&d=mm&r=g","url":"https:\/\/secure.gravatar.com\/avatar\/63966abb47ac008849350af90453384a20b61d9f1b4cc0fc20b34cdd2c666586?s=96&d=mm&r=g","contentUrl":"https:\/\/secure.gravatar.com\/avatar\/63966abb47ac008849350af90453384a20b61d9f1b4cc0fc20b34cdd2c666586?s=96&d=mm&r=g","caption":"kineoweb"},"url":"https:\/\/kineoweb.fr\/kineoblog\/author\/kineoweb\/"}]}},"jetpack_featured_media_url":"https:\/\/i0.wp.com\/kineoweb.fr\/kineoblog\/wp-content\/uploads\/sites\/2\/2022\/11\/approche-globaliste-en-kinesitherapie.jpg?fit=1280%2C720&ssl=1","jetpack_sharing_enabled":true,"_links":{"self":[{"href":"https:\/\/kineoweb.fr\/kineoblog\/wp-json\/wp\/v2\/posts\/1232","targetHints":{"allow":["GET"]}}],"collection":[{"href":"https:\/\/kineoweb.fr\/kineoblog\/wp-json\/wp\/v2\/posts"}],"about":[{"href":"https:\/\/kineoweb.fr\/kineoblog\/wp-json\/wp\/v2\/types\/post"}],"author":[{"embeddable":true,"href":"https:\/\/kineoweb.fr\/kineoblog\/wp-json\/wp\/v2\/users\/1"}],"replies":[{"embeddable":true,"href":"https:\/\/kineoweb.fr\/kineoblog\/wp-json\/wp\/v2\/comments?post=1232"}],"version-history":[{"count":2,"href":"https:\/\/kineoweb.fr\/kineoblog\/wp-json\/wp\/v2\/posts\/1232\/revisions"}],"predecessor-version":[{"id":1236,"href":"https:\/\/kineoweb.fr\/kineoblog\/wp-json\/wp\/v2\/posts\/1232\/revisions\/1236"}],"wp:featuredmedia":[{"embeddable":true,"href":"https:\/\/kineoweb.fr\/kineoblog\/wp-json\/wp\/v2\/media\/1233"}],"wp:attachment":[{"href":"https:\/\/kineoweb.fr\/kineoblog\/wp-json\/wp\/v2\/media?parent=1232"}],"wp:term":[{"taxonomy":"category","embeddable":true,"href":"https:\/\/kineoweb.fr\/kineoblog\/wp-json\/wp\/v2\/categories?post=1232"},{"taxonomy":"post_tag","embeddable":true,"href":"https:\/\/kineoweb.fr\/kineoblog\/wp-json\/wp\/v2\/tags?post=1232"}],"curies":[{"name":"wp","href":"https:\/\/api.w.org\/{rel}","templated":true}]}}