{"id":1177,"date":"2022-10-12T18:27:58","date_gmt":"2022-10-12T16:27:58","guid":{"rendered":"https:\/\/kineoweb.fr\/kineoblog\/?p=1177"},"modified":"2023-06-06T08:49:24","modified_gmt":"2023-06-06T06:49:24","slug":"kine-liberal-chef-dentreprise","status":"publish","type":"post","link":"https:\/\/kineoweb.fr\/kineoblog\/kine-liberal-chef-dentreprise\/","title":{"rendered":"Un kin\u00e9 lib\u00e9ral est-il un chef d&rsquo;entreprise ? Et qu&rsquo;est-ce que \u00e7a implique ?"},"content":{"rendered":"<p>[et_pb_section fb_built=\u00a0\u00bb1&Prime; admin_label=\u00a0\u00bbsection\u00a0\u00bb _builder_version=\u00a0\u00bb4.16&Prime; global_colors_info=\u00a0\u00bb{}\u00a0\u00bb][et_pb_row admin_label=\u00a0\u00bbrow\u00a0\u00bb _builder_version=\u00a0\u00bb4.16&Prime; background_size=\u00a0\u00bbinitial\u00a0\u00bb background_position=\u00a0\u00bbtop_left\u00a0\u00bb background_repeat=\u00a0\u00bbrepeat\u00a0\u00bb global_colors_info=\u00a0\u00bb{}\u00a0\u00bb][et_pb_column type=\u00a0\u00bb4_4&Prime; _builder_version=\u00a0\u00bb4.16&Prime; custom_padding=\u00a0\u00bb|||\u00a0\u00bb global_colors_info=\u00a0\u00bb{}\u00a0\u00bb custom_padding__hover=\u00a0\u00bb|||\u00a0\u00bb][et_pb_text admin_label=\u00a0\u00bbTexte\u00a0\u00bb _builder_version=\u00a0\u00bb4.18.0&Prime; background_size=\u00a0\u00bbinitial\u00a0\u00bb background_position=\u00a0\u00bbtop_left\u00a0\u00bb background_repeat=\u00a0\u00bbrepeat\u00a0\u00bb use_border_color=\u00a0\u00bboff\u00a0\u00bb border_color=\u00a0\u00bb#ffffff\u00a0\u00bb border_style=\u00a0\u00bbsolid\u00a0\u00bb global_colors_info=\u00a0\u00bb{}\u00a0\u00bb]<\/p>\n<p>En tant que <strong>kin\u00e9 lib\u00e9ral,<\/strong> vous n&rsquo;\u00eates pas seulement un expert dans votre domaine et un important prestataire de soins de sant\u00e9, vous \u00eates \u00e9galement g\u00e9rant d&rsquo;une entreprise. Quelque soit la taille de votre entreprise, il peut \u00eatre difficile de trouver le temps de g\u00e9rer tous les tenants et aboutissants de la gestion de votre cabinet.<\/p>\n<p>Cependant, en tant que profession lib\u00e9rale, la kin\u00e9sith\u00e9rapie se pr\u00eate bien \u00e0 l&rsquo;esprit d&rsquo;entreprise. Le fait d&rsquo;\u00eatre votre propre patron vous permet de structurer votre journ\u00e9e de mani\u00e8re plus flexible tout en fournissant d&rsquo;excellents soins \u00e0 vos patients. Si vous \u00eates int\u00e9ress\u00e9 par l&rsquo;ouverture de votre propre cabinet de kin\u00e9sith\u00e9rapie, voici quelques raisons de vous consid\u00e9rer comme un chef d&rsquo;entreprise et non uniquement comme kin\u00e9sith\u00e9rapeute.<\/p>\n<h2>Vous avez la passion d&rsquo;aider les autres.<\/h2>\n<p>Les masseur-kin\u00e9sith\u00e9rapeutes ont pour vocation d&rsquo;aider les gens \u00e0 se r\u00e9tablir ou \u00e0 mieux vivre avec une pathologie ou suite \u00e0 un accident ou encore \u00e0 mieux vieillir. C&rsquo;est exactement la m\u00eame chose pour tout <strong>chef d&rsquo;entreprise<\/strong>: il a pour vocation d&rsquo;offrir un produit ou un service utile, qui r\u00e9pond \u00e0 une demande et va donc aider de nombreuses personnes \u00e0 vivre mieux d&rsquo;une fa\u00e7on ou d&rsquo;une autre.<\/p>\n<p>Vous l&rsquo;aurez compris aid\u00e9 les autres passe donc en premier lieu par cibler ce que le kin\u00e9 lib\u00e9ral peut offrir, o\u00f9 il peut l&rsquo;offrir et comment l&rsquo;offrir. Les questions que doit se poser un <strong>kin\u00e9sith\u00e9rapeute lib\u00e9ral<\/strong> sont les m\u00eames que pour tout chef d&rsquo;entreprise et commencent par: Quoi, O\u00f9 et Comment. Ces questions vous am\u00e8neront naturellement vers une <a href=\"https:\/\/www.leblogdudirigeant.com\/etude-marche-kinesitherapeute\/#:~:text=une%20%C3%A9tape%20indispensable.-,Qu'est%2Dce%20que%20l'%C3%A9tude%20de%20march%C3%A9%20%3F,personnelle%20ainsi%20que%20votre%20r%C3%A9seau.\" target=\"_blank\" rel=\"noopener\">\u00e9tude de march\u00e9<\/a>. On est vraiment sur une approche entrepreneuriale.<\/p>\n<h2>Le kin\u00e9 lib\u00e9ral a une capacit\u00e9 analytique et de mise en \u0153uvre tr\u00e8s d\u00e9velopp\u00e9e.<\/h2>\n<p>Les <strong>kin\u00e9s lib\u00e9raux<\/strong> sont des sp\u00e9cialistes de la r\u00e9solution de probl\u00e8mes. Votre travail consiste \u00e0 examiner le probl\u00e8me complexe qu&rsquo;est la douleur ou le dysfonctionnement du mouvement de votre patient et \u00e0 trouver la solution la plus appropri\u00e9e pour le traiter. La kin\u00e9sith\u00e9rapie est une profession r\u00e9fl\u00e9chie qui exige des comp\u00e9tences en mati\u00e8re de r\u00e9solution de probl\u00e8mes et de pens\u00e9e critique.<\/p>\n<p>Lorsque vous dirigez votre propre cabinet, vous avez \u00e9galement besoin de cette capacit\u00e9 d&rsquo;analyse dans les domaines de la gestion d&rsquo;entreprise. Il vous faudra donc une approche analytique de votre cabinet, de la m\u00eame mani\u00e8re que vous avez une approche analytique de vos patients. Cela vous demandera de vous former \u00e0 la gestion d&rsquo;entreprise afin d&rsquo;acqu\u00e9rir de nouvelles connaissances tout comme vous le faites d\u00e9j\u00e0 avec les techniques de kin\u00e9sith\u00e9rapie ou les pathologies.<\/p>\n<p>La gestion d&rsquo;un cabinet est un excellent moyen d&rsquo;utiliser vos comp\u00e9tences analytique et de mise en \u0153uvre afin d&rsquo;offrir \u00e0 votre patient\u00e8le la meilleure exp\u00e9rience possible. Tout comme vous vous formez continuellement pour la kin\u00e9sith\u00e9rapie, une formation sp\u00e9cifique \u00e0 la gestion d\u2019entreprise est vraiment un atout pour tout kin\u00e9 lib\u00e9ral.<\/p>\n<h2>Vous r\u00eavez d&rsquo;offrir des soins efficaces et personnalis\u00e9s<\/h2>\n<p>En tant que kin\u00e9sith\u00e9rapeute salari\u00e9 travaillant dans un h\u00f4pital ou une clinique vous pouvez vous sentir limit\u00e9 par les contraintes de votre lieu de travail. Votre pouvoir d\u00e9cisionnel et votre initiative peuvent \u00eatre limit\u00e9s pour de nombreuses raisons.<\/p>\n<p>Cela ne d\u00e9nigre en rien le choix d&rsquo;\u00eatre salari\u00e9 qui est \u00e9galement tr\u00e8s \u00e9panouissant dans de nombreux domaines et correspond mieux \u00e0 certains.es. Simplement, tout comme certaines personnes se sentent \u00e0 l&rsquo;\u00e9troit (ou au contraire pas assez sp\u00e9cifique) dans quelque entreprise que ce soit, certains kin\u00e9s souhaitent avoir cette libert\u00e9 de d\u00e9finir eux-m\u00eames leurs propres objectifs. C&rsquo;est une vision commune \u00e0 tout chef d&rsquo;entreprise: avoir les commandes d\u00e9cisionnelles entre ses mains pour atteindre les objectifs qu&rsquo;il s&rsquo;est lui-m\u00eame fix\u00e9s.<\/p>\n<p>Le kin\u00e9 lib\u00e9ral est donc un entrepreneur. Diriger votre propre entreprise vous donne la libert\u00e9 d&rsquo;\u00e9tablir vos propres r\u00e8gles. Vous pouvez \u00e9galement mieux contr\u00f4ler vos revenus (m\u00eame si la valeur des actes rembours\u00e9s r\u00e9gresse depuis des d\u00e9cennies en comparaison \u00e0 l\u2019inflation ) et l&rsquo;orientation de votre carri\u00e8re.<\/p>\n<p>La gestion de votre propre entreprise comporte \u00e9galement des avantages fiscaux que vous ne trouverez pas dans un emploi traditionnel. Il est \u00e9galement primordial de se former \u00e0 la partie fiscale afin de r\u00e9colter les fruits de votre investissement et d\u2019am\u00e9liorer chaque ann\u00e9e votre prestation par des investissements.<\/p>\n<h2>La demande de services de kin\u00e9sith\u00e9rapie est importante.<\/h2>\n<p>L\u2019un des gros avantages de la profession de kin\u00e9sith\u00e9rapeute actuellement est que la demande de soin est importante et va continuer de cro\u00eetre avec le vieillissement de la population entre autre. C\u2019est un point fondamental pour tout chef d\u2019entreprise de conna\u00eetre la demande afin de s\u2019assurer de la viabilit\u00e9 de son entreprise.<\/p>\n<p>Sur ce point l\u00e0, les kin\u00e9s lib\u00e9raux sont largement sollicit\u00e9s et n\u2019ont pas de probl\u00e8me de manque de patient\u00e8le (m\u00eame en zone surdot\u00e9e). Il s\u2019agit plut\u00f4t de cibler sp\u00e9cifiquement une patient\u00e8le au travers de la sp\u00e9cialisation par exemple.<\/p>\n<p>Tout comme un chef d\u2019entreprise va se focaliser sur une solution sp\u00e9cifique qui se diff\u00e9rencie de ce qui existe dans sa zone de chalandise, le kin\u00e9sith\u00e9rapeute lib\u00e9ral va cibler une demande particuli\u00e8re en accord avec ses go\u00fbts. Cela peut \u00eatre une sp\u00e9cialit\u00e9, mais cela peut \u00e9galement \u00eatre de g\u00e9rer les demandes urgentes. Ces derni\u00e8res seront donc moins sp\u00e9cifiques en termes de pathologies mais r\u00e9pond \u00e0 un besoin qui lui est sp\u00e9cifique: la prise en charge rapide puis la r\u00e9orientation vers un confr\u00e8re sp\u00e9cialis\u00e9. Cela entra\u00eene la capacit\u00e9 de <a href=\"https:\/\/kineoweb.fr\/kineoblog\/communication-kines-quelles-avancees\/\" target=\"_blank\" rel=\"noopener\">communiquer dans le respect de la d\u00e9ontologie<\/a> et de travailler en r\u00e9seau, une autre comp\u00e9tence sur laquelle se former.<\/p>\n<h2>Conclusion: Le kin\u00e9 lib\u00e9ral est bien un chef d\u2019entreprise<\/h2>\n<p>La vision d\u2019un chef d\u2019entreprise et d\u2019un <strong>kin\u00e9 lib\u00e9ral<\/strong> est donc identique. Cela demande <a href=\"https:\/\/kineoweb.fr\/kineoblog\/formation-gestion-entrepreneuriale-kine\/\">des connaissances sp\u00e9cifiques pour lesquelles il est important de se former et de bien s\u2019entourer<\/a>. Que ce soit en termes de fiscalit\u00e9, de cr\u00e9ation d\u2019entreprise, de communication ou pour l\u2019aspect juridique le kin\u00e9sith\u00e9rapeute lib\u00e9rale se doit d\u2019\u00eatre accompagn\u00e9. Ainsi il ne navigue pas \u00e0 vue mais r\u00e9ellement avec une vision qui lui sert autant qu\u2019elle sert \u00e0 ses patients.<\/p>\n<p>[\/et_pb_text][\/et_pb_column][\/et_pb_row][\/et_pb_section]<\/p>\n","protected":false},"excerpt":{"rendered":"<p>Un kin\u00e9 lib\u00e9ral est-il un chef d&rsquo;entreprise et si tel est le cas qu&rsquo;est-ce que cela implique? d\u00e9couvrez en plus ici \ud83d\udc49<\/p>\n","protected":false},"author":1,"featured_media":1178,"comment_status":"open","ping_status":"open","sticky":false,"template":"","format":"standard","meta":{"_et_pb_use_builder":"on","_et_pb_old_content":"","_et_gb_content_width":"1080","_monsterinsights_skip_tracking":false,"_monsterinsights_sitenote_active":false,"_monsterinsights_sitenote_note":"","_monsterinsights_sitenote_category":0,"_jetpack_memberships_contains_paid_content":false,"footnotes":""},"categories":[4],"tags":[],"class_list":["post-1177","post","type-post","status-publish","format-standard","has-post-thumbnail","hentry","category-formations"],"yoast_head":"<!-- This site is optimized with the Yoast SEO plugin v27.4 - https:\/\/yoast.com\/product\/yoast-seo-wordpress\/ -->\n<title>Un kin\u00e9 lib\u00e9ral est-il un chef d&#039;entreprise ?<\/title>\n<meta name=\"description\" content=\"Un kin\u00e9 lib\u00e9ral est-il un chef d&#039;entreprise et si tel est le cas qu&#039;est-ce que cela implique? d\u00e9couvrez en plus ici \ud83d\udc49\" \/>\n<meta name=\"robots\" content=\"index, follow, max-snippet:-1, max-image-preview:large, max-video-preview:-1\" \/>\n<link rel=\"canonical\" href=\"https:\/\/kineoweb.fr\/kineoblog\/kine-liberal-chef-dentreprise\/\" \/>\n<meta property=\"og:locale\" content=\"fr_FR\" \/>\n<meta property=\"og:type\" content=\"article\" \/>\n<meta property=\"og:title\" content=\"Un kin\u00e9 lib\u00e9ral est-il un chef d&#039;entreprise ?\" \/>\n<meta property=\"og:description\" content=\"Un kin\u00e9 lib\u00e9ral est-il un chef d&#039;entreprise et si tel est le cas qu&#039;est-ce que cela implique? d\u00e9couvrez en plus ici \ud83d\udc49\" \/>\n<meta property=\"og:url\" content=\"https:\/\/kineoweb.fr\/kineoblog\/kine-liberal-chef-dentreprise\/\" \/>\n<meta property=\"og:site_name\" content=\"Kin\u00e9Oblog\" \/>\n<meta property=\"article:publisher\" content=\"https:\/\/www.facebook.com\/Kin%c3%a9Oweb-1551479311825491\/?ref=aymt_homepage_panel\" \/>\n<meta property=\"article:published_time\" content=\"2022-10-12T16:27:58+00:00\" \/>\n<meta property=\"article:modified_time\" content=\"2023-06-06T06:49:24+00:00\" \/>\n<meta property=\"og:image\" content=\"https:\/\/kineoweb.fr\/kineoblog\/wp-content\/uploads\/sites\/2\/2022\/10\/Kinesitherapeute-liberal-chef-dentreprise.jpg\" \/>\n\t<meta property=\"og:image:width\" content=\"1280\" \/>\n\t<meta property=\"og:image:height\" content=\"853\" \/>\n\t<meta property=\"og:image:type\" content=\"image\/jpeg\" \/>\n<meta name=\"author\" content=\"kineoweb\" \/>\n<meta name=\"twitter:card\" content=\"summary_large_image\" \/>\n<meta name=\"twitter:label1\" content=\"\u00c9crit par\" \/>\n\t<meta name=\"twitter:data1\" content=\"kineoweb\" \/>\n<script type=\"application\/ld+json\" class=\"yoast-schema-graph\">{\"@context\":\"https:\\\/\\\/schema.org\",\"@graph\":[{\"@type\":\"Article\",\"@id\":\"https:\\\/\\\/kineoweb.fr\\\/kineoblog\\\/kine-liberal-chef-dentreprise\\\/#article\",\"isPartOf\":{\"@id\":\"https:\\\/\\\/kineoweb.fr\\\/kineoblog\\\/kine-liberal-chef-dentreprise\\\/\"},\"author\":{\"name\":\"kineoweb\",\"@id\":\"https:\\\/\\\/kineoweb.fr\\\/kineoblog\\\/#\\\/schema\\\/person\\\/276328f3f20d571a6313a40a82bab4ea\"},\"headline\":\"Un kin\u00e9 lib\u00e9ral est-il un chef d&rsquo;entreprise ? Et qu&rsquo;est-ce que \u00e7a implique ?\",\"datePublished\":\"2022-10-12T16:27:58+00:00\",\"dateModified\":\"2023-06-06T06:49:24+00:00\",\"mainEntityOfPage\":{\"@id\":\"https:\\\/\\\/kineoweb.fr\\\/kineoblog\\\/kine-liberal-chef-dentreprise\\\/\"},\"wordCount\":1241,\"commentCount\":1,\"image\":{\"@id\":\"https:\\\/\\\/kineoweb.fr\\\/kineoblog\\\/kine-liberal-chef-dentreprise\\\/#primaryimage\"},\"thumbnailUrl\":\"https:\\\/\\\/i0.wp.com\\\/kineoweb.fr\\\/kineoblog\\\/wp-content\\\/uploads\\\/sites\\\/2\\\/2022\\\/10\\\/Kinesitherapeute-liberal-chef-dentreprise.jpg?fit=1280%2C853&ssl=1\",\"articleSection\":[\"Formations\"],\"inLanguage\":\"fr-FR\",\"potentialAction\":[{\"@type\":\"CommentAction\",\"name\":\"Comment\",\"target\":[\"https:\\\/\\\/kineoweb.fr\\\/kineoblog\\\/kine-liberal-chef-dentreprise\\\/#respond\"]}]},{\"@type\":\"WebPage\",\"@id\":\"https:\\\/\\\/kineoweb.fr\\\/kineoblog\\\/kine-liberal-chef-dentreprise\\\/\",\"url\":\"https:\\\/\\\/kineoweb.fr\\\/kineoblog\\\/kine-liberal-chef-dentreprise\\\/\",\"name\":\"Un kin\u00e9 lib\u00e9ral est-il un chef d'entreprise ?\",\"isPartOf\":{\"@id\":\"https:\\\/\\\/kineoweb.fr\\\/kineoblog\\\/#website\"},\"primaryImageOfPage\":{\"@id\":\"https:\\\/\\\/kineoweb.fr\\\/kineoblog\\\/kine-liberal-chef-dentreprise\\\/#primaryimage\"},\"image\":{\"@id\":\"https:\\\/\\\/kineoweb.fr\\\/kineoblog\\\/kine-liberal-chef-dentreprise\\\/#primaryimage\"},\"thumbnailUrl\":\"https:\\\/\\\/i0.wp.com\\\/kineoweb.fr\\\/kineoblog\\\/wp-content\\\/uploads\\\/sites\\\/2\\\/2022\\\/10\\\/Kinesitherapeute-liberal-chef-dentreprise.jpg?fit=1280%2C853&ssl=1\",\"datePublished\":\"2022-10-12T16:27:58+00:00\",\"dateModified\":\"2023-06-06T06:49:24+00:00\",\"author\":{\"@id\":\"https:\\\/\\\/kineoweb.fr\\\/kineoblog\\\/#\\\/schema\\\/person\\\/276328f3f20d571a6313a40a82bab4ea\"},\"description\":\"Un kin\u00e9 lib\u00e9ral est-il un chef d'entreprise et si tel est le cas qu'est-ce que cela implique? d\u00e9couvrez en plus ici \ud83d\udc49\",\"breadcrumb\":{\"@id\":\"https:\\\/\\\/kineoweb.fr\\\/kineoblog\\\/kine-liberal-chef-dentreprise\\\/#breadcrumb\"},\"inLanguage\":\"fr-FR\",\"potentialAction\":[{\"@type\":\"ReadAction\",\"target\":[\"https:\\\/\\\/kineoweb.fr\\\/kineoblog\\\/kine-liberal-chef-dentreprise\\\/\"]}]},{\"@type\":\"ImageObject\",\"inLanguage\":\"fr-FR\",\"@id\":\"https:\\\/\\\/kineoweb.fr\\\/kineoblog\\\/kine-liberal-chef-dentreprise\\\/#primaryimage\",\"url\":\"https:\\\/\\\/i0.wp.com\\\/kineoweb.fr\\\/kineoblog\\\/wp-content\\\/uploads\\\/sites\\\/2\\\/2022\\\/10\\\/Kinesitherapeute-liberal-chef-dentreprise.jpg?fit=1280%2C853&ssl=1\",\"contentUrl\":\"https:\\\/\\\/i0.wp.com\\\/kineoweb.fr\\\/kineoblog\\\/wp-content\\\/uploads\\\/sites\\\/2\\\/2022\\\/10\\\/Kinesitherapeute-liberal-chef-dentreprise.jpg?fit=1280%2C853&ssl=1\",\"width\":1280,\"height\":853,\"caption\":\"kin\u00e9 lib\u00e9ral chef d'entreprise\"},{\"@type\":\"BreadcrumbList\",\"@id\":\"https:\\\/\\\/kineoweb.fr\\\/kineoblog\\\/kine-liberal-chef-dentreprise\\\/#breadcrumb\",\"itemListElement\":[{\"@type\":\"ListItem\",\"position\":1,\"name\":\"Accueil\",\"item\":\"https:\\\/\\\/kineoweb.fr\\\/kineoblog\\\/\"},{\"@type\":\"ListItem\",\"position\":2,\"name\":\"Un kin\u00e9 lib\u00e9ral est-il un chef d&rsquo;entreprise ? Et qu&rsquo;est-ce que \u00e7a implique ?\"}]},{\"@type\":\"WebSite\",\"@id\":\"https:\\\/\\\/kineoweb.fr\\\/kineoblog\\\/#website\",\"url\":\"https:\\\/\\\/kineoweb.fr\\\/kineoblog\\\/\",\"name\":\"Kin\u00e9Oblog\",\"description\":\"Conseils et informations pour les Kin\u00e9s et Ost\u00e9os\",\"potentialAction\":[{\"@type\":\"SearchAction\",\"target\":{\"@type\":\"EntryPoint\",\"urlTemplate\":\"https:\\\/\\\/kineoweb.fr\\\/kineoblog\\\/?s={search_term_string}\"},\"query-input\":{\"@type\":\"PropertyValueSpecification\",\"valueRequired\":true,\"valueName\":\"search_term_string\"}}],\"inLanguage\":\"fr-FR\"},{\"@type\":\"Person\",\"@id\":\"https:\\\/\\\/kineoweb.fr\\\/kineoblog\\\/#\\\/schema\\\/person\\\/276328f3f20d571a6313a40a82bab4ea\",\"name\":\"kineoweb\",\"image\":{\"@type\":\"ImageObject\",\"inLanguage\":\"fr-FR\",\"@id\":\"https:\\\/\\\/secure.gravatar.com\\\/avatar\\\/63966abb47ac008849350af90453384a20b61d9f1b4cc0fc20b34cdd2c666586?s=96&d=mm&r=g\",\"url\":\"https:\\\/\\\/secure.gravatar.com\\\/avatar\\\/63966abb47ac008849350af90453384a20b61d9f1b4cc0fc20b34cdd2c666586?s=96&d=mm&r=g\",\"contentUrl\":\"https:\\\/\\\/secure.gravatar.com\\\/avatar\\\/63966abb47ac008849350af90453384a20b61d9f1b4cc0fc20b34cdd2c666586?s=96&d=mm&r=g\",\"caption\":\"kineoweb\"},\"url\":\"https:\\\/\\\/kineoweb.fr\\\/kineoblog\\\/author\\\/kineoweb\\\/\"}]}<\/script>\n<!-- \/ Yoast SEO plugin. -->","yoast_head_json":{"title":"Un kin\u00e9 lib\u00e9ral est-il un chef d'entreprise ?","description":"Un kin\u00e9 lib\u00e9ral est-il un chef d'entreprise et si tel est le cas qu'est-ce que cela implique? d\u00e9couvrez en plus ici \ud83d\udc49","robots":{"index":"index","follow":"follow","max-snippet":"max-snippet:-1","max-image-preview":"max-image-preview:large","max-video-preview":"max-video-preview:-1"},"canonical":"https:\/\/kineoweb.fr\/kineoblog\/kine-liberal-chef-dentreprise\/","og_locale":"fr_FR","og_type":"article","og_title":"Un kin\u00e9 lib\u00e9ral est-il un chef d'entreprise ?","og_description":"Un kin\u00e9 lib\u00e9ral est-il un chef d'entreprise et si tel est le cas qu'est-ce que cela implique? d\u00e9couvrez en plus ici \ud83d\udc49","og_url":"https:\/\/kineoweb.fr\/kineoblog\/kine-liberal-chef-dentreprise\/","og_site_name":"Kin\u00e9Oblog","article_publisher":"https:\/\/www.facebook.com\/Kin%c3%a9Oweb-1551479311825491\/?ref=aymt_homepage_panel","article_published_time":"2022-10-12T16:27:58+00:00","article_modified_time":"2023-06-06T06:49:24+00:00","og_image":[{"width":1280,"height":853,"url":"https:\/\/kineoweb.fr\/kineoblog\/wp-content\/uploads\/sites\/2\/2022\/10\/Kinesitherapeute-liberal-chef-dentreprise.jpg","type":"image\/jpeg"}],"author":"kineoweb","twitter_card":"summary_large_image","twitter_misc":{"\u00c9crit par":"kineoweb"},"schema":{"@context":"https:\/\/schema.org","@graph":[{"@type":"Article","@id":"https:\/\/kineoweb.fr\/kineoblog\/kine-liberal-chef-dentreprise\/#article","isPartOf":{"@id":"https:\/\/kineoweb.fr\/kineoblog\/kine-liberal-chef-dentreprise\/"},"author":{"name":"kineoweb","@id":"https:\/\/kineoweb.fr\/kineoblog\/#\/schema\/person\/276328f3f20d571a6313a40a82bab4ea"},"headline":"Un kin\u00e9 lib\u00e9ral est-il un chef d&rsquo;entreprise ? Et qu&rsquo;est-ce que \u00e7a implique ?","datePublished":"2022-10-12T16:27:58+00:00","dateModified":"2023-06-06T06:49:24+00:00","mainEntityOfPage":{"@id":"https:\/\/kineoweb.fr\/kineoblog\/kine-liberal-chef-dentreprise\/"},"wordCount":1241,"commentCount":1,"image":{"@id":"https:\/\/kineoweb.fr\/kineoblog\/kine-liberal-chef-dentreprise\/#primaryimage"},"thumbnailUrl":"https:\/\/i0.wp.com\/kineoweb.fr\/kineoblog\/wp-content\/uploads\/sites\/2\/2022\/10\/Kinesitherapeute-liberal-chef-dentreprise.jpg?fit=1280%2C853&ssl=1","articleSection":["Formations"],"inLanguage":"fr-FR","potentialAction":[{"@type":"CommentAction","name":"Comment","target":["https:\/\/kineoweb.fr\/kineoblog\/kine-liberal-chef-dentreprise\/#respond"]}]},{"@type":"WebPage","@id":"https:\/\/kineoweb.fr\/kineoblog\/kine-liberal-chef-dentreprise\/","url":"https:\/\/kineoweb.fr\/kineoblog\/kine-liberal-chef-dentreprise\/","name":"Un kin\u00e9 lib\u00e9ral est-il un chef d'entreprise ?","isPartOf":{"@id":"https:\/\/kineoweb.fr\/kineoblog\/#website"},"primaryImageOfPage":{"@id":"https:\/\/kineoweb.fr\/kineoblog\/kine-liberal-chef-dentreprise\/#primaryimage"},"image":{"@id":"https:\/\/kineoweb.fr\/kineoblog\/kine-liberal-chef-dentreprise\/#primaryimage"},"thumbnailUrl":"https:\/\/i0.wp.com\/kineoweb.fr\/kineoblog\/wp-content\/uploads\/sites\/2\/2022\/10\/Kinesitherapeute-liberal-chef-dentreprise.jpg?fit=1280%2C853&ssl=1","datePublished":"2022-10-12T16:27:58+00:00","dateModified":"2023-06-06T06:49:24+00:00","author":{"@id":"https:\/\/kineoweb.fr\/kineoblog\/#\/schema\/person\/276328f3f20d571a6313a40a82bab4ea"},"description":"Un kin\u00e9 lib\u00e9ral est-il un chef d'entreprise et si tel est le cas qu'est-ce que cela implique? d\u00e9couvrez en plus ici \ud83d\udc49","breadcrumb":{"@id":"https:\/\/kineoweb.fr\/kineoblog\/kine-liberal-chef-dentreprise\/#breadcrumb"},"inLanguage":"fr-FR","potentialAction":[{"@type":"ReadAction","target":["https:\/\/kineoweb.fr\/kineoblog\/kine-liberal-chef-dentreprise\/"]}]},{"@type":"ImageObject","inLanguage":"fr-FR","@id":"https:\/\/kineoweb.fr\/kineoblog\/kine-liberal-chef-dentreprise\/#primaryimage","url":"https:\/\/i0.wp.com\/kineoweb.fr\/kineoblog\/wp-content\/uploads\/sites\/2\/2022\/10\/Kinesitherapeute-liberal-chef-dentreprise.jpg?fit=1280%2C853&ssl=1","contentUrl":"https:\/\/i0.wp.com\/kineoweb.fr\/kineoblog\/wp-content\/uploads\/sites\/2\/2022\/10\/Kinesitherapeute-liberal-chef-dentreprise.jpg?fit=1280%2C853&ssl=1","width":1280,"height":853,"caption":"kin\u00e9 lib\u00e9ral chef d'entreprise"},{"@type":"BreadcrumbList","@id":"https:\/\/kineoweb.fr\/kineoblog\/kine-liberal-chef-dentreprise\/#breadcrumb","itemListElement":[{"@type":"ListItem","position":1,"name":"Accueil","item":"https:\/\/kineoweb.fr\/kineoblog\/"},{"@type":"ListItem","position":2,"name":"Un kin\u00e9 lib\u00e9ral est-il un chef d&rsquo;entreprise ? Et qu&rsquo;est-ce que \u00e7a implique ?"}]},{"@type":"WebSite","@id":"https:\/\/kineoweb.fr\/kineoblog\/#website","url":"https:\/\/kineoweb.fr\/kineoblog\/","name":"Kin\u00e9Oblog","description":"Conseils et informations pour les Kin\u00e9s et Ost\u00e9os","potentialAction":[{"@type":"SearchAction","target":{"@type":"EntryPoint","urlTemplate":"https:\/\/kineoweb.fr\/kineoblog\/?s={search_term_string}"},"query-input":{"@type":"PropertyValueSpecification","valueRequired":true,"valueName":"search_term_string"}}],"inLanguage":"fr-FR"},{"@type":"Person","@id":"https:\/\/kineoweb.fr\/kineoblog\/#\/schema\/person\/276328f3f20d571a6313a40a82bab4ea","name":"kineoweb","image":{"@type":"ImageObject","inLanguage":"fr-FR","@id":"https:\/\/secure.gravatar.com\/avatar\/63966abb47ac008849350af90453384a20b61d9f1b4cc0fc20b34cdd2c666586?s=96&d=mm&r=g","url":"https:\/\/secure.gravatar.com\/avatar\/63966abb47ac008849350af90453384a20b61d9f1b4cc0fc20b34cdd2c666586?s=96&d=mm&r=g","contentUrl":"https:\/\/secure.gravatar.com\/avatar\/63966abb47ac008849350af90453384a20b61d9f1b4cc0fc20b34cdd2c666586?s=96&d=mm&r=g","caption":"kineoweb"},"url":"https:\/\/kineoweb.fr\/kineoblog\/author\/kineoweb\/"}]}},"jetpack_featured_media_url":"https:\/\/i0.wp.com\/kineoweb.fr\/kineoblog\/wp-content\/uploads\/sites\/2\/2022\/10\/Kinesitherapeute-liberal-chef-dentreprise.jpg?fit=1280%2C853&ssl=1","jetpack_sharing_enabled":true,"_links":{"self":[{"href":"https:\/\/kineoweb.fr\/kineoblog\/wp-json\/wp\/v2\/posts\/1177","targetHints":{"allow":["GET"]}}],"collection":[{"href":"https:\/\/kineoweb.fr\/kineoblog\/wp-json\/wp\/v2\/posts"}],"about":[{"href":"https:\/\/kineoweb.fr\/kineoblog\/wp-json\/wp\/v2\/types\/post"}],"author":[{"embeddable":true,"href":"https:\/\/kineoweb.fr\/kineoblog\/wp-json\/wp\/v2\/users\/1"}],"replies":[{"embeddable":true,"href":"https:\/\/kineoweb.fr\/kineoblog\/wp-json\/wp\/v2\/comments?post=1177"}],"version-history":[{"count":4,"href":"https:\/\/kineoweb.fr\/kineoblog\/wp-json\/wp\/v2\/posts\/1177\/revisions"}],"predecessor-version":[{"id":1529,"href":"https:\/\/kineoweb.fr\/kineoblog\/wp-json\/wp\/v2\/posts\/1177\/revisions\/1529"}],"wp:featuredmedia":[{"embeddable":true,"href":"https:\/\/kineoweb.fr\/kineoblog\/wp-json\/wp\/v2\/media\/1178"}],"wp:attachment":[{"href":"https:\/\/kineoweb.fr\/kineoblog\/wp-json\/wp\/v2\/media?parent=1177"}],"wp:term":[{"taxonomy":"category","embeddable":true,"href":"https:\/\/kineoweb.fr\/kineoblog\/wp-json\/wp\/v2\/categories?post=1177"},{"taxonomy":"post_tag","embeddable":true,"href":"https:\/\/kineoweb.fr\/kineoblog\/wp-json\/wp\/v2\/tags?post=1177"}],"curies":[{"name":"wp","href":"https:\/\/api.w.org\/{rel}","templated":true}]}}