{"id":1125,"date":"2021-05-03T08:17:31","date_gmt":"2021-05-03T06:17:31","guid":{"rendered":"https:\/\/kineoweb.fr\/kineoblog\/?p=1125"},"modified":"2021-05-03T08:18:35","modified_gmt":"2021-05-03T06:18:35","slug":"lutte-contre-mucoviscidose","status":"publish","type":"post","link":"https:\/\/kineoweb.fr\/kineoblog\/lutte-contre-mucoviscidose\/","title":{"rendered":"Le d\u00e9fi de Florian Watteau pour la lutte contre la Mucoviscidose"},"content":{"rendered":"<p>[et_pb_section fb_built=\u00a0\u00bb1&Prime; admin_label=\u00a0\u00bbsection\u00a0\u00bb _builder_version=\u00a0\u00bb3.22&Prime;][et_pb_row admin_label=\u00a0\u00bbrow\u00a0\u00bb _builder_version=\u00a0\u00bb3.25&Prime; background_size=\u00a0\u00bbinitial\u00a0\u00bb background_position=\u00a0\u00bbtop_left\u00a0\u00bb background_repeat=\u00a0\u00bbrepeat\u00a0\u00bb][et_pb_column type=\u00a0\u00bb4_4&Prime; _builder_version=\u00a0\u00bb3.25&Prime; custom_padding=\u00a0\u00bb|||\u00a0\u00bb custom_padding__hover=\u00a0\u00bb|||\u00a0\u00bb][et_pb_text admin_label=\u00a0\u00bbTexte\u00a0\u00bb _builder_version=\u00a0\u00bb4.9.4&Prime; background_size=\u00a0\u00bbinitial\u00a0\u00bb background_position=\u00a0\u00bbtop_left\u00a0\u00bb background_repeat=\u00a0\u00bbrepeat\u00a0\u00bb hover_enabled=\u00a0\u00bb0&Prime; use_border_color=\u00a0\u00bboff\u00a0\u00bb border_color=\u00a0\u00bb#ffffff\u00a0\u00bb border_style=\u00a0\u00bbsolid\u00a0\u00bb sticky_enabled=\u00a0\u00bb0&Prime;]<\/p>\n<p><a href=\"https:\/\/kineoweb.fr\/kineoblog\/mucoviscidose-votre-kine-est-a-vos-cotes\/\"><span style=\"font-weight: 400;\">La mucoviscidose<\/span><\/a><span style=\"font-weight: 400;\"> concerne 200 nouveaux n\u00e9s chaque ann\u00e9e. Florian Watteau se lance dans un d\u00e9fi sportif afin d\u2019aider les personnes atteintes de mucoviscidose. Nous pouvons tous participer \u00e0 sa r\u00e9ussite en <\/span><a href=\"http:\/\/www.alvarum.com\/florianwatteau\"><span style=\"font-weight: 400;\">soutenant son projet<\/span><\/a><span style=\"font-weight: 400;\"> pour la <\/span><b>lutte contre la mucoviscidose.<\/b><\/p>\n<p>&nbsp;<\/p>\n<h2><span style=\"font-weight: 400;\">Pouvez-vous vous pr\u00e9senter et nous pr\u00e9senter les origines de votre projet.<\/span><\/h2>\n<p><span style=\"font-weight: 400;\">Je m\u2019appelle Florian WATTEAU, j\u2019ai 24 ans, j\u2019habite dans la m\u00e9tropole lilloise (59) et je suis masseur-kin\u00e9sith\u00e9rapeute. De par mon m\u00e9tier, j\u2019aime le sport et j\u2019aime les diff\u00e9rents projets associatifs qui rassemblent. Ainsi, la course des H\u00e9ros est un parfait exemple de projet qui mobilise pour la bonne cause qui se d\u00e9roulera le 27 juin 2021.<\/span><\/p>\n<h2><span style=\"font-weight: 400;\">Pourquoi avez-vous choisi l\u2019association Gr\u00e9gory Lemarchal pour la lutte contre la mucoviscidose ?<\/span><\/h2>\n<p><span style=\"font-weight: 400;\">L\u2019<\/span><a href=\"https:\/\/association-gregorylemarchal.org\/\"><span style=\"font-weight: 400;\">association Gr\u00e9gory Lemarchal<\/span><\/a><span style=\"font-weight: 400;\"> lutte pour offrir une meilleure qualit\u00e9 de vie aux patients atteints de <\/span><b>mucoviscidose<\/b><span style=\"font-weight: 400;\">. Je connaissais l\u2019association par certains membres de ma famille engag\u00e9e depuis de nombreuses ann\u00e9es, touch\u00e9s pour certains par cette maladie. De plus, les patients atteints de cette maladie que j\u2019ai pu aider durant ma jeune exp\u00e9rience m\u2019ont toujours touch\u00e9s par leur combativit\u00e9 quotidienne et pour laquelle le masseur-kin\u00e9sith\u00e9rapeute a une action quasi-quotidienne. Ainsi, il me tenait \u00e0 c\u0153ur de soutenir cette association pour leur montrer mon soutien.<\/span><\/p>\n<p>[\/et_pb_text][\/et_pb_column][\/et_pb_row][et_pb_row admin_label=\u00a0\u00bbLigne\u00a0\u00bb module_class=\u00a0\u00bb et_pb_row_fullwidth\u00a0\u00bb _builder_version=\u00a0\u00bb3.25&Prime; background_size=\u00a0\u00bbinitial\u00a0\u00bb background_position=\u00a0\u00bbtop_left\u00a0\u00bb background_repeat=\u00a0\u00bbrepeat\u00a0\u00bb width=\u00a0\u00bb89%\u00a0\u00bb width_tablet=\u00a0\u00bb80%\u00a0\u00bb width_phone=\u00a0\u00bb\u00a0\u00bb width_last_edited=\u00a0\u00bbon|desktop\u00a0\u00bb max_width=\u00a0\u00bb89%\u00a0\u00bb max_width_tablet=\u00a0\u00bb80%\u00a0\u00bb max_width_phone=\u00a0\u00bb\u00a0\u00bb max_width_last_edited=\u00a0\u00bbon|desktop\u00a0\u00bb make_fullwidth=\u00a0\u00bbon\u00a0\u00bb][et_pb_column type=\u00a0\u00bb4_4&Prime; _builder_version=\u00a0\u00bb3.25&Prime; custom_padding=\u00a0\u00bb|||\u00a0\u00bb custom_padding__hover=\u00a0\u00bb|||\u00a0\u00bb][et_pb_image src=\u00a0\u00bbhttps:\/\/kineoweb.fr\/kineoblog\/wp-content\/uploads\/sites\/2\/2021\/05\/Association-Gregory-Lemarchal.png\u00a0\u00bb alt=\u00a0\u00bbAssociation Gr\u00e9gory Lemarchal\u00a0\u00bb title_text=\u00a0\u00bbAssociation Gregory Lemarchal\u00a0\u00bb url=\u00a0\u00bbhttps:\/\/www.alvarum.com\/florianwatteau\u00a0\u00bb url_new_window=\u00a0\u00bbon\u00a0\u00bb force_fullwidth=\u00a0\u00bbon\u00a0\u00bb align_tablet=\u00a0\u00bbcenter\u00a0\u00bb align_phone=\u00a0\u00bb\u00a0\u00bb align_last_edited=\u00a0\u00bbon|desktop\u00a0\u00bb admin_label=\u00a0\u00bbImage\u00a0\u00bb _builder_version=\u00a0\u00bb4.9.4&Prime; hover_enabled=\u00a0\u00bb0&Prime; use_border_color=\u00a0\u00bboff\u00a0\u00bb border_color=\u00a0\u00bb#ffffff\u00a0\u00bb border_style=\u00a0\u00bbsolid\u00a0\u00bb animation=\u00a0\u00bboff\u00a0\u00bb sticky=\u00a0\u00bboff\u00a0\u00bb sticky_enabled=\u00a0\u00bb0&Prime;][\/et_pb_image][et_pb_cta button_text=\u00a0\u00bbSoutenez Florian Watteau\u00a0\u00bb _builder_version=\u00a0\u00bb4.9.4&Prime; _module_preset=\u00a0\u00bbdefault\u00a0\u00bb alt=\u00a0\u00bbAssociation Gr\u00e9gory Lemarchal\u00a0\u00bb title_text=\u00a0\u00bbAssociation Gregory Lemarchal\u00a0\u00bb background_image=\u00a0\u00bbhttps:\/\/kineoweb.fr\/kineoblog\/wp-content\/uploads\/sites\/2\/2021\/05\/Association-Gregory-Lemarchal.png\u00a0\u00bb use_background_color=\u00a0\u00bboff\u00a0\u00bb background_enable_color=\u00a0\u00bboff\u00a0\u00bb use_background_color_gradient=\u00a0\u00bbon\u00a0\u00bb background_color_gradient_start=\u00a0\u00bb#0c71c3&Prime; background_color_gradient_overlays_image=\u00a0\u00bbon\u00a0\u00bb button_url=\u00a0\u00bbhttps:\/\/www.alvarum.com\/florianwatteau\u00a0\u00bb url_new_window=\u00a0\u00bbon\u00a0\u00bb custom_margin=\u00a0\u00bb-20px||0px||false|false\u00a0\u00bb custom_padding=\u00a0\u00bb15px||15px||false|false\u00a0\u00bb hover_enabled=\u00a0\u00bb0&Prime; sticky_enabled=\u00a0\u00bb0&Prime;][\/et_pb_cta][\/et_pb_column][\/et_pb_row][et_pb_row admin_label=\u00a0\u00bbLigne\u00a0\u00bb _builder_version=\u00a0\u00bb3.25&Prime; background_size=\u00a0\u00bbinitial\u00a0\u00bb background_position=\u00a0\u00bbtop_left\u00a0\u00bb background_repeat=\u00a0\u00bbrepeat\u00a0\u00bb][et_pb_column type=\u00a0\u00bb4_4&Prime; _builder_version=\u00a0\u00bb3.25&Prime; custom_padding=\u00a0\u00bb|||\u00a0\u00bb custom_padding__hover=\u00a0\u00bb|||\u00a0\u00bb][et_pb_text admin_label=\u00a0\u00bbTexte\u00a0\u00bb _builder_version=\u00a0\u00bb4.9.4&Prime; background_size=\u00a0\u00bbinitial\u00a0\u00bb background_position=\u00a0\u00bbtop_left\u00a0\u00bb background_repeat=\u00a0\u00bbrepeat\u00a0\u00bb hover_enabled=\u00a0\u00bb0&Prime; use_border_color=\u00a0\u00bboff\u00a0\u00bb border_color=\u00a0\u00bb#ffffff\u00a0\u00bb border_style=\u00a0\u00bbsolid\u00a0\u00bb sticky_enabled=\u00a0\u00bb0&Prime;]<\/p>\n<h2><span style=\"font-weight: 400;\">Pourquoi avez-vous choisi la course des h\u00e9ros ? Comment cela fonctionne-t-il ?<\/span><\/h2>\n<p><span style=\"font-weight: 400;\">La <\/span><a href=\"https:\/\/www.coursedesheros.com\/\"><span style=\"font-weight: 400;\">course des H\u00e9ros<\/span><\/a><span style=\"font-weight: 400;\"> est un \u00e9v\u00e9nement auquel participe chaque ann\u00e9e l\u2019association Gr\u00e9gory Lemarchal et cela me permet d\u2019allier sport et mobilisation pour une bonne cause. Et pour moi, c\u2019est \u00e9galement porteur de sens car quand on court, on est \u00e0 la recherche du souffle, ce que les patients cherchent quotidiennement de par leur maladie.<\/span><\/p>\n<p><span style=\"font-weight: 400;\">Cet \u00e9v\u00e9nement annuel consiste \u00e0 r\u00e9aliser un d\u00e9fi sportif en faveur d\u2019une association. Avant de valider notre inscription, il est demand\u00e9 \u00e0 chaque h\u00e9ros de r\u00e9colter un minimum de dons pour l\u2019association repr\u00e9sent\u00e9e. La course se d\u00e9roule dans 4 villes de France : Paris, Lyon, Bordeaux et Nantes. Etant le contexte sanitaire actuel, je r\u00e9aliserai cette course de fa\u00e7on connect\u00e9e \u00e0 distance.<\/span><\/p>\n<h2><span style=\"font-weight: 400;\">Comment peut-on vous soutenir ?<\/span><\/h2>\n<p><span style=\"font-weight: 400;\">Vous pouvez me soutenir de diff\u00e9rentes fa\u00e7ons. Evidemment, la premi\u00e8re fa\u00e7on de me soutenir est de faire un don (aucune somme minimum !) sur la page de ma cagnotte Alvarum (100 % s\u00e9curis\u00e9), d\u00e9ductible fiscalement :<\/span><a href=\"https:\/\/www.alvarum.com\/florianwatteau\"> <span style=\"font-weight: 400;\">https:\/\/www.alvarum.com\/florianwatteau<\/span><\/a><\/p>\n<p><span style=\"font-weight: 400;\">La deuxi\u00e8me fa\u00e7on de me soutenir est de relayer mon projet \u00e0 vos proches, vos connaissances ou des entreprises qui seraient susceptibles de m\u2019aider. Pour toute question sur le projet, je me ferai un plaisir de vous r\u00e9pondre par mail : florianwatteau@gmail.com<\/span><\/p>\n<h2><span style=\"font-weight: 400;\">Avez-vous ou pr\u00e9voyez-vous d\u2019autres projets de soutien ?<\/span><\/h2>\n<p><span style=\"font-weight: 400;\">J\u2019aime participer \u00e0 des projets porteurs de sens comme les \u00e9v\u00e9nements du T\u00e9l\u00e9thon ou les foul\u00e9es Ludopital. Dans le futur, je compte r\u00e9aliser la course des H\u00e9ros sur Paris pour r\u00e9aliser ce d\u00e9fi sportif avec les diff\u00e9rentes personnes mobilis\u00e9es.<\/span><\/p>\n<h2><span style=\"font-weight: 400;\">Comment voyez-vous le kin\u00e9sith\u00e9rapeute de demain ?<\/span><\/h2>\n<p><span style=\"font-weight: 400;\">Le kin\u00e9sith\u00e9rapeute de demain occupera une place dans le quotidien des personnes avec un grand r\u00f4le d\u2019\u00e9ducation et de conseils pour que le patient soit pleinement acteur de sa sant\u00e9. Il prendra une grande part dans <\/span><a href=\"https:\/\/kineoweb.fr\/kineoblog\/category\/prevention\/\"><span style=\"font-weight: 400;\">la pr\u00e9vention<\/span><\/a><span style=\"font-weight: 400;\">.<\/span><\/p>\n<p><span style=\"font-weight: 400;\">Il faudra \u00e9galement ajouter la dimension bio-psycho-sociale qui joue un r\u00f4le majeur dans la prise en charge des patients et que l\u2019on peut constater notamment avec l\u2019isolement social d\u00fb au contexte sanitaire actuel.<\/span><\/p>\n<p><span style=\"font-weight: 400;\">Le kin\u00e9sith\u00e9rapeute occupera une place dans l\u2019expertise des techniques r\u00e9\u00e9ducatives avec une implication dans la mise en place et l\u2019\u00e9valuation de nouveaux protocoles permettant une <\/span><span style=\"font-weight: 400;\">am\u00e9lioration continue de nos prises en charge.<\/span><\/p>\n<p>[\/et_pb_text][\/et_pb_column][\/et_pb_row][et_pb_row admin_label=\u00a0\u00bbLigne\u00a0\u00bb module_class=\u00a0\u00bb et_pb_row_fullwidth\u00a0\u00bb _builder_version=\u00a0\u00bb3.25&Prime; background_size=\u00a0\u00bbinitial\u00a0\u00bb background_position=\u00a0\u00bbtop_left\u00a0\u00bb background_repeat=\u00a0\u00bbrepeat\u00a0\u00bb width=\u00a0\u00bb89%\u00a0\u00bb width_tablet=\u00a0\u00bb80%\u00a0\u00bb width_phone=\u00a0\u00bb\u00a0\u00bb width_last_edited=\u00a0\u00bbon|desktop\u00a0\u00bb max_width=\u00a0\u00bb89%\u00a0\u00bb max_width_tablet=\u00a0\u00bb80%\u00a0\u00bb max_width_phone=\u00a0\u00bb\u00a0\u00bb max_width_last_edited=\u00a0\u00bbon|desktop\u00a0\u00bb make_fullwidth=\u00a0\u00bbon\u00a0\u00bb][et_pb_column type=\u00a0\u00bb4_4&Prime; _builder_version=\u00a0\u00bb3.25&Prime; custom_padding=\u00a0\u00bb|||\u00a0\u00bb custom_padding__hover=\u00a0\u00bb|||\u00a0\u00bb][et_pb_image src=\u00a0\u00bbhttps:\/\/kineoweb.fr\/kineoblog\/wp-content\/uploads\/sites\/2\/2020\/12\/baniere-paysage.png\u00a0\u00bb alt=\u00a0\u00bbSite web agenda kin\u00e9\u00a0\u00bb title_text=\u00a0\u00bbbaniere paysage\u00a0\u00bb url=\u00a0\u00bbhttps:\/\/kineoweb.fr\/notre-offre\/\u00a0\u00bb url_new_window=\u00a0\u00bbon\u00a0\u00bb force_fullwidth=\u00a0\u00bbon\u00a0\u00bb align_tablet=\u00a0\u00bbcenter\u00a0\u00bb align_phone=\u00a0\u00bb\u00a0\u00bb align_last_edited=\u00a0\u00bbon|desktop\u00a0\u00bb admin_label=\u00a0\u00bbImage\u00a0\u00bb _builder_version=\u00a0\u00bb4.5.8&Prime; use_border_color=\u00a0\u00bboff\u00a0\u00bb border_color=\u00a0\u00bb#ffffff\u00a0\u00bb border_style=\u00a0\u00bbsolid\u00a0\u00bb animation=\u00a0\u00bboff\u00a0\u00bb sticky=\u00a0\u00bboff\u00a0\u00bb][\/et_pb_image][\/et_pb_column][\/et_pb_row][\/et_pb_section]<\/p>\n","protected":false},"excerpt":{"rendered":"<p>La mucoviscidose concerne 200 nouveaux n\u00e9s chaque ann\u00e9e. Florian Watteau se lance dans un d\u00e9fi sportif afin d\u2019aider les personnes atteintes de mucoviscidose. Nous pouvons tous participer \u00e0 sa r\u00e9ussite en soutenant son projet pour la lutte contre la mucoviscidose. &nbsp; Pouvez-vous vous pr\u00e9senter et nous pr\u00e9senter les origines de votre projet. Je m\u2019appelle Florian [&hellip;]<\/p>\n","protected":false},"author":1,"featured_media":1126,"comment_status":"open","ping_status":"open","sticky":false,"template":"","format":"standard","meta":{"_et_pb_use_builder":"on","_et_pb_old_content":"","_et_gb_content_width":"","_monsterinsights_skip_tracking":false,"_monsterinsights_sitenote_active":false,"_monsterinsights_sitenote_note":"","_monsterinsights_sitenote_category":0,"_jetpack_memberships_contains_paid_content":false,"footnotes":""},"categories":[2],"tags":[],"class_list":["post-1125","post","type-post","status-publish","format-standard","has-post-thumbnail","hentry","category-actualite"],"yoast_head":"<!-- This site is optimized with the Yoast SEO plugin v27.4 - https:\/\/yoast.com\/product\/yoast-seo-wordpress\/ -->\n<title>Le d\u00e9fi de Florian Watteau pour la lutte contre la Mucoviscidose<\/title>\n<meta name=\"description\" content=\"Cliquez ici pour soutenir la lutte contre la mucoviscidose avec Florian Watteau, kin\u00e9sith\u00e9rapeute engag\u00e9 dans la Course des H\u00e9ros.\" \/>\n<meta name=\"robots\" content=\"index, follow, max-snippet:-1, max-image-preview:large, max-video-preview:-1\" \/>\n<link rel=\"canonical\" href=\"https:\/\/kineoweb.fr\/kineoblog\/lutte-contre-mucoviscidose\/\" \/>\n<meta property=\"og:locale\" content=\"fr_FR\" \/>\n<meta property=\"og:type\" content=\"article\" \/>\n<meta property=\"og:title\" content=\"Le d\u00e9fi de Florian Watteau pour la lutte contre la Mucoviscidose\" \/>\n<meta property=\"og:description\" content=\"Cliquez ici pour soutenir la lutte contre la mucoviscidose avec Florian Watteau, kin\u00e9sith\u00e9rapeute engag\u00e9 dans la Course des H\u00e9ros.\" \/>\n<meta property=\"og:url\" content=\"https:\/\/kineoweb.fr\/kineoblog\/lutte-contre-mucoviscidose\/\" \/>\n<meta property=\"og:site_name\" content=\"Kin\u00e9Oblog\" \/>\n<meta property=\"article:publisher\" content=\"https:\/\/www.facebook.com\/Kin%c3%a9Oweb-1551479311825491\/?ref=aymt_homepage_panel\" \/>\n<meta property=\"article:published_time\" content=\"2021-05-03T06:17:31+00:00\" \/>\n<meta property=\"article:modified_time\" content=\"2021-05-03T06:18:35+00:00\" \/>\n<meta property=\"og:image\" content=\"https:\/\/kineoweb.fr\/kineoblog\/wp-content\/uploads\/sites\/2\/2021\/05\/Lutte-contre-mucoviscidose.jpg\" \/>\n\t<meta property=\"og:image:width\" content=\"640\" \/>\n\t<meta property=\"og:image:height\" content=\"360\" \/>\n\t<meta property=\"og:image:type\" content=\"image\/jpeg\" \/>\n<meta name=\"author\" content=\"kineoweb\" \/>\n<meta name=\"twitter:card\" content=\"summary_large_image\" \/>\n<meta name=\"twitter:label1\" content=\"\u00c9crit par\" \/>\n\t<meta name=\"twitter:data1\" content=\"kineoweb\" \/>\n<script type=\"application\/ld+json\" class=\"yoast-schema-graph\">{\"@context\":\"https:\\\/\\\/schema.org\",\"@graph\":[{\"@type\":\"Article\",\"@id\":\"https:\\\/\\\/kineoweb.fr\\\/kineoblog\\\/lutte-contre-mucoviscidose\\\/#article\",\"isPartOf\":{\"@id\":\"https:\\\/\\\/kineoweb.fr\\\/kineoblog\\\/lutte-contre-mucoviscidose\\\/\"},\"author\":{\"name\":\"kineoweb\",\"@id\":\"https:\\\/\\\/kineoweb.fr\\\/kineoblog\\\/#\\\/schema\\\/person\\\/276328f3f20d571a6313a40a82bab4ea\"},\"headline\":\"Le d\u00e9fi de Florian Watteau pour la lutte contre la Mucoviscidose\",\"datePublished\":\"2021-05-03T06:17:31+00:00\",\"dateModified\":\"2021-05-03T06:18:35+00:00\",\"mainEntityOfPage\":{\"@id\":\"https:\\\/\\\/kineoweb.fr\\\/kineoblog\\\/lutte-contre-mucoviscidose\\\/\"},\"wordCount\":1177,\"commentCount\":0,\"image\":{\"@id\":\"https:\\\/\\\/kineoweb.fr\\\/kineoblog\\\/lutte-contre-mucoviscidose\\\/#primaryimage\"},\"thumbnailUrl\":\"https:\\\/\\\/i0.wp.com\\\/kineoweb.fr\\\/kineoblog\\\/wp-content\\\/uploads\\\/sites\\\/2\\\/2021\\\/05\\\/Lutte-contre-mucoviscidose.jpg?fit=640%2C360&ssl=1\",\"articleSection\":[\"Actualit\u00e9\"],\"inLanguage\":\"fr-FR\",\"potentialAction\":[{\"@type\":\"CommentAction\",\"name\":\"Comment\",\"target\":[\"https:\\\/\\\/kineoweb.fr\\\/kineoblog\\\/lutte-contre-mucoviscidose\\\/#respond\"]}]},{\"@type\":\"WebPage\",\"@id\":\"https:\\\/\\\/kineoweb.fr\\\/kineoblog\\\/lutte-contre-mucoviscidose\\\/\",\"url\":\"https:\\\/\\\/kineoweb.fr\\\/kineoblog\\\/lutte-contre-mucoviscidose\\\/\",\"name\":\"Le d\u00e9fi de Florian Watteau pour la lutte contre la Mucoviscidose\",\"isPartOf\":{\"@id\":\"https:\\\/\\\/kineoweb.fr\\\/kineoblog\\\/#website\"},\"primaryImageOfPage\":{\"@id\":\"https:\\\/\\\/kineoweb.fr\\\/kineoblog\\\/lutte-contre-mucoviscidose\\\/#primaryimage\"},\"image\":{\"@id\":\"https:\\\/\\\/kineoweb.fr\\\/kineoblog\\\/lutte-contre-mucoviscidose\\\/#primaryimage\"},\"thumbnailUrl\":\"https:\\\/\\\/i0.wp.com\\\/kineoweb.fr\\\/kineoblog\\\/wp-content\\\/uploads\\\/sites\\\/2\\\/2021\\\/05\\\/Lutte-contre-mucoviscidose.jpg?fit=640%2C360&ssl=1\",\"datePublished\":\"2021-05-03T06:17:31+00:00\",\"dateModified\":\"2021-05-03T06:18:35+00:00\",\"author\":{\"@id\":\"https:\\\/\\\/kineoweb.fr\\\/kineoblog\\\/#\\\/schema\\\/person\\\/276328f3f20d571a6313a40a82bab4ea\"},\"description\":\"Cliquez ici pour soutenir la lutte contre la mucoviscidose avec Florian Watteau, kin\u00e9sith\u00e9rapeute engag\u00e9 dans la Course des H\u00e9ros.\",\"breadcrumb\":{\"@id\":\"https:\\\/\\\/kineoweb.fr\\\/kineoblog\\\/lutte-contre-mucoviscidose\\\/#breadcrumb\"},\"inLanguage\":\"fr-FR\",\"potentialAction\":[{\"@type\":\"ReadAction\",\"target\":[\"https:\\\/\\\/kineoweb.fr\\\/kineoblog\\\/lutte-contre-mucoviscidose\\\/\"]}]},{\"@type\":\"ImageObject\",\"inLanguage\":\"fr-FR\",\"@id\":\"https:\\\/\\\/kineoweb.fr\\\/kineoblog\\\/lutte-contre-mucoviscidose\\\/#primaryimage\",\"url\":\"https:\\\/\\\/i0.wp.com\\\/kineoweb.fr\\\/kineoblog\\\/wp-content\\\/uploads\\\/sites\\\/2\\\/2021\\\/05\\\/Lutte-contre-mucoviscidose.jpg?fit=640%2C360&ssl=1\",\"contentUrl\":\"https:\\\/\\\/i0.wp.com\\\/kineoweb.fr\\\/kineoblog\\\/wp-content\\\/uploads\\\/sites\\\/2\\\/2021\\\/05\\\/Lutte-contre-mucoviscidose.jpg?fit=640%2C360&ssl=1\",\"width\":640,\"height\":360,\"caption\":\"Lutte contre la mucoviscidose\"},{\"@type\":\"BreadcrumbList\",\"@id\":\"https:\\\/\\\/kineoweb.fr\\\/kineoblog\\\/lutte-contre-mucoviscidose\\\/#breadcrumb\",\"itemListElement\":[{\"@type\":\"ListItem\",\"position\":1,\"name\":\"Accueil\",\"item\":\"https:\\\/\\\/kineoweb.fr\\\/kineoblog\\\/\"},{\"@type\":\"ListItem\",\"position\":2,\"name\":\"Le d\u00e9fi de Florian Watteau pour la lutte contre la Mucoviscidose\"}]},{\"@type\":\"WebSite\",\"@id\":\"https:\\\/\\\/kineoweb.fr\\\/kineoblog\\\/#website\",\"url\":\"https:\\\/\\\/kineoweb.fr\\\/kineoblog\\\/\",\"name\":\"Kin\u00e9Oblog\",\"description\":\"Conseils et informations pour les Kin\u00e9s et Ost\u00e9os\",\"potentialAction\":[{\"@type\":\"SearchAction\",\"target\":{\"@type\":\"EntryPoint\",\"urlTemplate\":\"https:\\\/\\\/kineoweb.fr\\\/kineoblog\\\/?s={search_term_string}\"},\"query-input\":{\"@type\":\"PropertyValueSpecification\",\"valueRequired\":true,\"valueName\":\"search_term_string\"}}],\"inLanguage\":\"fr-FR\"},{\"@type\":\"Person\",\"@id\":\"https:\\\/\\\/kineoweb.fr\\\/kineoblog\\\/#\\\/schema\\\/person\\\/276328f3f20d571a6313a40a82bab4ea\",\"name\":\"kineoweb\",\"image\":{\"@type\":\"ImageObject\",\"inLanguage\":\"fr-FR\",\"@id\":\"https:\\\/\\\/secure.gravatar.com\\\/avatar\\\/63966abb47ac008849350af90453384a20b61d9f1b4cc0fc20b34cdd2c666586?s=96&d=mm&r=g\",\"url\":\"https:\\\/\\\/secure.gravatar.com\\\/avatar\\\/63966abb47ac008849350af90453384a20b61d9f1b4cc0fc20b34cdd2c666586?s=96&d=mm&r=g\",\"contentUrl\":\"https:\\\/\\\/secure.gravatar.com\\\/avatar\\\/63966abb47ac008849350af90453384a20b61d9f1b4cc0fc20b34cdd2c666586?s=96&d=mm&r=g\",\"caption\":\"kineoweb\"},\"url\":\"https:\\\/\\\/kineoweb.fr\\\/kineoblog\\\/author\\\/kineoweb\\\/\"}]}<\/script>\n<!-- \/ Yoast SEO plugin. -->","yoast_head_json":{"title":"Le d\u00e9fi de Florian Watteau pour la lutte contre la Mucoviscidose","description":"Cliquez ici pour soutenir la lutte contre la mucoviscidose avec Florian Watteau, kin\u00e9sith\u00e9rapeute engag\u00e9 dans la Course des H\u00e9ros.","robots":{"index":"index","follow":"follow","max-snippet":"max-snippet:-1","max-image-preview":"max-image-preview:large","max-video-preview":"max-video-preview:-1"},"canonical":"https:\/\/kineoweb.fr\/kineoblog\/lutte-contre-mucoviscidose\/","og_locale":"fr_FR","og_type":"article","og_title":"Le d\u00e9fi de Florian Watteau pour la lutte contre la Mucoviscidose","og_description":"Cliquez ici pour soutenir la lutte contre la mucoviscidose avec Florian Watteau, kin\u00e9sith\u00e9rapeute engag\u00e9 dans la Course des H\u00e9ros.","og_url":"https:\/\/kineoweb.fr\/kineoblog\/lutte-contre-mucoviscidose\/","og_site_name":"Kin\u00e9Oblog","article_publisher":"https:\/\/www.facebook.com\/Kin%c3%a9Oweb-1551479311825491\/?ref=aymt_homepage_panel","article_published_time":"2021-05-03T06:17:31+00:00","article_modified_time":"2021-05-03T06:18:35+00:00","og_image":[{"width":640,"height":360,"url":"https:\/\/kineoweb.fr\/kineoblog\/wp-content\/uploads\/sites\/2\/2021\/05\/Lutte-contre-mucoviscidose.jpg","type":"image\/jpeg"}],"author":"kineoweb","twitter_card":"summary_large_image","twitter_misc":{"\u00c9crit par":"kineoweb"},"schema":{"@context":"https:\/\/schema.org","@graph":[{"@type":"Article","@id":"https:\/\/kineoweb.fr\/kineoblog\/lutte-contre-mucoviscidose\/#article","isPartOf":{"@id":"https:\/\/kineoweb.fr\/kineoblog\/lutte-contre-mucoviscidose\/"},"author":{"name":"kineoweb","@id":"https:\/\/kineoweb.fr\/kineoblog\/#\/schema\/person\/276328f3f20d571a6313a40a82bab4ea"},"headline":"Le d\u00e9fi de Florian Watteau pour la lutte contre la Mucoviscidose","datePublished":"2021-05-03T06:17:31+00:00","dateModified":"2021-05-03T06:18:35+00:00","mainEntityOfPage":{"@id":"https:\/\/kineoweb.fr\/kineoblog\/lutte-contre-mucoviscidose\/"},"wordCount":1177,"commentCount":0,"image":{"@id":"https:\/\/kineoweb.fr\/kineoblog\/lutte-contre-mucoviscidose\/#primaryimage"},"thumbnailUrl":"https:\/\/i0.wp.com\/kineoweb.fr\/kineoblog\/wp-content\/uploads\/sites\/2\/2021\/05\/Lutte-contre-mucoviscidose.jpg?fit=640%2C360&ssl=1","articleSection":["Actualit\u00e9"],"inLanguage":"fr-FR","potentialAction":[{"@type":"CommentAction","name":"Comment","target":["https:\/\/kineoweb.fr\/kineoblog\/lutte-contre-mucoviscidose\/#respond"]}]},{"@type":"WebPage","@id":"https:\/\/kineoweb.fr\/kineoblog\/lutte-contre-mucoviscidose\/","url":"https:\/\/kineoweb.fr\/kineoblog\/lutte-contre-mucoviscidose\/","name":"Le d\u00e9fi de Florian Watteau pour la lutte contre la Mucoviscidose","isPartOf":{"@id":"https:\/\/kineoweb.fr\/kineoblog\/#website"},"primaryImageOfPage":{"@id":"https:\/\/kineoweb.fr\/kineoblog\/lutte-contre-mucoviscidose\/#primaryimage"},"image":{"@id":"https:\/\/kineoweb.fr\/kineoblog\/lutte-contre-mucoviscidose\/#primaryimage"},"thumbnailUrl":"https:\/\/i0.wp.com\/kineoweb.fr\/kineoblog\/wp-content\/uploads\/sites\/2\/2021\/05\/Lutte-contre-mucoviscidose.jpg?fit=640%2C360&ssl=1","datePublished":"2021-05-03T06:17:31+00:00","dateModified":"2021-05-03T06:18:35+00:00","author":{"@id":"https:\/\/kineoweb.fr\/kineoblog\/#\/schema\/person\/276328f3f20d571a6313a40a82bab4ea"},"description":"Cliquez ici pour soutenir la lutte contre la mucoviscidose avec Florian Watteau, kin\u00e9sith\u00e9rapeute engag\u00e9 dans la Course des H\u00e9ros.","breadcrumb":{"@id":"https:\/\/kineoweb.fr\/kineoblog\/lutte-contre-mucoviscidose\/#breadcrumb"},"inLanguage":"fr-FR","potentialAction":[{"@type":"ReadAction","target":["https:\/\/kineoweb.fr\/kineoblog\/lutte-contre-mucoviscidose\/"]}]},{"@type":"ImageObject","inLanguage":"fr-FR","@id":"https:\/\/kineoweb.fr\/kineoblog\/lutte-contre-mucoviscidose\/#primaryimage","url":"https:\/\/i0.wp.com\/kineoweb.fr\/kineoblog\/wp-content\/uploads\/sites\/2\/2021\/05\/Lutte-contre-mucoviscidose.jpg?fit=640%2C360&ssl=1","contentUrl":"https:\/\/i0.wp.com\/kineoweb.fr\/kineoblog\/wp-content\/uploads\/sites\/2\/2021\/05\/Lutte-contre-mucoviscidose.jpg?fit=640%2C360&ssl=1","width":640,"height":360,"caption":"Lutte contre la mucoviscidose"},{"@type":"BreadcrumbList","@id":"https:\/\/kineoweb.fr\/kineoblog\/lutte-contre-mucoviscidose\/#breadcrumb","itemListElement":[{"@type":"ListItem","position":1,"name":"Accueil","item":"https:\/\/kineoweb.fr\/kineoblog\/"},{"@type":"ListItem","position":2,"name":"Le d\u00e9fi de Florian Watteau pour la lutte contre la Mucoviscidose"}]},{"@type":"WebSite","@id":"https:\/\/kineoweb.fr\/kineoblog\/#website","url":"https:\/\/kineoweb.fr\/kineoblog\/","name":"Kin\u00e9Oblog","description":"Conseils et informations pour les Kin\u00e9s et Ost\u00e9os","potentialAction":[{"@type":"SearchAction","target":{"@type":"EntryPoint","urlTemplate":"https:\/\/kineoweb.fr\/kineoblog\/?s={search_term_string}"},"query-input":{"@type":"PropertyValueSpecification","valueRequired":true,"valueName":"search_term_string"}}],"inLanguage":"fr-FR"},{"@type":"Person","@id":"https:\/\/kineoweb.fr\/kineoblog\/#\/schema\/person\/276328f3f20d571a6313a40a82bab4ea","name":"kineoweb","image":{"@type":"ImageObject","inLanguage":"fr-FR","@id":"https:\/\/secure.gravatar.com\/avatar\/63966abb47ac008849350af90453384a20b61d9f1b4cc0fc20b34cdd2c666586?s=96&d=mm&r=g","url":"https:\/\/secure.gravatar.com\/avatar\/63966abb47ac008849350af90453384a20b61d9f1b4cc0fc20b34cdd2c666586?s=96&d=mm&r=g","contentUrl":"https:\/\/secure.gravatar.com\/avatar\/63966abb47ac008849350af90453384a20b61d9f1b4cc0fc20b34cdd2c666586?s=96&d=mm&r=g","caption":"kineoweb"},"url":"https:\/\/kineoweb.fr\/kineoblog\/author\/kineoweb\/"}]}},"jetpack_featured_media_url":"https:\/\/i0.wp.com\/kineoweb.fr\/kineoblog\/wp-content\/uploads\/sites\/2\/2021\/05\/Lutte-contre-mucoviscidose.jpg?fit=640%2C360&ssl=1","jetpack_sharing_enabled":true,"_links":{"self":[{"href":"https:\/\/kineoweb.fr\/kineoblog\/wp-json\/wp\/v2\/posts\/1125","targetHints":{"allow":["GET"]}}],"collection":[{"href":"https:\/\/kineoweb.fr\/kineoblog\/wp-json\/wp\/v2\/posts"}],"about":[{"href":"https:\/\/kineoweb.fr\/kineoblog\/wp-json\/wp\/v2\/types\/post"}],"author":[{"embeddable":true,"href":"https:\/\/kineoweb.fr\/kineoblog\/wp-json\/wp\/v2\/users\/1"}],"replies":[{"embeddable":true,"href":"https:\/\/kineoweb.fr\/kineoblog\/wp-json\/wp\/v2\/comments?post=1125"}],"version-history":[{"count":3,"href":"https:\/\/kineoweb.fr\/kineoblog\/wp-json\/wp\/v2\/posts\/1125\/revisions"}],"predecessor-version":[{"id":1131,"href":"https:\/\/kineoweb.fr\/kineoblog\/wp-json\/wp\/v2\/posts\/1125\/revisions\/1131"}],"wp:featuredmedia":[{"embeddable":true,"href":"https:\/\/kineoweb.fr\/kineoblog\/wp-json\/wp\/v2\/media\/1126"}],"wp:attachment":[{"href":"https:\/\/kineoweb.fr\/kineoblog\/wp-json\/wp\/v2\/media?parent=1125"}],"wp:term":[{"taxonomy":"category","embeddable":true,"href":"https:\/\/kineoweb.fr\/kineoblog\/wp-json\/wp\/v2\/categories?post=1125"},{"taxonomy":"post_tag","embeddable":true,"href":"https:\/\/kineoweb.fr\/kineoblog\/wp-json\/wp\/v2\/tags?post=1125"}],"curies":[{"name":"wp","href":"https:\/\/api.w.org\/{rel}","templated":true}]}}